{"id":24969,"date":"2023-05-07T09:25:59","date_gmt":"2023-05-07T07:25:59","guid":{"rendered":"https:\/\/www.czechcyclingfederation.com\/?p=24969"},"modified":"2023-05-07T09:29:13","modified_gmt":"2023-05-07T07:29:13","slug":"vejvodova-a-jahoda-zajeli-famozni-silnicni-zavod-a-vezou-z-belgie-medaile","status":"publish","type":"post","link":"https:\/\/www.czechcyclingfederation.com\/en\/vejvodova-a-jahoda-zajeli-famozni-silnicni-zavod-a-vezou-z-belgie-medaile\/","title":{"rendered":"Vejvodov\u00e1 a Jahoda vezou z SP Ostend medaile!"},"content":{"rendered":"\n<p>        Sobotn\u00ed sychrav\u00fd den na SP v\u00a0Ostende se nesl ve znamen\u00ed silni\u010dn\u00edch z\u00e1vod\u016f, do kter\u00e9ho nastupili v\u0161ichni z\u00e1vodn\u00edci kategori\u00ed handbike (H) a tricykl (T). \u010cesk\u00e1 reprezentace m\u011bla ve startovn\u00edm poli hned n\u011bkolik adept\u016f na kvalitn\u00ed um\u00edst\u011bn\u00ed.<\/p>\n\n\n\n<div class=\"wp-block-media-text alignwide has-media-on-the-right is-stacked-on-mobile\" style=\"grid-template-columns:auto 44%\"><div class=\"wp-block-media-text__content\">\n<p>Jako prvn\u00ed se ne na startovn\u00ed ro\u0161\u0165 postavila Pavl\u00edna Vejvodov\u00e1 z\u00a0kategorie WT1 a postarala se o dal\u0161\u00ed senza\u010dn\u00ed st\u0159\u00edbrnou medaili! Um\u00edst\u011bn\u00edm nav\u00e1zala na svou druhou p\u0159\u00ed\u010dku z\u00a0\u010dasovky a roz\u0161\u00ed\u0159\u00ed tak svou sb\u00edrku o dal\u0161\u00ed 2 cenn\u00e9 kovy. Tren\u00e9r Pavl\u00edny, Zden\u011bk Mlyn\u00e1\u0159, hodnot\u00ed v\u00fdkon sv\u00e9 sv\u011b\u0159enkyn\u011b n\u00e1sledovn\u011b: \u201e<em>Pavl\u00edna se je\u0161t\u011b c\u00edtila ot\u0159esn\u00e1 z\u00a0p\u00e1du, kter\u00fd utrp\u011bla na tr\u00e9ninku, nicm\u00e9n\u011b podala state\u010dn\u00fd v\u00fdkon. Tro\u0161i\u010dku ji zpomalila kolize ihned po startu, kde ztratila kontakt s\u00a0Marieke van Soest a cel\u00fd z\u00e1vod jezdila cca 10 vte\u0159in od zlata. V posledn\u00edm kole se tro\u0161ku zlomila a skon\u010dila druh\u00e1.\u201c<\/em><\/p>\n<\/div><figure class=\"wp-block-media-text__media\"><img loading=\"lazy\" decoding=\"async\" width=\"923\" height=\"893\" src=\"https:\/\/www.czechcyclingfederation.com\/wp-content\/uploads\/2023\/05\/Pavlina-stupne.jpg\" alt=\"\" class=\"wp-image-24982 size-full\" srcset=\"https:\/\/www.czechcyclingfederation.com\/wp-content\/uploads\/2023\/05\/Pavlina-stupne.jpg 923w, https:\/\/www.czechcyclingfederation.com\/wp-content\/uploads\/2023\/05\/Pavlina-stupne-207x200.jpg 207w, https:\/\/www.czechcyclingfederation.com\/wp-content\/uploads\/2023\/05\/Pavlina-stupne-768x743.jpg 768w\" sizes=\"auto, (max-width: 923px) 100vw, 923px\" \/><\/figure><\/div>\n\n\n\n<p><\/p>\n\n\n\n<div class=\"wp-block-media-text alignwide is-stacked-on-mobile is-style-default\" style=\"grid-template-columns:44% auto\"><figure class=\"wp-block-media-text__media\"><img loading=\"lazy\" decoding=\"async\" width=\"768\" height=\"1024\" src=\"https:\/\/www.czechcyclingfederation.com\/wp-content\/uploads\/2023\/05\/WhatsApp-Image-2023-05-06-at-23.36.14-768x1024.jpeg\" alt=\"\" class=\"wp-image-24970 size-full\" srcset=\"https:\/\/www.czechcyclingfederation.com\/wp-content\/uploads\/2023\/05\/WhatsApp-Image-2023-05-06-at-23.36.14-768x1024.jpeg 768w, https:\/\/www.czechcyclingfederation.com\/wp-content\/uploads\/2023\/05\/WhatsApp-Image-2023-05-06-at-23.36.14-150x200.jpeg 150w, https:\/\/www.czechcyclingfederation.com\/wp-content\/uploads\/2023\/05\/WhatsApp-Image-2023-05-06-at-23.36.14-1152x1536.jpeg 1152w, https:\/\/www.czechcyclingfederation.com\/wp-content\/uploads\/2023\/05\/WhatsApp-Image-2023-05-06-at-23.36.14-1320x1760.jpeg 1320w, https:\/\/www.czechcyclingfederation.com\/wp-content\/uploads\/2023\/05\/WhatsApp-Image-2023-05-06-at-23.36.14.jpeg 1500w\" sizes=\"auto, (max-width: 768px) 100vw, 768px\" \/><\/figure><div class=\"wp-block-media-text__content\">\n<p>Vynikaj\u00edc\u00ed silni\u010dn\u00ed z\u00e1vod zajel tak\u00e9 Patrik Jahoda, kter\u00fd musel spolknout velmi ho\u0159kou pilulku po sv\u00e9 \u010dtvrte\u010dn\u00ed \u010dasovce, kde podal \u017eivotn\u00ed v\u00fdkon, av\u0161ak musel se velmi t\u011bsn\u011b spokojit se \u010dtvrt\u00fdm m\u00edstem. Silni\u010dn\u00ed z\u00e1vod zvl\u00e1dl na v\u00fdbornou a vybojoval t\u0159et\u00ed, tedy bronzovou p\u0159\u00ed\u010dku. &#8220;<em>Dne\u0161ek pro m\u011b byl snad nejd\u016fle\u017eit\u011bj\u0161\u00ed z\u00e1vod v \u017eivot\u011b. Po \u010dasovce jsem byl v obrovsk\u00e9 depresi. I p\u0159es super v\u00fdkon jsem skon\u010dil a\u017e \u010dtvrt\u00fd. V silni\u010dn\u00edm z\u00e1vod\u011b jsem si cht\u011bl zlep\u0161it n\u00e1ladu, ale up\u0159\u00edmn\u011b jsem moc nev\u011b\u0159il, \u017ee se dok\u00e1\u017eu dostat na bednu. Po startu bohu\u017eel u\u017e tradi\u010dn\u011b ujel Belgi\u010dan s Italem a j\u00e1 byl ve skupin\u011b s dal\u0161\u00edmi p\u011bti z\u00e1vodn\u00edky. Spolu s Ameri\u010danem Wilcoxem jsme ud\u00e1vali tempo a postupn\u011b se zbavili ostatn\u00edch \u010dlen\u016f skupiny. Oba jsme spolupracovali a cht\u011bli jsme dojet vedouc\u00ed dva z\u00e1vodn\u00edky. Povedlo se n\u00e1m je st\u00e1hnout na pouh\u00fdch dvan\u00e1ct vte\u0159in, u\u017e jsme je vid\u011bli kousek p\u0159ed sebou, ale nakonec n\u00e1m do\u0161ly s\u00edly a bojovali jsme mezi sebou o bronz. Na za\u010d\u00e1tku posledn\u00edho kola jsem za\u00fato\u010dil na kostkovan\u00e9m \u00faseku a postupn\u011b jsem si na Ameri\u010dana vypracoval t\u0159icet vte\u0159in n\u00e1skok, kter\u00fd jsem udr\u017eel a\u017e do c\u00edle a dojel si pro bronz. Byl to opravdu n\u00e1dhern\u00fd z\u00e1vod.<\/em>&#8221; Hodnotil Patrik sv\u016fj silni\u010dn\u00ed z\u00e1vod v\u00a0Ostende. Spokojen\u00e1 se sv\u00fdm v\u00fdsledkem byla tak\u00e9 handbikerka Katka Anto\u0161ov\u00e1, kter\u00e1 dokon\u010dila z\u00e1vod na 9.m\u00edst\u011b a vylep\u0161ila tak o jedno m\u00edsto sv\u016fj v\u00fdkon z\u00a0\u010dasovky.<\/p>\n<\/div><\/div>\n\n\n\n<p><\/p>\n\n\n\n<div class=\"wp-block-media-text alignwide has-media-on-the-right is-stacked-on-mobile\"><div class=\"wp-block-media-text__content\">\n<p>Velkou pod\u00edvanou nab\u00eddnul z\u00e1vod kategorie MH3. \u010ce\u0161t\u00ed borci \u2013 Va\u0161ek Antal, Tom\u00e1\u0161 Mo\u0161ni\u010dka a Pavel D\u011bck\u00fd startovali ze zadn\u00edch pozic a museli se \u201eprob\u00edjet\u201c bezm\u00e1la 50ti \u010dlenn\u00fdm pelotonem dop\u0159edu. Nejl\u00e9pe se v\u00a0tomto ohledu da\u0159ilo Va\u0161kovi Antalovi, kter\u00fd do posledn\u00edho kola bojoval o um\u00edst\u011bn\u00ed v\u00a0TOP 12. Rovinat\u00e1 tra\u0165 v\u00a0Ostende Va\u0161kovi sed\u00ed a sv\u016fj v\u00fdkon hodnot\u00ed takto: \u201e<em>Start z p\u0159edposledn\u00ed \u0159ady. Probojovat se do prvn\u00ed skupiny p\u0159es cca 50 z\u00e1vodn\u00edk\u016f<\/em> <em>u\u017e bylo nad m\u00e9 s\u00edly, a tak jsem bojoval v druh\u00e9 skupin\u011b o Top 12, ale nakonec to sta\u010dilo &#8220;pouze&#8221; na 15. m\u00edsto.<\/em>\u201c Mo\u0161ni\u010dka dokon\u010dil z\u00e1vod na 28.m\u00edst\u011b. D\u011bck\u00fd nakonec obsadil 36. pozici. Silni\u010dn\u00ed z\u00e1vod v\u00a0kategorii MH4 odjel tak\u00e9 Du\u0161an Ju\u0159i\u010dka, kter\u00fd v\u00a0Ostende hlavn\u011b sb\u00edral cenn\u00e9 zku\u0161enosti a um\u00edstil se na 24.m\u00edst\u011b.<\/p>\n<\/div><figure class=\"wp-block-media-text__media\"><img decoding=\"async\" src=\"https:\/\/www.czechcyclingfederation.com\/wp-content\/uploads\/2023\/05\/WhatsApp-Image-2023-05-06-at-23.36.11-1024x768.jpeg\" alt=\"\" class=\"wp-image-24972 size-full\"\/><\/figure><\/div>\n\n\n\n<p><\/p>\n\n\n\n<p>Um\u00edst\u011bn\u00ed z&nbsp;\u010dasovky zopakovali kluci z&nbsp;kategorie MT1, akor\u00e1t v&nbsp;opa\u010dn\u00e9m gardu. Roman \u0160ejna se um\u00edstil des\u00e1t\u00fd a o jedno m\u00edsto tak p\u0159ekonal sv\u00e9ho t\u00fdmov\u00e9ho kolegu \u2013 Petra Bergra. Z\u00e1vod obou borc\u016f hodnot\u00ed jejich tren\u00e9r \u2013 Zden\u011bk Mlyn\u00e1\u0159: \u201e<em>Petr zajel slu\u0161n\u00fd v\u00fdsledek, jel \u00fapln\u011b naplno, ale na v\u00edc, ne\u017e 11. m\u00edsto to nesta\u010dilo a Roman po zdravotn\u00edch komplikac\u00edch jel sice l\u00e9pe ne\u017e na \u010dasovce, ale v\u00edc jak 10. m\u00edsto se nedalo o\u010dek\u00e1vat.<\/em>\u201c<\/p>\n\n\n\n<p>Velmi \u00fasp\u011b\u0161n\u00fd den vyhodnotil reprezenta\u010dn\u00ed kou\u010d Luk\u00e1\u0161 Petr t\u011bmito slovy: \u201e<em>Patrik jel od za\u010d\u00e1tku z\u00e1vodu ve dvojici s americk\u00fdm soupe\u0159em o t\u0159et\u00ed m\u00edsto. Spole\u010dn\u011b se sna\u017eili dostihnout vedouc\u00ed dvojici, v posledn\u00edm kole se v\u0161ak Patrikovi poda\u0159ilo od sv\u00e9ho soka odpoutat a neohro\u017een\u011b si dojel pro bronzovou medaili. Radost n\u00e1m ud\u011blala i Pavl\u00edna, vedouc\u00ed z\u00e1vodnici m\u011bla cel\u00fd z\u00e1vod na dohled a bezpe\u010dn\u011b kontrolovala druhou p\u0159\u00ed\u010dku. Bojovn\u00fd v\u00fdkon na z\u00e1v\u011br dne p\u0159edvedl Va\u0161ek, ze zadn\u00edch pozic na startu p\u0159edjel v\u00edce ne\u017e t\u0159icet soupe\u0159\u016f a dokon\u010dil na hezk\u00e9m 15.m\u00edst\u011b. Za dne\u0161n\u00ed den chci pochv\u00e1lit celou \u010ceskou v\u00fdpravu za vzornou reprezentaci.<\/em>\u201c<\/p>\n\n\n\n<p>Z\u00edtra na n\u00e1s \u010dek\u00e1 posledn\u00ed den sv\u011btov\u00e9ho poh\u00e1ru v\u00a0Ostende a p\u0159edstav\u00ed se n\u00e1m Ivo Koblasa (MC2) v\u00a0boj\u00edch o cenn\u00e9 kovy s\u00a0velkou konkurenc\u00ed.<\/p>\n\n\n\n<p><strong><u>V\u00fdsledkov\u00fd servis<\/u><\/strong><\/p>\n\n\n\n<p><strong>WT1<\/strong><\/p>\n\n\n\n<ol class=\"wp-block-list\" type=\"1\">\n<li>VAN SOEST, Marieke (NED) 1:03:37<\/li>\n\n\n\n<li><strong>VEJVODOV\u00c1, Pavl\u00edna (CZE) 1:04:38 (+01:01)<\/strong><\/li>\n\n\n\n<li>GAUTIER, Shelley (CAN) 1:11:01 (+07:24)<\/li>\n<\/ol>\n\n\n\n<p><strong>MH1<\/strong><\/p>\n\n\n\n<ol class=\"wp-block-list\" type=\"1\">\n<li>HORDIES, Maxime (BEL) 1:38:00<\/li>\n\n\n\n<li>CORNEGLIANI, Fabrizio (ITA) 1:38:04 (+00:04)<\/li>\n\n\n\n<li><strong>JAHODA, Patrik (CZE) 1:39:32 (+01:32)<\/strong><\/li>\n<\/ol>\n\n\n\n<p><strong>WH3<\/strong><\/p>\n\n\n\n<ol class=\"wp-block-list\" type=\"1\">\n<li>ZEYEN, Annika (GER) 1:45:49<\/li>\n\n\n\n<li>PARKER, Lauren (AUS) 1:45:49 (+00:00)<\/li>\n\n\n\n<li>LI, Huaxian (CHN) 1:46:02 (+00:13) \u2026 <strong>9. ANTO\u0160OV\u00c1, Kate\u0159ina (CZE) 1:58:05 (+12:16)<\/strong><\/li>\n<\/ol>\n\n\n\n<p><strong>MH3<\/strong><\/p>\n\n\n\n<ol class=\"wp-block-list\" type=\"1\">\n<li>DEBERG, Jean-Francois (BEL) 1:42:34<\/li>\n\n\n\n<li>TARSIM, Riadh (FRA) 1:42:34 (+00:00)<\/li>\n\n\n\n<li>QUAILE, Johan (FRA) 1:42:34 (+00:00) \u2026 <strong>15. ANTAL, V\u00e1clav (CZE) 1:43:56 (+01:22)<\/strong> \u2026 <strong>28. MO\u0160NI\u010cKA, Tom\u00e1\u0161 (CZE) 1:54:50 (+12:16) <\/strong>\u2026 <strong>36. D\u011aCK\u00dd, Pavel (CZE) (-1 kolo)<\/strong><\/li>\n<\/ol>\n\n\n\n<p><strong>MT1<\/strong><\/p>\n\n\n\n<ol class=\"wp-block-list\" type=\"1\">\n<li>LU, Rongfei (CHN) 0:57:52<\/li>\n\n\n\n<li>CHEN, Jianxin (CHN) 0:57:52 (+00:00)<\/li>\n\n\n\n<li>FARRONI, Giorgio (ITA) 0:57:52 (+00:00) \u2026 <strong>10. \u0160EJNA, Roman (CZE) 1:05:28 (+07:36)<\/strong> \u2026 <strong>11. BERGER, Petr (CZE) 1:05:57 (+08:05)<\/strong><\/li>\n<\/ol>\n\n\n\n<p><strong>MH4<\/strong><\/p>\n\n\n\n<ol class=\"wp-block-list\" type=\"1\">\n<li>FRITSCH, Joseph (FRA) 1:39:51<\/li>\n\n\n\n<li>VAN DE STEENE, Jonas (BEL) 1:39:51 (+00:00)<\/li>\n\n\n\n<li>BOSREDON, Mathieu (FRA) 1:39:51 (+00:00) \u2026 <strong>24. JU\u0158I\u010cKA, Du\u0161an (CZE) (-1 kolo)<\/strong><\/li>\n<\/ol>\n\n\n\n<figure class=\"wp-block-image size-large\"><img loading=\"lazy\" decoding=\"async\" width=\"768\" height=\"1024\" src=\"http:\/\/www.czechcyclingfederation.com\/wp-content\/uploads\/2023\/05\/WhatsApp-Image-2023-05-06-at-23.36.13-768x1024.jpeg\" alt=\"\" class=\"wp-image-24980\" srcset=\"https:\/\/www.czechcyclingfederation.com\/wp-content\/uploads\/2023\/05\/WhatsApp-Image-2023-05-06-at-23.36.13-768x1024.jpeg 768w, https:\/\/www.czechcyclingfederation.com\/wp-content\/uploads\/2023\/05\/WhatsApp-Image-2023-05-06-at-23.36.13-150x200.jpeg 150w, https:\/\/www.czechcyclingfederation.com\/wp-content\/uploads\/2023\/05\/WhatsApp-Image-2023-05-06-at-23.36.13-1152x1536.jpeg 1152w, https:\/\/www.czechcyclingfederation.com\/wp-content\/uploads\/2023\/05\/WhatsApp-Image-2023-05-06-at-23.36.13-1320x1760.jpeg 1320w, https:\/\/www.czechcyclingfederation.com\/wp-content\/uploads\/2023\/05\/WhatsApp-Image-2023-05-06-at-23.36.13.jpeg 1500w\" sizes=\"auto, (max-width: 768px) 100vw, 768px\" \/><\/figure>\n","protected":false},"excerpt":{"rendered":"<p>Sobotn\u00ed sychrav\u00fd den na SP v\u00a0Ostende se nesl ve znamen\u00ed silni\u010dn\u00edch z\u00e1vod\u016f, do kter\u00e9ho nastupili v\u0161ichni z\u00e1vodn\u00edci kategori\u00ed handbike (H) a tricykl (T). \u010cesk\u00e1 reprezentace m\u011bla ve startovn\u00edm poli hned n\u011bkolik adept\u016f na kvalitn\u00ed um\u00edst\u011bn\u00ed. Jako prvn\u00ed se ne na startovn\u00ed ro\u0161\u0165 postavila Pavl\u00edna Vejvodov\u00e1 z\u00a0kategorie WT1 a postarala se o dal\u0161\u00ed senza\u010dn\u00ed st\u0159\u00edbrnou medaili! [&hellip;]<\/p>\n","protected":false},"author":3,"featured_media":24972,"comment_status":"closed","ping_status":"open","sticky":false,"template":"","format":"standard","meta":{"footnotes":""},"categories":[2,46,99,1],"tags":[62],"class_list":["post-24969","post","type-post","status-publish","format-standard","has-post-thumbnail","hentry","category-novinky","category-novinky-sportovni-centra","category-paracyklistika","category-uncategorized-cs","tag-paracyklistika"],"_links":{"self":[{"href":"https:\/\/www.czechcyclingfederation.com\/en\/wp-json\/wp\/v2\/posts\/24969","targetHints":{"allow":["GET"]}}],"collection":[{"href":"https:\/\/www.czechcyclingfederation.com\/en\/wp-json\/wp\/v2\/posts"}],"about":[{"href":"https:\/\/www.czechcyclingfederation.com\/en\/wp-json\/wp\/v2\/types\/post"}],"author":[{"embeddable":true,"href":"https:\/\/www.czechcyclingfederation.com\/en\/wp-json\/wp\/v2\/users\/3"}],"replies":[{"embeddable":true,"href":"https:\/\/www.czechcyclingfederation.com\/en\/wp-json\/wp\/v2\/comments?post=24969"}],"version-history":[{"count":13,"href":"https:\/\/www.czechcyclingfederation.com\/en\/wp-json\/wp\/v2\/posts\/24969\/revisions"}],"predecessor-version":[{"id":24991,"href":"https:\/\/www.czechcyclingfederation.com\/en\/wp-json\/wp\/v2\/posts\/24969\/revisions\/24991"}],"wp:featuredmedia":[{"embeddable":true,"href":"https:\/\/www.czechcyclingfederation.com\/en\/wp-json\/wp\/v2\/media\/24972"}],"wp:attachment":[{"href":"https:\/\/www.czechcyclingfederation.com\/en\/wp-json\/wp\/v2\/media?parent=24969"}],"wp:term":[{"taxonomy":"category","embeddable":true,"href":"https:\/\/www.czechcyclingfederation.com\/en\/wp-json\/wp\/v2\/categories?post=24969"},{"taxonomy":"post_tag","embeddable":true,"href":"https:\/\/www.czechcyclingfederation.com\/en\/wp-json\/wp\/v2\/tags?post=24969"}],"curies":[{"name":"wp","href":"https:\/\/api.w.org\/{rel}","templated":true}]}}