{"id":24960,"date":"2023-05-07T08:12:33","date_gmt":"2023-05-07T06:12:33","guid":{"rendered":"https:\/\/www.czechcyclingfederation.com\/?p=24960"},"modified":"2023-05-07T08:12:35","modified_gmt":"2023-05-07T06:12:35","slug":"kralovskou-etapu-zmj-ovladl-francouz-grisel-sumpik-prijel-s-favority","status":"publish","type":"post","link":"https:\/\/www.czechcyclingfederation.com\/en\/kralovskou-etapu-zmj-ovladl-francouz-grisel-sumpik-prijel-s-favority\/","title":{"rendered":"Kr\u00e1lovskou etapu ZMJ ovl\u00e1dl Francouz Grisel, \u0160ump\u00edk p\u0159ijel s favority"},"content":{"rendered":"\n<p>Francouz <strong>Matys Grisel <\/strong>vyhr\u00e1l kr\u00e1lovskou etapu 51. ro\u010dn\u00edku Z\u00e1vodu m\u00edru junior\u016f z&nbsp;Teplic do n\u011bmeck\u00e9ho Olbernhau, kter\u00e1 ne\u010dekan\u011b skon\u010dila hromadn\u00fdm dojezdem skupiny favorit\u016f, v&nbsp;n\u00ed\u017e bylo 36 cyklist\u016f v\u010detn\u011b nejlep\u0161\u00edho \u010cecha v&nbsp;z\u00e1vod\u011b <strong>Pavla \u0160ump\u00edka<\/strong>.<\/p>\n\n\n\n<p><strong>\u201e<em>Pro m\u011b to byla velmi t\u011b\u017ek\u00e1 etapa. Jako sprinter jsem v&nbsp;n\u00ed hodn\u011b trp\u011bl. St\u00e1la m\u011b dost sil, proto\u017ee tohle rozhodn\u011b nebyla etapa pro sprintery, ale dnes to bylo hodn\u011b o v\u011btru. To byl podle m\u011b hlavn\u00ed d\u016fvod, pro\u010d tolik jezdc\u016f z\u016fstalo v&nbsp;bal\u00edku a neda\u0159ilo se \u00fanik\u016fm. V\u017edy\u0165 do c\u00edle n\u00e1s jelo n\u011bjak\u00fdch \u010dty\u0159icet a j\u00e1 m\u011bl k&nbsp;dispozici prakticky cel\u00fd n\u00e1\u0161 t\u00fdm. Kluci mi to jako vlak skv\u011ble rozjeli, tak\u017ee to byla vynikaj\u00edc\u00ed t\u00fdmov\u00e1 pr\u00e1ce,\u201c<\/em> <\/strong>popsal etapu Matys Grisel, kter\u00fd v&nbsp;leto\u0161n\u00edm roce ovl\u00e1dl i juniorskou verzi slavn\u00e9ho Pa\u0159\u00ed\u017e \u2013 Roubaix.<\/p>\n\n\n\n<figure class=\"wp-block-image size-large\"><img loading=\"lazy\" decoding=\"async\" width=\"1024\" height=\"682\" src=\"https:\/\/www.czechcyclingfederation.com\/wp-content\/uploads\/2023\/05\/spurt-1024x682.jpg\" alt=\"\" class=\"wp-image-24964\" srcset=\"https:\/\/www.czechcyclingfederation.com\/wp-content\/uploads\/2023\/05\/spurt-1024x682.jpg 1024w, https:\/\/www.czechcyclingfederation.com\/wp-content\/uploads\/2023\/05\/spurt-300x200.jpg 300w, https:\/\/www.czechcyclingfederation.com\/wp-content\/uploads\/2023\/05\/spurt-768x512.jpg 768w, https:\/\/www.czechcyclingfederation.com\/wp-content\/uploads\/2023\/05\/spurt-1536x1024.jpg 1536w, https:\/\/www.czechcyclingfederation.com\/wp-content\/uploads\/2023\/05\/spurt-2048x1365.jpg 2048w, https:\/\/www.czechcyclingfederation.com\/wp-content\/uploads\/2023\/05\/spurt-1320x880.jpg 1320w\" sizes=\"auto, (max-width: 1024px) 100vw, 1024px\" \/><\/figure>\n\n\n\n<p>Na peloton \u010dekaly t\u0159i vrcha\u0159sk\u00e9 pr\u00e9mie. Vid\u011bt na nich byly i \u010desk\u00e9 barvy a dom\u00e1c\u00edm fanou\u0161k\u016fm na \u010dele d\u011blal radost terez\u00ednsk\u00fd odchovanec <strong>\u0160t\u011bp\u00e1n Zah\u00e1lka<\/strong>, kter\u00fd m\u011bl p\u0159i rozj\u00ed\u017ed\u011bn\u00ed p\u0159ed z\u00e1vodem t\u011b\u017ek\u00fd p\u00e1d, co\u017e hodn\u011b ovlivnilo jeho v\u00fdkony.<\/p>\n\n\n\n<p><strong>\u201eC\u00edtil jsem se mnohem l\u00e9pe ne\u017e v&nbsp;p\u0159edchoz\u00ed etap\u011b, ale jsem poml\u00e1cen\u00fd, tak to je jeden z&nbsp;d\u016fvod\u016f, pro\u010d tu neukazuji sv\u016fj nejlep\u0161\u00ed v\u00fdkon. Chci ale uk\u00e1zat, \u017ee m\u00e1m na v\u00edc ne\u017e doj\u00ed\u017ed\u011bt za bal\u00edkem,\u201c <\/strong><em>\u0159ekl <\/em>Zah\u00e1lka, kter\u00fd tentokr\u00e1t dojel s&nbsp;dvan\u00e1ctiminutovou ztr\u00e1tou v&nbsp;sedm\u00e9 des\u00edtce. Nejlep\u0161\u00ed z&nbsp;\u010desk\u00fdch jezdc\u016f byl \u010dty\u0159iat\u0159ic\u00e1t\u00fd Pavel \u0160ump\u00edk.<\/p>\n\n\n\n<p>V&nbsp;hlavn\u00edm poli nechyb\u011bl ani l\u00eddr pr\u016fb\u011b\u017en\u00e9 klasifikace Nor <strong>Jorgen Nordhagen<\/strong>, kter\u00fd i p\u0159ed z\u00e1v\u011bre\u010dnou \u201eterez\u00ednskou\u201c etapou dr\u017e\u00ed \u017elut\u00fd trikot s&nbsp;n\u00e1skokem patn\u00e1cti vte\u0159in na druh\u00e9ho Ameri\u010dana Andrew Augusta.<\/p>\n\n\n\n<p><strong>V\u00fdsledky \u2013 3. etapa (Teplice \u2013 Olbernhau, 117,4 km): <\/strong>1. Grisel (Fr.) 2:48:47<strong>, <\/strong>2. Philipsen (D\u00e1n.), 3. Gualdi (It.), 4. Strom (D\u00e1n.), 5. Kessler (N\u011bm.), \u2026 <strong>34. \u0160ump\u00edk<\/strong> (\u010cR) v\u0161ichni stejn\u00fd \u010das, <strong>42. B\u00e1rta<\/strong> +45, <strong>70. Zah\u00e1lka, 77. Je\u017eek, 78. Falt\u00fdnek, 79. Bittner<\/strong> (v\u0161. \u010cR) v\u0161. +12:42.<\/p>\n\n\n\n<p><strong>Pr\u016fb\u011b\u017en\u011b:<\/strong> 1. Nordhagen (Nor.) 6:49:38, 2. August (USA) +015, 3. &nbsp;Philipsen (D\u00e1n.) +39, \u2026 <strong>10. \u0160ump\u00edk<\/strong> +1:02, <strong>38. B\u00e1rta<\/strong> +2:03, <strong>61. Bittner<\/strong> + 14:09, <strong>64. Falt\u00fdnek<\/strong> +14:20.<\/p>\n\n\n\n<p>Foto: Patrik P\u00e1tek<\/p>\n\n\n\n<p><\/p>\n","protected":false},"excerpt":{"rendered":"<p>Francouz Matys Grisel vyhr\u00e1l kr\u00e1lovskou etapu 51. ro\u010dn\u00edku Z\u00e1vodu m\u00edru junior\u016f z&nbsp;Teplic do n\u011bmeck\u00e9ho Olbernhau, kter\u00e1 ne\u010dekan\u011b skon\u010dila hromadn\u00fdm dojezdem skupiny favorit\u016f, v&nbsp;n\u00ed\u017e bylo 36 cyklist\u016f v\u010detn\u011b nejlep\u0161\u00edho \u010cecha v&nbsp;z\u00e1vod\u011b Pavla \u0160ump\u00edka. \u201ePro m\u011b to byla velmi t\u011b\u017ek\u00e1 etapa. Jako sprinter jsem v&nbsp;n\u00ed hodn\u011b trp\u011bl. St\u00e1la m\u011b dost sil, proto\u017ee tohle rozhodn\u011b nebyla etapa pro [&hellip;]<\/p>\n","protected":false},"author":15,"featured_media":24962,"comment_status":"closed","ping_status":"open","sticky":false,"template":"","format":"standard","meta":{"footnotes":""},"categories":[2,18,1],"tags":[11],"class_list":["post-24960","post","type-post","status-publish","format-standard","has-post-thumbnail","hentry","category-novinky","category-silnice","category-uncategorized-cs","tag-silnice"],"_links":{"self":[{"href":"https:\/\/www.czechcyclingfederation.com\/en\/wp-json\/wp\/v2\/posts\/24960","targetHints":{"allow":["GET"]}}],"collection":[{"href":"https:\/\/www.czechcyclingfederation.com\/en\/wp-json\/wp\/v2\/posts"}],"about":[{"href":"https:\/\/www.czechcyclingfederation.com\/en\/wp-json\/wp\/v2\/types\/post"}],"author":[{"embeddable":true,"href":"https:\/\/www.czechcyclingfederation.com\/en\/wp-json\/wp\/v2\/users\/15"}],"replies":[{"embeddable":true,"href":"https:\/\/www.czechcyclingfederation.com\/en\/wp-json\/wp\/v2\/comments?post=24960"}],"version-history":[{"count":4,"href":"https:\/\/www.czechcyclingfederation.com\/en\/wp-json\/wp\/v2\/posts\/24960\/revisions"}],"predecessor-version":[{"id":24968,"href":"https:\/\/www.czechcyclingfederation.com\/en\/wp-json\/wp\/v2\/posts\/24960\/revisions\/24968"}],"wp:featuredmedia":[{"embeddable":true,"href":"https:\/\/www.czechcyclingfederation.com\/en\/wp-json\/wp\/v2\/media\/24962"}],"wp:attachment":[{"href":"https:\/\/www.czechcyclingfederation.com\/en\/wp-json\/wp\/v2\/media?parent=24960"}],"wp:term":[{"taxonomy":"category","embeddable":true,"href":"https:\/\/www.czechcyclingfederation.com\/en\/wp-json\/wp\/v2\/categories?post=24960"},{"taxonomy":"post_tag","embeddable":true,"href":"https:\/\/www.czechcyclingfederation.com\/en\/wp-json\/wp\/v2\/tags?post=24960"}],"curies":[{"name":"wp","href":"https:\/\/api.w.org\/{rel}","templated":true}]}}