{"id":24954,"date":"2023-05-06T22:47:38","date_gmt":"2023-05-06T20:47:38","guid":{"rendered":"https:\/\/www.czechcyclingfederation.com\/?p=24954"},"modified":"2023-05-06T22:47:41","modified_gmt":"2023-05-06T20:47:41","slug":"pate-misto-pro-neumana-na-ronde-van-overijssel","status":"publish","type":"post","link":"https:\/\/www.czechcyclingfederation.com\/en\/pate-misto-pro-neumana-na-ronde-van-overijssel\/","title":{"rendered":"P\u00e1t\u00e9 m\u00edsto pro Neumana na Ronde van Overijssel"},"content":{"rendered":"\n<p>Po 200 kilometrech v nizozemsk\u00e9m Ronde van Overijssel (UCI 1.2) fini\u0161oval jezdec celku Elkov Kasper Dominik Neuman p\u00e1t\u00fd a zapsal premi\u00e9rov\u00fdch 15 UCI bod\u016f. Adam \u0164oupal\u00edk p\u0159i\u0161el o v\u00edt\u011bzstv\u00ed a\u017e kilometr p\u0159ed c\u00edlem po s\u00f3lov\u00e9m \u00faniku. V\u00a0hromadn\u00e9m spurtu vyhr\u00e1l dom\u00e1c\u00ed Coen Vermelroort, Mat\u011bj Zah\u00e1lka s Filipem \u0158ehou se p\u0159ipletli do hromadn\u00e9ho p\u00e1du a z Rijssenu si odv\u00e1\u017eej\u00ed \u010detn\u00e9 od\u0159eniny.<\/p>\n\n\n\n<p>\u201eDnes to bylo takov\u00e9 klasick\u00e9 Holandsko. Hodn\u011b se jelo po \u00fazk\u00fdch cest\u00e1ch se spoustou zat\u00e1\u010dek. Prvn\u00ed polovina z\u00e1vodu byla relativn\u011b klidn\u00e1, ale kolem 40. kilometru p\u0159i\u0161el velk\u00fd hromadn\u00fd p\u00e1d, ve kter\u00e9m z\u016fstal Mat\u011bj Zah\u00e1lka. Na\u0161t\u011bst\u00ed se mu ale poda\u0159ilo vr\u00e1tit. A\u017e do c\u00edle se jelo vysok\u00fdm tempem a na z\u00e1v\u011bre\u010dn\u00fdch okruz\u00edch se sna\u017eili sk\u00e1kat do \u00fanik\u016f Michael Boro\u0161 a Adam \u0164oupal\u00edk. Adamovi se poda\u0159ilo 10 kilometr\u016f p\u0159ed koncem odjet do samostatn\u00e9ho \u00faniku a dojet byl a\u017e kilometr p\u0159ed fini\u0161em. J\u00e1 se sna\u017eil co nejv\u00edc \u0161et\u0159it na z\u00e1v\u011bre\u010dn\u00fd spurt a Michael Boro\u0161 mi vytv\u00e1\u0159el co nejlep\u0161\u00ed pozici,&#8221; popsal pr\u016fb\u011bh z\u00e1vodu Dominik Neuman.<\/p>\n\n\n\n<p>V\u00fdsledky:<\/p>\n\n\n\n<p>1. Vermelroort (Niz.) 4:31:04, 2. Teutenberg (N\u011bm.), 3. Pluto (Lot.), 4. Budding (Niz.), 5. Neuman (\u010cR), 6. D\u00b4Heygere (Belg.), &#8230;25. J. \u0164oupal\u00edk, 26. Boro\u0161 v\u0161ichni stejn\u00fd \u010das, 40. A. \u0164oupal\u00edk +33, 43. Mr\u00e1z, 51. Luke\u0161 (v\u0161ichni \u010cR) oba +40.<\/p>\n\n\n\n<figure class=\"wp-block-image size-full\"><img loading=\"lazy\" decoding=\"async\" width=\"1024\" height=\"768\" src=\"http:\/\/www.czechcyclingfederation.com\/wp-content\/uploads\/2023\/05\/Zahalka-stahnout.jpg\" alt=\"\" class=\"wp-image-24957\" srcset=\"https:\/\/www.czechcyclingfederation.com\/wp-content\/uploads\/2023\/05\/Zahalka-stahnout.jpg 1024w, https:\/\/www.czechcyclingfederation.com\/wp-content\/uploads\/2023\/05\/Zahalka-stahnout-267x200.jpg 267w, https:\/\/www.czechcyclingfederation.com\/wp-content\/uploads\/2023\/05\/Zahalka-stahnout-768x576.jpg 768w\" sizes=\"auto, (max-width: 1024px) 100vw, 1024px\" \/><\/figure>\n","protected":false},"excerpt":{"rendered":"<p>Po 200 kilometrech v nizozemsk\u00e9m Ronde van Overijssel (UCI 1.2) fini\u0161oval jezdec celku Elkov Kasper Dominik Neuman p\u00e1t\u00fd a zapsal premi\u00e9rov\u00fdch 15 UCI bod\u016f. Adam \u0164oupal\u00edk p\u0159i\u0161el o v\u00edt\u011bzstv\u00ed a\u017e kilometr p\u0159ed c\u00edlem po s\u00f3lov\u00e9m \u00faniku. V\u00a0hromadn\u00e9m spurtu vyhr\u00e1l dom\u00e1c\u00ed Coen Vermelroort, Mat\u011bj Zah\u00e1lka s Filipem \u0158ehou se p\u0159ipletli do hromadn\u00e9ho p\u00e1du a z Rijssenu [&hellip;]<\/p>\n","protected":false},"author":8,"featured_media":24955,"comment_status":"closed","ping_status":"open","sticky":false,"template":"","format":"standard","meta":{"footnotes":""},"categories":[2,18],"tags":[11],"class_list":["post-24954","post","type-post","status-publish","format-standard","has-post-thumbnail","hentry","category-novinky","category-silnice","tag-silnice"],"_links":{"self":[{"href":"https:\/\/www.czechcyclingfederation.com\/en\/wp-json\/wp\/v2\/posts\/24954","targetHints":{"allow":["GET"]}}],"collection":[{"href":"https:\/\/www.czechcyclingfederation.com\/en\/wp-json\/wp\/v2\/posts"}],"about":[{"href":"https:\/\/www.czechcyclingfederation.com\/en\/wp-json\/wp\/v2\/types\/post"}],"author":[{"embeddable":true,"href":"https:\/\/www.czechcyclingfederation.com\/en\/wp-json\/wp\/v2\/users\/8"}],"replies":[{"embeddable":true,"href":"https:\/\/www.czechcyclingfederation.com\/en\/wp-json\/wp\/v2\/comments?post=24954"}],"version-history":[{"count":1,"href":"https:\/\/www.czechcyclingfederation.com\/en\/wp-json\/wp\/v2\/posts\/24954\/revisions"}],"predecessor-version":[{"id":24959,"href":"https:\/\/www.czechcyclingfederation.com\/en\/wp-json\/wp\/v2\/posts\/24954\/revisions\/24959"}],"wp:featuredmedia":[{"embeddable":true,"href":"https:\/\/www.czechcyclingfederation.com\/en\/wp-json\/wp\/v2\/media\/24955"}],"wp:attachment":[{"href":"https:\/\/www.czechcyclingfederation.com\/en\/wp-json\/wp\/v2\/media?parent=24954"}],"wp:term":[{"taxonomy":"category","embeddable":true,"href":"https:\/\/www.czechcyclingfederation.com\/en\/wp-json\/wp\/v2\/categories?post=24954"},{"taxonomy":"post_tag","embeddable":true,"href":"https:\/\/www.czechcyclingfederation.com\/en\/wp-json\/wp\/v2\/tags?post=24954"}],"curies":[{"name":"wp","href":"https:\/\/api.w.org\/{rel}","templated":true}]}}