{"id":24948,"date":"2023-05-06T20:22:29","date_gmt":"2023-05-06T18:22:29","guid":{"rendered":"https:\/\/www.czechcyclingfederation.com\/?p=24948"},"modified":"2023-05-06T22:13:59","modified_gmt":"2023-05-06T20:13:59","slug":"cestmir-kalas-slavi-osmdesatiny","status":"publish","type":"post","link":"https:\/\/www.czechcyclingfederation.com\/en\/cestmir-kalas-slavi-osmdesatiny\/","title":{"rendered":"\u010cestm\u00edr Kala\u0161 slav\u00ed osmdes\u00e1tiny"},"content":{"rendered":"\n<p>V pond\u011bl\u00ed 8. kv\u011btna se do\u017eije v\u00fdznamn\u00e9ho \u017eivotn\u00edho jubilea \u010cestm\u00edr Kala\u0161. Oslav\u00ed kulat\u00e9 osmdes\u00e1tiny a st\u00e1le jezd\u00ed na kole. P\u0159edsedu t\u00e1borsk\u00e9ho cyklistick\u00e9ho klubu d\u011blal pades\u00e1t let, k tomu 31 rok\u016f tak\u00e9 tren\u00e9ra. P\u0159edsedou komise cyklokrosu \u010cSC byl p\u011btadvacet let a dva roky tr\u00e9noval reprezentaci.<\/p>\n\n\n\n<p>V roce 1990 hledal mo\u017enost finan\u010dn\u011b zajistit t\u00e1borsk\u00fd cyklistick\u00fd klub. Za\u010dal spolupracovat s firmou na v\u00fdrobu cyklistick\u00e9ho oble\u010den\u00ed ASSOS a po p\u011bti letech byla tato pobo\u010dka ji\u017e pouze \u010deskou firmou a st\u00e1le vzkv\u00e9t\u00e1 pod zna\u010dkou Kalas.<\/p>\n\n\n\n<p>T\u00e1bor ve\u0161el do historie cyklokrosu i jako velmi v\u00fdznamn\u00fd po\u0159adatel, v jeho\u017e \u010dele st\u00e1l pr\u00e1v\u011b \u010cestm\u00edr Kala\u0161. Po\u0159\u00e1dal z\u00e1vody nejvy\u0161\u0161\u00ed kategorie, \u010cesk\u00fd poh\u00e1r, mistrovstv\u00ed republiky, Sv\u011btov\u00fd poh\u00e1r, t\u0159ikr\u00e1t byl \u010cestm\u00edr Kala\u0161 v \u010dele organiza\u010dn\u00edho t\u00fdmu mistrovstv\u00ed sv\u011bta (2001, 2010 a 2015), jednou ME (2003).<\/p>\n","protected":false},"excerpt":{"rendered":"<p>V pond\u011bl\u00ed 8. kv\u011btna se do\u017eije v\u00fdznamn\u00e9ho \u017eivotn\u00edho jubilea \u010cestm\u00edr Kala\u0161. Oslav\u00ed kulat\u00e9 osmdes\u00e1tiny a st\u00e1le jezd\u00ed na kole. P\u0159edsedu t\u00e1borsk\u00e9ho cyklistick\u00e9ho klubu d\u011blal pades\u00e1t let, k tomu 31 rok\u016f tak\u00e9 tren\u00e9ra. P\u0159edsedou komise cyklokrosu \u010cSC byl p\u011btadvacet let a dva roky tr\u00e9noval reprezentaci. V roce 1990 hledal mo\u017enost finan\u010dn\u011b zajistit t\u00e1borsk\u00fd cyklistick\u00fd klub. Za\u010dal [&hellip;]<\/p>\n","protected":false},"author":8,"featured_media":24952,"comment_status":"closed","ping_status":"open","sticky":false,"template":"","format":"standard","meta":{"footnotes":""},"categories":[58,2,65],"tags":[59],"class_list":["post-24948","post","type-post","status-publish","format-standard","has-post-thumbnail","hentry","category-cyklokros","category-novinky","category-subdisciplina","tag-cyklokros"],"_links":{"self":[{"href":"https:\/\/www.czechcyclingfederation.com\/en\/wp-json\/wp\/v2\/posts\/24948","targetHints":{"allow":["GET"]}}],"collection":[{"href":"https:\/\/www.czechcyclingfederation.com\/en\/wp-json\/wp\/v2\/posts"}],"about":[{"href":"https:\/\/www.czechcyclingfederation.com\/en\/wp-json\/wp\/v2\/types\/post"}],"author":[{"embeddable":true,"href":"https:\/\/www.czechcyclingfederation.com\/en\/wp-json\/wp\/v2\/users\/8"}],"replies":[{"embeddable":true,"href":"https:\/\/www.czechcyclingfederation.com\/en\/wp-json\/wp\/v2\/comments?post=24948"}],"version-history":[{"count":1,"href":"https:\/\/www.czechcyclingfederation.com\/en\/wp-json\/wp\/v2\/posts\/24948\/revisions"}],"predecessor-version":[{"id":24951,"href":"https:\/\/www.czechcyclingfederation.com\/en\/wp-json\/wp\/v2\/posts\/24948\/revisions\/24951"}],"wp:featuredmedia":[{"embeddable":true,"href":"https:\/\/www.czechcyclingfederation.com\/en\/wp-json\/wp\/v2\/media\/24952"}],"wp:attachment":[{"href":"https:\/\/www.czechcyclingfederation.com\/en\/wp-json\/wp\/v2\/media?parent=24948"}],"wp:term":[{"taxonomy":"category","embeddable":true,"href":"https:\/\/www.czechcyclingfederation.com\/en\/wp-json\/wp\/v2\/categories?post=24948"},{"taxonomy":"post_tag","embeddable":true,"href":"https:\/\/www.czechcyclingfederation.com\/en\/wp-json\/wp\/v2\/tags?post=24948"}],"curies":[{"name":"wp","href":"https:\/\/api.w.org\/{rel}","templated":true}]}}