{"id":24934,"date":"2023-05-06T19:13:46","date_gmt":"2023-05-06T17:13:46","guid":{"rendered":"https:\/\/www.czechcyclingfederation.com\/?p=24934"},"modified":"2023-05-06T19:13:48","modified_gmt":"2023-05-06T17:13:48","slug":"otruba-a-turek-v-desitce-tour-of-hellas","status":"publish","type":"post","link":"https:\/\/www.czechcyclingfederation.com\/en\/otruba-a-turek-v-desitce-tour-of-hellas\/","title":{"rendered":"Otruba a Turek v des\u00edtce Tour of Hellas"},"content":{"rendered":"\n<p>Etapov\u00fd z\u00e1vod Tour of Hellas byl pro celek ATT Investments prvn\u00edm leto\u0161n\u00edm z\u00e1vodem vy\u0161\u0161\u00ed kategorie UCI ne\u017e t\u00e9 nejni\u017e\u0161\u00ed, kter\u00e1 v jejich programu dosud p\u0159eva\u017eovala. Dv\u011b um\u00edst\u011bn\u00ed v\u00a0elitn\u00ed des\u00edtce v kone\u010dn\u00e9m po\u0159ad\u00ed a \u0159ada dal\u0161\u00edch d\u00edl\u010d\u00edch \u00fasp\u011bch\u016f v t\u00e9to konkurenci zad\u00e1v\u00e1 d\u016fvod ke zna\u010dn\u00e9 spokojenosti. Postarali se o to p\u00e1t\u00fdm m\u00edstem Jakub Otruba a osm\u00fd byl Danil Turek. Zv\u00edt\u011bzil Iuri Leitao z\u00a0Portugalska.<\/p>\n\n\n\n<p>Krom\u011b dvou m\u00edst v top ten vezl Jakub Otruba v jedn\u00e9 z etap dres nejlep\u0161\u00edho vrcha\u0159e, aby v t\u00e9to sout\u011b\u017ei bral nakonec 4. m\u00edsto. Opakovan\u011b chodil do \u00fanik\u016f Tom\u00e1\u0161 Jakoubek, co\u017e mu vyneslo stejnou pozici v bodovac\u00ed sout\u011b\u017ei. V koncovk\u00e1ch etap jezdil t\u00fdm na Mihkela R\u00e4ima, jeho\u017e nejlep\u0161\u00edm v\u00fdsledkem bylo 5. m\u00edsto ve druh\u00e9 etap\u011b.<\/p>\n\n\n\n<p>&#8220;Vystoupen\u00ed na\u0161eho t\u00fdmu hodnot\u00edme ur\u010dit\u011b pozitivn\u011b. Do z\u00e1vodu jsme \u0161li s n\u011bjak\u00fdmi c\u00edli a ty se poda\u0159ilo naplnit. P\u00e1t\u00e9 a osm\u00e9 m\u00edsto v celkov\u00e9m po\u0159ad\u00ed v t\u00e9to konkurenci je v\u00fdborn\u00e9. Dos\u00e1hli jsme i n\u011bjak\u00fdch d\u00edl\u010d\u00edch \u00fasp\u011bch\u016f, jako nap\u0159\u00edklad dr\u017een\u00ed dresu nejlep\u0161\u00edho vrcha\u0159e. Hlavn\u011b jsme ale spokojeni s aktivn\u00edm pojet\u00edm z\u00e1vodu, v tomhle sm\u011bru vynikal t\u0159eba Tom\u00e1\u0161 Jakoubek, ale v\u0161ichni pracovali tak, \u017ee jsme byli vid\u011bt a jeli jsme rovnocennou partii i s t\u00fdmy z \u00farovn\u011b Pro. Snad jenom chyb\u011bl \u00fasp\u011bch v n\u011bkter\u00e9 z etap v podob\u011b p\u00f3diov\u00e9ho um\u00edst\u011bn\u00ed, ale to u\u017e by to bylo asi moc dokonal\u00e9,&#8221; zhodnotil sportovn\u00ed \u0159editel Petr Kaltofen.<\/p>\n\n\n\n<p>V\u00fdsledky:<\/p>\n\n\n\n<p>Kone\u010dn\u00e9 po\u0159ad\u00ed:<\/p>\n\n\n\n<p>1.Leitao (Port.) 15:04:58, 2. Gate (N. Z\u00e9l.) +6, 3. Aniolkowski (Pol.) +9, 4. Townsend (Ir.) +12, 5. Otruba (\u010cR) +19, 6. Miltidias (Kypr.) +19, &#8230;8. Turek +22, 17. Jakoubek +38, 44. Schlegel +1:00, 77. Petru\u0161 (v\u0161ichni \u010cR) +10:46.<\/p>\n\n\n\n<p>FOTO NassosTPhoto<\/p>\n\n\n\n<figure class=\"wp-block-image size-large\"><img loading=\"lazy\" decoding=\"async\" width=\"1024\" height=\"683\" src=\"http:\/\/www.czechcyclingfederation.com\/wp-content\/uploads\/2023\/05\/Turek-Helas-4-stahnout-1024x683.jpg\" alt=\"\" class=\"wp-image-24939\" srcset=\"https:\/\/www.czechcyclingfederation.com\/wp-content\/uploads\/2023\/05\/Turek-Helas-4-stahnout-1024x683.jpg 1024w, https:\/\/www.czechcyclingfederation.com\/wp-content\/uploads\/2023\/05\/Turek-Helas-4-stahnout-300x200.jpg 300w, https:\/\/www.czechcyclingfederation.com\/wp-content\/uploads\/2023\/05\/Turek-Helas-4-stahnout-768x512.jpg 768w, https:\/\/www.czechcyclingfederation.com\/wp-content\/uploads\/2023\/05\/Turek-Helas-4-stahnout-1320x880.jpg 1320w, https:\/\/www.czechcyclingfederation.com\/wp-content\/uploads\/2023\/05\/Turek-Helas-4-stahnout.jpg 1354w\" sizes=\"auto, (max-width: 1024px) 100vw, 1024px\" \/><\/figure>\n\n\n\n<figure class=\"wp-block-image size-full\"><img loading=\"lazy\" decoding=\"async\" width=\"1000\" height=\"667\" src=\"http:\/\/www.czechcyclingfederation.com\/wp-content\/uploads\/2023\/05\/Jakoubek-Helas-2-stahnout.jpg\" alt=\"\" class=\"wp-image-24945\" srcset=\"https:\/\/www.czechcyclingfederation.com\/wp-content\/uploads\/2023\/05\/Jakoubek-Helas-2-stahnout.jpg 1000w, https:\/\/www.czechcyclingfederation.com\/wp-content\/uploads\/2023\/05\/Jakoubek-Helas-2-stahnout-300x200.jpg 300w, https:\/\/www.czechcyclingfederation.com\/wp-content\/uploads\/2023\/05\/Jakoubek-Helas-2-stahnout-768x512.jpg 768w\" sizes=\"auto, (max-width: 1000px) 100vw, 1000px\" \/><\/figure>\n","protected":false},"excerpt":{"rendered":"<p>Etapov\u00fd z\u00e1vod Tour of Hellas byl pro celek ATT Investments prvn\u00edm leto\u0161n\u00edm z\u00e1vodem vy\u0161\u0161\u00ed kategorie UCI ne\u017e t\u00e9 nejni\u017e\u0161\u00ed, kter\u00e1 v jejich programu dosud p\u0159eva\u017eovala. Dv\u011b um\u00edst\u011bn\u00ed v\u00a0elitn\u00ed des\u00edtce v kone\u010dn\u00e9m po\u0159ad\u00ed a \u0159ada dal\u0161\u00edch d\u00edl\u010d\u00edch \u00fasp\u011bch\u016f v t\u00e9to konkurenci zad\u00e1v\u00e1 d\u016fvod ke zna\u010dn\u00e9 spokojenosti. Postarali se o to p\u00e1t\u00fdm m\u00edstem Jakub Otruba a osm\u00fd [&hellip;]<\/p>\n","protected":false},"author":8,"featured_media":24943,"comment_status":"closed","ping_status":"open","sticky":false,"template":"","format":"standard","meta":{"footnotes":""},"categories":[2,18],"tags":[11],"class_list":["post-24934","post","type-post","status-publish","format-standard","has-post-thumbnail","hentry","category-novinky","category-silnice","tag-silnice"],"_links":{"self":[{"href":"https:\/\/www.czechcyclingfederation.com\/en\/wp-json\/wp\/v2\/posts\/24934","targetHints":{"allow":["GET"]}}],"collection":[{"href":"https:\/\/www.czechcyclingfederation.com\/en\/wp-json\/wp\/v2\/posts"}],"about":[{"href":"https:\/\/www.czechcyclingfederation.com\/en\/wp-json\/wp\/v2\/types\/post"}],"author":[{"embeddable":true,"href":"https:\/\/www.czechcyclingfederation.com\/en\/wp-json\/wp\/v2\/users\/8"}],"replies":[{"embeddable":true,"href":"https:\/\/www.czechcyclingfederation.com\/en\/wp-json\/wp\/v2\/comments?post=24934"}],"version-history":[{"count":1,"href":"https:\/\/www.czechcyclingfederation.com\/en\/wp-json\/wp\/v2\/posts\/24934\/revisions"}],"predecessor-version":[{"id":24947,"href":"https:\/\/www.czechcyclingfederation.com\/en\/wp-json\/wp\/v2\/posts\/24934\/revisions\/24947"}],"wp:featuredmedia":[{"embeddable":true,"href":"https:\/\/www.czechcyclingfederation.com\/en\/wp-json\/wp\/v2\/media\/24943"}],"wp:attachment":[{"href":"https:\/\/www.czechcyclingfederation.com\/en\/wp-json\/wp\/v2\/media?parent=24934"}],"wp:term":[{"taxonomy":"category","embeddable":true,"href":"https:\/\/www.czechcyclingfederation.com\/en\/wp-json\/wp\/v2\/categories?post=24934"},{"taxonomy":"post_tag","embeddable":true,"href":"https:\/\/www.czechcyclingfederation.com\/en\/wp-json\/wp\/v2\/tags?post=24934"}],"curies":[{"name":"wp","href":"https:\/\/api.w.org\/{rel}","templated":true}]}}