{"id":24918,"date":"2023-05-05T22:25:53","date_gmt":"2023-05-05T20:25:53","guid":{"rendered":"https:\/\/www.czechcyclingfederation.com\/?p=24918"},"modified":"2023-05-06T08:19:49","modified_gmt":"2023-05-06T06:19:49","slug":"skvely-kral-ovladl-etapu-zmj-ve-steti","status":"publish","type":"post","link":"https:\/\/www.czechcyclingfederation.com\/en\/skvely-kral-ovladl-etapu-zmj-ve-steti\/","title":{"rendered":"Skv\u011bl\u00fd Kr\u00e1l ovl\u00e1dl etapu ZMJ ve \u0160t\u011bt\u00ed"},"content":{"rendered":"\n<p>\u010cesk\u00fd reprezentant <strong>Kry\u0161tof Kr\u00e1l<\/strong> vyhr\u00e1l po skv\u011bl\u00e9m v\u00fdkonu p\u00e1te\u010dn\u00ed odpoledn\u00ed etapu 51. ro\u010dn\u00edku Z\u00e1vodu m\u00edru junior\u016f. V&nbsp;hromadn\u00e9m spurtu ve \u0160t\u011bt\u00ed za sebou nechal d\u00e1nskou dvojici Philipsen, Storm.<\/p>\n\n\n\n<p><strong><em>\u201ePrvn\u00ed etapa se mi moc nevyda\u0159ila, i kdy\u017e jsem si na n\u00ed v\u011b\u0159il. Tak jsem r\u00e1d, \u017ee jsem si to vynahradil,\u201c <\/em><\/strong>uvedl \u010desk\u00fd cyklista.<\/p>\n\n\n\n<p>V dopoledn\u00edch hodin\u00e1ch si cyklist\u00e9 museli nejprve poradit s \u010dasovkou jednotlivc\u016f v T\u0159eb\u00edvlic\u00edch. Odpoledne na n\u011b \u010dekala pr\u00e1v\u011b ji\u017e tradi\u010dn\u00ed rovinat\u00e1 prov\u011brka na Roudnicku. \u0160edes\u00e1tikilometrov\u00e1 etapa odstartovala v Roudnici nad Labem a skon\u010dila hromadn\u00fdm dojezdem ve \u0160t\u011bt\u00ed. Pr\u00e1v\u011b v&nbsp;z\u00e1v\u011bre\u010dn\u00e9m spurtu do\u0161lo k&nbsp;hromadn\u00e9mu p\u00e1du.<\/p>\n\n\n\n<p><strong><em>\u201eDnes to bylo hodn\u011b o pozi\u010dn\u00ed j\u00edzd\u011b. V\u011b\u0159il jsem, \u017ee by to mohlo klapnout u\u017e n\u011bjak\u00fdch \u010dty\u0159i sta metr\u016f p\u0159ed c\u00edlem na posledn\u00edm kruhov\u00e9m objezdu. Na sto pades\u00e1ti u\u017e jsem v\u011bd\u011bl, \u017ee na v\u00edt\u011bzstv\u00ed dos\u00e1hnu,\u201c<\/em><\/strong> p\u0159iznal Kr\u00e1l.<\/p>\n\n\n\n<figure class=\"wp-block-image size-large\"><img loading=\"lazy\" decoding=\"async\" width=\"1024\" height=\"682\" src=\"https:\/\/www.czechcyclingfederation.com\/wp-content\/uploads\/2023\/05\/Kral-podium-1024x682.jpg\" alt=\"\" class=\"wp-image-24923\" srcset=\"https:\/\/www.czechcyclingfederation.com\/wp-content\/uploads\/2023\/05\/Kral-podium-1024x682.jpg 1024w, https:\/\/www.czechcyclingfederation.com\/wp-content\/uploads\/2023\/05\/Kral-podium-300x200.jpg 300w, https:\/\/www.czechcyclingfederation.com\/wp-content\/uploads\/2023\/05\/Kral-podium-768x512.jpg 768w, https:\/\/www.czechcyclingfederation.com\/wp-content\/uploads\/2023\/05\/Kral-podium-1536x1024.jpg 1536w, https:\/\/www.czechcyclingfederation.com\/wp-content\/uploads\/2023\/05\/Kral-podium-2048x1365.jpg 2048w, https:\/\/www.czechcyclingfederation.com\/wp-content\/uploads\/2023\/05\/Kral-podium-1320x880.jpg 1320w\" sizes=\"auto, (max-width: 1024px) 100vw, 1024px\" \/><\/figure>\n\n\n\n<p>C\u00edlem projel s p\u0159edem promy\u0161len\u00fdm gestem. <strong><em>\u201eV\u017edycky jsem ho cht\u011bl ud\u011blat, ale nakonec jsem jenom \u0159val jak \u0161\u00edlenej. Dneska jsem ale m\u011bl tolik \u010dasu, \u017ee jsem to dok\u00e1zal,\u201c <\/em><\/strong>pronesl Kr\u00e1l s t\u00edm, \u017ee vzty\u010den\u00fdm ukazov\u00e1\u010dkem p\u0159es pusu a nos se inspiroval u lo\u0148sk\u00e9ho v\u00edt\u011bze \u0161pan\u011blsk\u00e9 Vuelty a n\u011bkdej\u0161\u00edho v\u00edt\u011bze Z\u00e1vodu m\u00edru junior\u016f Remca Evenepoela.<\/p>\n\n\n\n<p><strong>\u010casovka pro Nordhagena<\/strong><\/p>\n\n\n\n<p>Dopoledn\u00ed \u010dasovku vyhr\u00e1l norsk\u00fd reprezentant <strong>Jorgen Nordhagen<\/strong> a nav\u00e1zal tak na sv\u016fj triumf z&nbsp;\u00favodn\u00ed etapy. Za sebou nechal, stejn\u011b jako ve \u010dtvrtek, Ameri\u010dana <strong>Andrewa Augusta.<\/strong> Nejlep\u0161\u00ed z \u010desk\u00fdch jezdc\u016f byl t\u0159in\u00e1ct\u00fd <strong>Pavel \u0160ump\u00edk<\/strong>.<\/p>\n\n\n\n<figure class=\"wp-block-image size-large\"><img loading=\"lazy\" decoding=\"async\" width=\"1024\" height=\"683\" src=\"https:\/\/www.czechcyclingfederation.com\/wp-content\/uploads\/2023\/05\/NOR-casovka-1024x683.jpg\" alt=\"\" class=\"wp-image-24925\" srcset=\"https:\/\/www.czechcyclingfederation.com\/wp-content\/uploads\/2023\/05\/NOR-casovka-1024x683.jpg 1024w, https:\/\/www.czechcyclingfederation.com\/wp-content\/uploads\/2023\/05\/NOR-casovka-300x200.jpg 300w, https:\/\/www.czechcyclingfederation.com\/wp-content\/uploads\/2023\/05\/NOR-casovka-768x512.jpg 768w, https:\/\/www.czechcyclingfederation.com\/wp-content\/uploads\/2023\/05\/NOR-casovka-1536x1024.jpg 1536w, https:\/\/www.czechcyclingfederation.com\/wp-content\/uploads\/2023\/05\/NOR-casovka-2048x1365.jpg 2048w, https:\/\/www.czechcyclingfederation.com\/wp-content\/uploads\/2023\/05\/NOR-casovka-1320x880.jpg 1320w\" sizes=\"auto, (max-width: 1024px) 100vw, 1024px\" \/><\/figure>\n\n\n\n<p><strong><em>\u201eV\u0161e teprve za\u010d\u00edn\u00e1, ale v\u011b\u0159\u00edm, \u017ee se mi \u017elut\u00fd trikot se mi poda\u0159\u00ed udr\u017eet. Forma je hodn\u011b dobr\u00e1,\u201c <\/em><\/strong>\u0159ekl norsk\u00fd v\u00edt\u011bz \u010dasovky, kter\u00fd u\u017e m\u00e1 na dal\u0161\u00ed roky podeps\u00e1no do st\u00e1je Jumbo-Visma.<\/p>\n\n\n\n<p><strong>V\u00fdsledky<\/strong><\/p>\n\n\n\n<p><strong>2a etapa <\/strong>(\u010dasovka na 8,8 km v&nbsp;T\u0159eb\u00edvlic\u00edch): 1. Nordhagen (Nor.) 10:37, 2. August (USA) +11, 3. Vlot (Niz.) +13, \u2026 <strong>13. \u0160ump\u00edk<\/strong> +29, <strong>35. B\u00e1rta<\/strong> +45, <strong>58. Bittner<\/strong>, <strong>61. Kr\u00e1l<\/strong> (v\u0161. \u010cR) oba +54.<\/p>\n\n\n\n<p><strong>2b etapa<\/strong> (Roudnice \u2013 \u0160t\u011bt\u00ed, 61,4 km): 1. <strong>Kr\u00e1l<\/strong> (\u010cR) 1:20:57, 2. Philipsen, 3. Strom (oba D\u00e1n.) stejn\u00fd \u010das.<\/p>\n\n\n\n<p><strong>Pr\u016fb\u011b\u017en\u011b: <\/strong>1. Nordhagen 4:00:51<strong>, <\/strong>2. August +0:15<strong>, <\/strong>3. Vlot +0:46<strong>, \u2026 11. \u0160ump\u00edk <\/strong>+1:02.<\/p>\n\n\n\n<p>Foto: Patrik P\u00e1tek<\/p>\n","protected":false},"excerpt":{"rendered":"<p>\u010cesk\u00fd reprezentant Kry\u0161tof Kr\u00e1l vyhr\u00e1l po skv\u011bl\u00e9m v\u00fdkonu p\u00e1te\u010dn\u00ed odpoledn\u00ed etapu 51. ro\u010dn\u00edku Z\u00e1vodu m\u00edru junior\u016f. V&nbsp;hromadn\u00e9m spurtu ve \u0160t\u011bt\u00ed za sebou nechal d\u00e1nskou dvojici Philipsen, Storm. \u201ePrvn\u00ed etapa se mi moc nevyda\u0159ila, i kdy\u017e jsem si na n\u00ed v\u011b\u0159il. Tak jsem r\u00e1d, \u017ee jsem si to vynahradil,\u201c uvedl \u010desk\u00fd cyklista. V dopoledn\u00edch hodin\u00e1ch si [&hellip;]<\/p>\n","protected":false},"author":15,"featured_media":24932,"comment_status":"closed","ping_status":"open","sticky":false,"template":"","format":"standard","meta":{"footnotes":""},"categories":[2,18,1],"tags":[11],"class_list":["post-24918","post","type-post","status-publish","format-standard","has-post-thumbnail","hentry","category-novinky","category-silnice","category-uncategorized-cs","tag-silnice"],"_links":{"self":[{"href":"https:\/\/www.czechcyclingfederation.com\/en\/wp-json\/wp\/v2\/posts\/24918","targetHints":{"allow":["GET"]}}],"collection":[{"href":"https:\/\/www.czechcyclingfederation.com\/en\/wp-json\/wp\/v2\/posts"}],"about":[{"href":"https:\/\/www.czechcyclingfederation.com\/en\/wp-json\/wp\/v2\/types\/post"}],"author":[{"embeddable":true,"href":"https:\/\/www.czechcyclingfederation.com\/en\/wp-json\/wp\/v2\/users\/15"}],"replies":[{"embeddable":true,"href":"https:\/\/www.czechcyclingfederation.com\/en\/wp-json\/wp\/v2\/comments?post=24918"}],"version-history":[{"count":5,"href":"https:\/\/www.czechcyclingfederation.com\/en\/wp-json\/wp\/v2\/posts\/24918\/revisions"}],"predecessor-version":[{"id":24931,"href":"https:\/\/www.czechcyclingfederation.com\/en\/wp-json\/wp\/v2\/posts\/24918\/revisions\/24931"}],"wp:featuredmedia":[{"embeddable":true,"href":"https:\/\/www.czechcyclingfederation.com\/en\/wp-json\/wp\/v2\/media\/24932"}],"wp:attachment":[{"href":"https:\/\/www.czechcyclingfederation.com\/en\/wp-json\/wp\/v2\/media?parent=24918"}],"wp:term":[{"taxonomy":"category","embeddable":true,"href":"https:\/\/www.czechcyclingfederation.com\/en\/wp-json\/wp\/v2\/categories?post=24918"},{"taxonomy":"post_tag","embeddable":true,"href":"https:\/\/www.czechcyclingfederation.com\/en\/wp-json\/wp\/v2\/tags?post=24918"}],"curies":[{"name":"wp","href":"https:\/\/api.w.org\/{rel}","templated":true}]}}