{"id":24911,"date":"2023-05-05T21:01:29","date_gmt":"2023-05-05T19:01:29","guid":{"rendered":"https:\/\/www.czechcyclingfederation.com\/?p=24911"},"modified":"2023-05-05T21:03:51","modified_gmt":"2023-05-05T19:03:51","slug":"nemec-winter-vede-zavod-miru-nejmladsich","status":"publish","type":"post","link":"https:\/\/www.czechcyclingfederation.com\/en\/nemec-winter-vede-zavod-miru-nejmladsich\/","title":{"rendered":"N\u011bmec Winter vede Z\u00e1vod m\u00edru nejmlad\u0161\u00edch"},"content":{"rendered":"\n<p>Pro prologu a nejt\u011b\u017e\u0161\u00ed etap\u011b ji\u017e 47. ro\u010dn\u00edku Z\u00e1vod m\u00edru nejmlad\u0161\u00edch, kter\u00fd se jede z\u00e1rove\u0148 jako Memori\u00e1l Zde\u0148ka Sendlera star\u0161\u00edho, vede pr\u016fb\u011b\u017en\u00e9 po\u0159ad\u00ed n\u011bmeck\u00fd jezdec Zeno Winter. Nejlep\u0161\u00edm z&nbsp;\u010desk\u00fdch z\u00e1vodn\u00edk\u016f je Ond\u0159ej Michalovi\u010d (SCM Brno) na sedm\u00e9 pozici.<\/p>\n\n\n\n<p>V&nbsp;\u00favodn\u00edm prologu na 1,5 km byl nejrychlej\u0161\u00ed Mikolaj Legiec z&nbsp;Polska, Michalovi\u010d na sedm\u00e9m m\u00edst\u011b za n\u00edm zaostal o p\u011bt vte\u0159in. Mnohem v\u00edce se toho d\u011blo ve druh\u00e9 etap\u011b dlouh\u00e9 82 kilometru. Hned v&nbsp;\u00favodu unikl v\u0161em Vilgot Reinhold z&nbsp;Norska a vyhr\u00e1l v\u0161echny vrcha\u0159sk\u00e9 pr\u00e9mie. V&nbsp;z\u00e1v\u011bru jej ale dostihla trojice mlad\u00fdch cyklist\u016f a z&nbsp;n\u00ed nakonec je\u0161t\u011b set\u0159\u00e1sl sv\u00e9 soupe\u0159e Winter a vyhr\u00e1l s&nbsp;n\u00e1skokem p\u0159es minutu p\u0159ed Kristianem Haugetunem z&nbsp;Norska a stejn\u00e9 je i pr\u016fb\u011b\u017en\u00e9 po\u0159ad\u00ed.<\/p>\n\n\n\n<p>V\u00fdsledky:<\/p>\n\n\n\n<p>1. etapa &#8211; prolog (1,5 km):<\/p>\n\n\n\n<p>1. Legiec (Pol.) 1:42,57, 2. Andersen (D\u00e1n.) +2,48, 3. Fugger (Rak.) +3,08, 4. Lyzwa (Pol.) +4,02, 5. Winter (N\u011bm.) +4,83, 6. Hofer (Rak.) +5,20, 7. Michalovi\u010d (SCM Brno) +5,28, &#8230;9. Ra\u0161ka +5,40, 11. Tesa\u0159\u00edk (oba Mapei Merida Ka\u0148kovsk\u00fd) +5,79, 12. P\u0159enosil (SCM Kol\u00edn &#8211; Brilon2) +5,97.<\/p>\n\n\n\n<p>2. etapa (82 km):<\/p>\n\n\n\n<p>1. Winter (N\u011bm.) 2:11:47, 2. Haugetun (Nor.) +1:06, 3. Wlodarski (Pol.) +2:04, 4. Hofer (Rak.), 5. Andersen oba +2:58, 6. Pit\u00e1k (Mapei Merida Ka\u0148kovsk\u00fd), 7. P\u0159enosil,&nbsp; &#8230;13. Korbel (Plze\u0148 MIX) 14. Tesa\u0159\u00edk v\u0161ichni +3:02.<\/p>\n\n\n\n<p>Pr\u016fb\u011b\u017en\u00e9 po\u0159ad\u00ed:<\/p>\n\n\n\n<p>1. Winter 2:13:34, 2. Haugetun +1:13, 3. Wlodarski +2:05, 4. Andersen +2:56, 5. Fugger (Rak.) +2:58, 6. Hofer +3:00, 7. Michalovi\u010d, &#8230;9. Ra\u0161ka, 11. Tesa\u0159\u00edk, 12. P\u0159enosil v\u0161ichni +3:02.<\/p>\n\n\n\n<figure class=\"wp-block-image size-full\"><img loading=\"lazy\" decoding=\"async\" width=\"1000\" height=\"497\" src=\"http:\/\/www.czechcyclingfederation.com\/wp-content\/uploads\/2023\/05\/foto2020_49.jpg\" alt=\"\" class=\"wp-image-24912\" srcset=\"https:\/\/www.czechcyclingfederation.com\/wp-content\/uploads\/2023\/05\/foto2020_49.jpg 1000w, https:\/\/www.czechcyclingfederation.com\/wp-content\/uploads\/2023\/05\/foto2020_49-300x149.jpg 300w, https:\/\/www.czechcyclingfederation.com\/wp-content\/uploads\/2023\/05\/foto2020_49-768x382.jpg 768w\" sizes=\"auto, (max-width: 1000px) 100vw, 1000px\" \/><\/figure>\n","protected":false},"excerpt":{"rendered":"<p>Pro prologu a nejt\u011b\u017e\u0161\u00ed etap\u011b ji\u017e 47. ro\u010dn\u00edku Z\u00e1vod m\u00edru nejmlad\u0161\u00edch, kter\u00fd se jede z\u00e1rove\u0148 jako Memori\u00e1l Zde\u0148ka Sendlera star\u0161\u00edho, vede pr\u016fb\u011b\u017en\u00e9 po\u0159ad\u00ed n\u011bmeck\u00fd jezdec Zeno Winter. Nejlep\u0161\u00edm z&nbsp;\u010desk\u00fdch z\u00e1vodn\u00edk\u016f je Ond\u0159ej Michalovi\u010d (SCM Brno) na sedm\u00e9 pozici. V&nbsp;\u00favodn\u00edm prologu na 1,5 km byl nejrychlej\u0161\u00ed Mikolaj Legiec z&nbsp;Polska, Michalovi\u010d na sedm\u00e9m m\u00edst\u011b za n\u00edm zaostal [&hellip;]<\/p>\n","protected":false},"author":8,"featured_media":24914,"comment_status":"closed","ping_status":"open","sticky":false,"template":"","format":"standard","meta":{"footnotes":""},"categories":[2,18],"tags":[11],"class_list":["post-24911","post","type-post","status-publish","format-standard","has-post-thumbnail","hentry","category-novinky","category-silnice","tag-silnice"],"_links":{"self":[{"href":"https:\/\/www.czechcyclingfederation.com\/en\/wp-json\/wp\/v2\/posts\/24911","targetHints":{"allow":["GET"]}}],"collection":[{"href":"https:\/\/www.czechcyclingfederation.com\/en\/wp-json\/wp\/v2\/posts"}],"about":[{"href":"https:\/\/www.czechcyclingfederation.com\/en\/wp-json\/wp\/v2\/types\/post"}],"author":[{"embeddable":true,"href":"https:\/\/www.czechcyclingfederation.com\/en\/wp-json\/wp\/v2\/users\/8"}],"replies":[{"embeddable":true,"href":"https:\/\/www.czechcyclingfederation.com\/en\/wp-json\/wp\/v2\/comments?post=24911"}],"version-history":[{"count":2,"href":"https:\/\/www.czechcyclingfederation.com\/en\/wp-json\/wp\/v2\/posts\/24911\/revisions"}],"predecessor-version":[{"id":24917,"href":"https:\/\/www.czechcyclingfederation.com\/en\/wp-json\/wp\/v2\/posts\/24911\/revisions\/24917"}],"wp:featuredmedia":[{"embeddable":true,"href":"https:\/\/www.czechcyclingfederation.com\/en\/wp-json\/wp\/v2\/media\/24914"}],"wp:attachment":[{"href":"https:\/\/www.czechcyclingfederation.com\/en\/wp-json\/wp\/v2\/media?parent=24911"}],"wp:term":[{"taxonomy":"category","embeddable":true,"href":"https:\/\/www.czechcyclingfederation.com\/en\/wp-json\/wp\/v2\/categories?post=24911"},{"taxonomy":"post_tag","embeddable":true,"href":"https:\/\/www.czechcyclingfederation.com\/en\/wp-json\/wp\/v2\/tags?post=24911"}],"curies":[{"name":"wp","href":"https:\/\/api.w.org\/{rel}","templated":true}]}}