{"id":24902,"date":"2023-05-05T09:13:10","date_gmt":"2023-05-05T07:13:10","guid":{"rendered":"https:\/\/www.czechcyclingfederation.com\/?p=24902"},"modified":"2023-05-05T09:13:35","modified_gmt":"2023-05-05T07:13:35","slug":"vejvodova-opet-na-stupnich-vitezu-na-sp-v-ostende-jahoda-v-casovce-ctvrty","status":"publish","type":"post","link":"https:\/\/www.czechcyclingfederation.com\/en\/vejvodova-opet-na-stupnich-vitezu-na-sp-v-ostende-jahoda-v-casovce-ctvrty\/","title":{"rendered":"Vejvodov\u00e1 na stupn\u00edch v\u00edt\u011bz\u016f na SP v Ostende, Jahoda v\u00a0\u010dasovce \u010dtvrt\u00fd"},"content":{"rendered":"\n<p>Dnes v\u00a0poledne za\u010dal dal\u0161\u00ed z\u00e1vod ze s\u00e9rie sv\u011btov\u00e9ho poh\u00e1ru paracyklist\u016f UCI 2023. D\u011bji\u0161t\u011bm vrcholov\u00e9 paracyklistiky je belgick\u00e9 Ostende, kter\u00e9 pravideln\u011b host\u00ed nejvy\u0161\u0161\u00ed podniky.<\/p>\n\n\n\n<p>Cel\u00fd den jsme mohli sledovat \u010dasovky kategorii H (handbiky) a T (tricykly). Nejv\u011bt\u0161\u00edm \u017eel\u00edzkem v\u00a0ohni \u010desk\u00e9ho t\u00fdmu byla bezesporu Pavl\u00edna Vejvodov\u00e1 (WT1), kter\u00e1 zajela svou \u010dasovku na v\u00fdbornou a vybojovala skv\u011blou st\u0159\u00edbrnou medaili! Pavl\u00edna nesta\u010dila pouze na svou velkou rivalku z\u00a0Nizozemska \u2013 Marieke van Soest.<\/p>\n\n\n<div class=\"wp-block-image\">\n<figure class=\"aligncenter size-large is-resized\"><img loading=\"lazy\" decoding=\"async\" src=\"https:\/\/www.czechcyclingfederation.com\/wp-content\/uploads\/2023\/05\/WhatsApp-Image-2023-05-04-at-22.12.37-1024x700.jpeg\" alt=\"\" class=\"wp-image-24905\" width=\"563\" height=\"385\" srcset=\"https:\/\/www.czechcyclingfederation.com\/wp-content\/uploads\/2023\/05\/WhatsApp-Image-2023-05-04-at-22.12.37-1024x700.jpeg 1024w, https:\/\/www.czechcyclingfederation.com\/wp-content\/uploads\/2023\/05\/WhatsApp-Image-2023-05-04-at-22.12.37-293x200.jpeg 293w, https:\/\/www.czechcyclingfederation.com\/wp-content\/uploads\/2023\/05\/WhatsApp-Image-2023-05-04-at-22.12.37-768x525.jpeg 768w, https:\/\/www.czechcyclingfederation.com\/wp-content\/uploads\/2023\/05\/WhatsApp-Image-2023-05-04-at-22.12.37.jpeg 1171w\" sizes=\"auto, (max-width: 563px) 100vw, 563px\" \/><\/figure>\n<\/div>\n\n\n<p>Vynikaj\u00edc\u00ed z\u00e1vod zajel tak\u00e9 Patrik Jahoda (MH1), kter\u00fd zajel sv\u016fj nejlep\u0161\u00ed v\u00fdkon v\u00a0kari\u00e9\u0159e, bohu\u017eel to Patrikovi sta\u010dilo \u201epouze\u201c na \u010dtvrtou p\u0159\u00ed\u010dku a bronz mu utekl o necel\u00e9 4 sekundy. Patrik sv\u016fj z\u00e1vod ohodnotil takto: &#8220;<em>Dnes to bylo obrovsk\u00fd zklam\u00e1n\u00ed, jedno z nejv\u011bt\u0161\u00edch, kter\u00e9 jsem kdy za\u017eil. Paradoxn\u011b p\u0159i nejlep\u0161\u00edm v\u00fdkonu, kter\u00fd jsem kdy zajel. \u010c\u00edsla z wattmetru jsou opravdu fantastick\u00e1 a nikdy jsem se nep\u0159ibl\u00ed\u017eil prvn\u00edm dvou z\u00e1vodn\u00edk\u016fm tak jako dnes. Jen\u017ee t\u0159et\u00ed m\u00edsto naprosto ne\u010dekan\u011b obsadil Ameri\u010dan, kter\u00fd se oproti z\u00e1vod\u016fm z minulosti z\u00e1zra\u010dn\u011b a obrovsky zlep\u0161il. Ztratil jsem na n\u011bj 4 vte\u0159iny a op\u011bt jsem skon\u010dil \u010dtvrt\u00fd. Snad si v\u00a0sobotu (silni\u010dn\u00ed z\u00e1vod, pozn. red.) sprav\u00edm chu\u0165.<\/em>&#8220;<\/p>\n\n\n<div class=\"wp-block-image\">\n<figure class=\"aligncenter size-large is-resized\"><img loading=\"lazy\" decoding=\"async\" src=\"https:\/\/www.czechcyclingfederation.com\/wp-content\/uploads\/2023\/05\/WhatsApp-Image-2023-05-04-at-22.12.38-1024x768.jpeg\" alt=\"\" class=\"wp-image-24907\" width=\"545\" height=\"409\" srcset=\"https:\/\/www.czechcyclingfederation.com\/wp-content\/uploads\/2023\/05\/WhatsApp-Image-2023-05-04-at-22.12.38-1024x768.jpeg 1024w, https:\/\/www.czechcyclingfederation.com\/wp-content\/uploads\/2023\/05\/WhatsApp-Image-2023-05-04-at-22.12.38-267x200.jpeg 267w, https:\/\/www.czechcyclingfederation.com\/wp-content\/uploads\/2023\/05\/WhatsApp-Image-2023-05-04-at-22.12.38-768x576.jpeg 768w, https:\/\/www.czechcyclingfederation.com\/wp-content\/uploads\/2023\/05\/WhatsApp-Image-2023-05-04-at-22.12.38-1536x1152.jpeg 1536w, https:\/\/www.czechcyclingfederation.com\/wp-content\/uploads\/2023\/05\/WhatsApp-Image-2023-05-04-at-22.12.38-1320x990.jpeg 1320w, https:\/\/www.czechcyclingfederation.com\/wp-content\/uploads\/2023\/05\/WhatsApp-Image-2023-05-04-at-22.12.38.jpeg 2000w\" sizes=\"auto, (max-width: 545px) 100vw, 545px\" \/><\/figure>\n<\/div>\n\n\n<p>Se sv\u00fdm v\u00fdkonem m\u016f\u017ee b\u00fdt spokojen\u00e1 tak\u00e9 Kate\u0159ina Anto\u0161ov\u00e1 (WH3). Katka obsadila kone\u010dn\u00e9 10.m\u00edsto po solidn\u00edm v\u00fdkonu.<\/p>\n\n\n\n<p>V&nbsp;kategorii tricykl\u016f (MT1) nastoupili tak\u00e9 Roman \u0160ejna a Patrik Berger. Roman p\u0159i z\u00e1vod\u011b bohu\u017eel spadnul a musel svou ztr\u00e1tu doh\u00e1n\u011bt. Kluci obsadili des\u00e1t\u00e9, respektive jeden\u00e1ct\u00e9 m\u00edsto.<\/p>\n\n\n\n<p>Nejobsazen\u011bj\u0161\u00ed kategorii byla skupina MH3 \u2013 na startovn\u00ed rampu se postavilo celkem 49 handbiker\u016f, mezi kter\u00fdmi nechyb\u011bli: Pavel D\u011bck\u00fd, Tom\u00e1\u0161 Mo\u0161ni\u010dka a Va\u0161ek Antal. Nejl\u00e9pe se da\u0159ilo Va\u0161kovi, kter\u00fd dojel na 26.m\u00edst\u011b. Tom\u00e1\u0161 Mo\u0161ni\u010dka skon\u010dil 31. a Pavel D\u011bck\u00fd 38.<\/p>\n\n\n\n<p>Sv\u016fj prvn\u00ed velk\u00fd mezin\u00e1rodn\u00ed z\u00e1vod absolvoval tak\u00e9 Du\u0161an Ju\u0159i\u010dka (MH4, 26.m\u00edsto).<\/p>\n\n\n\n<p>V\u00fdkony \u010desk\u00fdch reprezentant\u016f hodnot\u00ed reprezenta\u010dn\u00ed tren\u00e9r Luk\u00e1\u0161 Petr n\u00e1sledovn\u011b: \u201e<em>Sv\u011btov\u00fd poh\u00e1r v Ostende b\u00fdv\u00e1 v\u017edy boj s v\u011btrem. Dne\u0161n\u00ed \u010dasovka nebyla v\u00fdjimkou, a tak rozhodovala schopnost udr\u017eet vysok\u00fd v\u00fdkon po celou dobu z\u00e1vodu, zvl\u00e1\u0161t\u011b v posledn\u00ed dlouh\u00e9 rovince s protiv\u011btrem. Na\u0161im reprezentant\u016fm se to povedlo a vyrovnan\u00fdmi j\u00edzdami si dojeli pro kr\u00e1sn\u00e9 v\u00fdsledky. Jsem r\u00e1d, \u017ee potvrzuj\u00ed sv\u016fj vysok\u00fd standard a jejich v\u00fdsledky nejsou ojedin\u011bl\u00e9.<\/em>\u201c<\/p>\n\n\n\n<p>Na svou \u010dasovku \u010dek\u00e1 posledn\u00ed z\u00e1vodn\u00edk z&nbsp;\u010cesk\u00e9 republiky \u2013 Ivo Koblasa. Ivo (MC2) pojede \u010dasovku z\u00edtra, stejn\u011b jako ostatn\u00ed z\u00e1vodn\u00edci z&nbsp;kategorii C (stoj\u00edc\u00ed cyklist\u00e9) a B (nevidom\u00ed).<\/p>\n\n\n\n<p><strong><u>V\u00fdsledky:<\/u><\/strong><\/p>\n\n\n\n<p><strong>WT1<\/strong><\/p>\n\n\n\n<ol class=\"wp-block-list\" type=\"1\">\n<li>VAN SOEST Marieke (NED) 45:17.113<\/li>\n\n\n\n<li><strong>VEJVODOV\u00c1 Pavl\u00edna (CZE) 46:53.469 (+01:36.355)<\/strong><\/li>\n\n\n\n<li>GAUTIER Shelley (CAN) 50:23.414 (+05:06.301)<\/li>\n<\/ol>\n\n\n\n<p><strong>MH1<\/strong><\/p>\n\n\n\n<ol class=\"wp-block-list\" type=\"1\">\n<li>CORNEGLIANI Fabrizio (ITA) 43:34.887<\/li>\n\n\n\n<li>HORDIES Maxime (BEL) 43:40.094 (+00:05.207)<\/li>\n\n\n\n<li>WILCOX Barry (USA) 44:55.586 (+01:20.699) \u2026&nbsp;<strong>4. JAHODA Patrik (CZE) 44:59.547 (+01:24.660)<\/strong><\/li>\n<\/ol>\n\n\n\n<p><strong>WH3<\/strong><\/p>\n\n\n\n<ol class=\"wp-block-list\" type=\"1\">\n<li>PARKER Lauren (AUS) 34:01.070<\/li>\n\n\n\n<li>DANA Alicia (USA) 35:19.035 (+01:17.965)<\/li>\n\n\n\n<li>ZEYEN Annika (GER) 35:39.352 (+01:38.281) \u2026&nbsp;<strong>10. ANTO\u0160OV\u00c1 Kate\u0159ina (CZE) 38:29.457 (+04:28.387)<\/strong><\/li>\n<\/ol>\n\n\n\n<p><strong>MT1<\/strong><\/p>\n\n\n\n<ol class=\"wp-block-list\" type=\"1\">\n<li>LU Rongfei (CHN) 35:49.504<\/li>\n\n\n\n<li>CHEN Jianxin (CHN) 36:03.465 (+00:13.961)<\/li>\n\n\n\n<li>CLEMENT Nathan (CAN) 36:10.305 (+00:20.801) \u2026&nbsp;<strong>10. BERGER Petr (CZE) (+46:44.750) (+10:55.246)<\/strong>&nbsp;\u2026&nbsp;<strong>11. \u0160EJNA Roman (CZE) 47:41.617 (+11:52.113)<\/strong><\/li>\n<\/ol>\n\n\n\n<p><strong>MH3<\/strong><\/p>\n\n\n\n<ol class=\"wp-block-list\" type=\"1\">\n<li>DANIELS Owen (USA) 30:38.027<\/li>\n\n\n\n<li>LYONS Brandon (USA) 30:39.668 (+00:01.641)<\/li>\n\n\n\n<li>MERKLEIN Vico (GER) 31:05.379 (+00:27.352) \u2026&nbsp;<strong>26. ANTAL V\u00e1clav (CZE) 32:49.895 (+02:11.867)&nbsp;<\/strong>\u2026&nbsp;<strong>31. MO\u0160NI\u010cKA Tom\u00e1\u0161 (CZE) 34:39.473 (+04:01.445)&nbsp;<\/strong>\u2026&nbsp;<strong>38. D\u011aCK\u00dd Pavel (CZE) 36:02.344 (+05:24.316)<\/strong><\/li>\n<\/ol>\n\n\n\n<p><strong>MH4<\/strong><\/p>\n\n\n\n<ol class=\"wp-block-list\" type=\"1\">\n<li>SCHIPPER Geert (NED) 28:19.074<\/li>\n\n\n\n<li>BOSREDON Mathieu (FRA) 28:32.789 (+00:13.715)<\/li>\n\n\n\n<li>VAN DE STEENE Jonas (BEL) 28:58.016 (+00:38.941) \u2026\u00a0<strong>26. JU\u0158I\u010cKA Du\u0161an (CZE) 36:33.078 (+08:14.004)<\/strong><\/li>\n<\/ol>\n\n\n\n<p>AUTOR: Vojt\u011bch Pavl\u00edk<\/p>\n","protected":false},"excerpt":{"rendered":"<p>Dnes v\u00a0poledne za\u010dal dal\u0161\u00ed z\u00e1vod ze s\u00e9rie sv\u011btov\u00e9ho poh\u00e1ru paracyklist\u016f UCI 2023. D\u011bji\u0161t\u011bm vrcholov\u00e9 paracyklistiky je belgick\u00e9 Ostende, kter\u00e9 pravideln\u011b host\u00ed nejvy\u0161\u0161\u00ed podniky. Cel\u00fd den jsme mohli sledovat \u010dasovky kategorii H (handbiky) a T (tricykly). Nejv\u011bt\u0161\u00edm \u017eel\u00edzkem v\u00a0ohni \u010desk\u00e9ho t\u00fdmu byla bezesporu Pavl\u00edna Vejvodov\u00e1 (WT1), kter\u00e1 zajela svou \u010dasovku na v\u00fdbornou a vybojovala skv\u011blou st\u0159\u00edbrnou [&hellip;]<\/p>\n","protected":false},"author":1,"featured_media":24903,"comment_status":"closed","ping_status":"open","sticky":false,"template":"","format":"standard","meta":{"footnotes":""},"categories":[17,2,99],"tags":[405],"class_list":["post-24902","post","type-post","status-publish","format-standard","has-post-thumbnail","hentry","category-discipliny","category-novinky","category-paracyklistika","tag-para"],"_links":{"self":[{"href":"https:\/\/www.czechcyclingfederation.com\/en\/wp-json\/wp\/v2\/posts\/24902","targetHints":{"allow":["GET"]}}],"collection":[{"href":"https:\/\/www.czechcyclingfederation.com\/en\/wp-json\/wp\/v2\/posts"}],"about":[{"href":"https:\/\/www.czechcyclingfederation.com\/en\/wp-json\/wp\/v2\/types\/post"}],"author":[{"embeddable":true,"href":"https:\/\/www.czechcyclingfederation.com\/en\/wp-json\/wp\/v2\/users\/1"}],"replies":[{"embeddable":true,"href":"https:\/\/www.czechcyclingfederation.com\/en\/wp-json\/wp\/v2\/comments?post=24902"}],"version-history":[{"count":2,"href":"https:\/\/www.czechcyclingfederation.com\/en\/wp-json\/wp\/v2\/posts\/24902\/revisions"}],"predecessor-version":[{"id":24910,"href":"https:\/\/www.czechcyclingfederation.com\/en\/wp-json\/wp\/v2\/posts\/24902\/revisions\/24910"}],"wp:featuredmedia":[{"embeddable":true,"href":"https:\/\/www.czechcyclingfederation.com\/en\/wp-json\/wp\/v2\/media\/24903"}],"wp:attachment":[{"href":"https:\/\/www.czechcyclingfederation.com\/en\/wp-json\/wp\/v2\/media?parent=24902"}],"wp:term":[{"taxonomy":"category","embeddable":true,"href":"https:\/\/www.czechcyclingfederation.com\/en\/wp-json\/wp\/v2\/categories?post=24902"},{"taxonomy":"post_tag","embeddable":true,"href":"https:\/\/www.czechcyclingfederation.com\/en\/wp-json\/wp\/v2\/tags?post=24902"}],"curies":[{"name":"wp","href":"https:\/\/api.w.org\/{rel}","templated":true}]}}