{"id":24892,"date":"2023-05-04T21:44:08","date_gmt":"2023-05-04T19:44:08","guid":{"rendered":"https:\/\/www.czechcyclingfederation.com\/?p=24892"},"modified":"2023-05-04T21:44:11","modified_gmt":"2023-05-04T19:44:11","slug":"uvodni-etapu-zmj-vyhral-nor-nordhagen","status":"publish","type":"post","link":"https:\/\/www.czechcyclingfederation.com\/en\/uvodni-etapu-zmj-vyhral-nor-nordhagen\/","title":{"rendered":"\u00davodn\u00ed etapu ZMJ vyhr\u00e1l Nor Nordhagen"},"content":{"rendered":"\n<p>Zahajovac\u00ed etapu 51. ro\u010dn\u00edku Z\u00e1vodu m\u00edru junior\u016f se startem a c\u00edlem v\u00a0Litom\u011b\u0159ic\u00edch vyhr\u00e1l Nor <strong>Jorgen Nordhagen<\/strong>, kdy\u017e ve spurtu vedouc\u00ed dvojice porazil Ameri\u010dana Andrew Augusta. Nejlep\u0161\u00edm z\u00a0\u010desk\u00fdch reprezentant\u016f byl 19. Jan Bittner.<\/p>\n\n\n\n<p><em><strong>\u201eByla to na \u00favod velmi t\u011b\u017ek\u00e1 etapa, ale j\u00e1 se ji sna\u017eil ud\u011blat je\u0161t\u011b t\u011b\u017e\u0161\u00ed. Ve stoup\u00e1n\u00edch jsem se c\u00edtil skv\u011ble, tak\u017ee jsem se rozhodl \u00fato\u010dit, co to \u0161lo. S Augustem jsme skv\u011ble spolupracovali a vydr\u017eelo to a\u017e do c\u00edle,\u201c <\/strong><\/em>\u0159ekl v\u00edt\u011bzn\u00fd Nordhagen.<\/p>\n\n\n\n<p>Do 1. etapy nastoupilo 141 cyklist\u016f z&nbsp;24 t\u00fdm\u016f a 21 zem\u00ed. Na programu byly dv\u011b vrcha\u0159sk\u00e9 pr\u00e9mie v&nbsp;Love\u010dkovic\u00edch a Muka\u0159ov\u011b. \u010clenit\u00fd profil zp\u016fsobil, \u017ee velmi brzy startovn\u00ed pole p\u0159estalo b\u00fdt kompaktn\u00ed, ale pr\u00e1v\u011b druh\u00e1 vrcha\u0159sk\u00e1 pr\u00e9mie byla pro etapu rozhoduj\u00edc\u00ed. Ihned po n\u00ed, tedy t\u0159icet kilometr\u016f p\u0159ed c\u00edlem, se k&nbsp;rozhoduj\u00edc\u00edmu \u00faniku rozhodla dvojice Nordhagen, August.<\/p>\n\n\n\n<figure class=\"wp-block-image size-large\"><img loading=\"lazy\" decoding=\"async\" width=\"1024\" height=\"682\" src=\"https:\/\/www.czechcyclingfederation.com\/wp-content\/uploads\/2023\/05\/spurt-1-etapa-1024x682.jpg\" alt=\"\" class=\"wp-image-24896\" srcset=\"https:\/\/www.czechcyclingfederation.com\/wp-content\/uploads\/2023\/05\/spurt-1-etapa-1024x682.jpg 1024w, https:\/\/www.czechcyclingfederation.com\/wp-content\/uploads\/2023\/05\/spurt-1-etapa-300x200.jpg 300w, https:\/\/www.czechcyclingfederation.com\/wp-content\/uploads\/2023\/05\/spurt-1-etapa-768x512.jpg 768w, https:\/\/www.czechcyclingfederation.com\/wp-content\/uploads\/2023\/05\/spurt-1-etapa-1536x1024.jpg 1536w, https:\/\/www.czechcyclingfederation.com\/wp-content\/uploads\/2023\/05\/spurt-1-etapa-1320x880.jpg 1320w, https:\/\/www.czechcyclingfederation.com\/wp-content\/uploads\/2023\/05\/spurt-1-etapa.jpg 2000w\" sizes=\"auto, (max-width: 1024px) 100vw, 1024px\" \/><figcaption class=\"wp-element-caption\"><em>O v\u00edt\u011bzstv\u00ed v etap\u011b nakonec rozhodl spurt vedouc\u00ed dvojice.<\/em><\/figcaption><\/figure>\n\n\n\n<p>Ti dva si to rozdali o prvenstv\u00ed, t\u0159et\u00ed skon\u010dil D\u00e1n Philipsen, kter\u00fd s&nbsp;odstupem t\u0159iadvaceti vte\u0159in p\u0159ivedl na bronzov\u00e9 p\u0159\u00ed\u010dce hlavn\u00ed pole.<\/p>\n\n\n\n<p><strong>Zah\u00e1lka spadl p\u0159i rozj\u00ed\u017ed\u011bn\u00ed<\/strong><\/p>\n\n\n\n<p>U\u017e p\u0159ed samotn\u00fdm startem p\u0159i\u0161el trochu \u0161ok a velk\u00e9 zklam\u00e1n\u00ed pro dom\u00e1c\u00ed fanou\u0161ky. Odchovanec terez\u00ednsk\u00e9 cyklistiky <strong>\u0160t\u011bp\u00e1n Zah\u00e1lka<\/strong> startuj\u00edc\u00ed v\u00a0\u010desk\u00e9m reprezenta\u010dn\u00edm v\u00fdb\u011bru m\u011bl p\u0159i rozj\u00ed\u017ed\u011bn\u00ed velmi nep\u0159\u00edjemn\u00fd p\u00e1d ve sjezdu v\u00a0\u017ditenic\u00edch.<\/p>\n\n\n\n<figure class=\"wp-block-image size-large\"><img loading=\"lazy\" decoding=\"async\" width=\"1024\" height=\"682\" src=\"https:\/\/www.czechcyclingfederation.com\/wp-content\/uploads\/2023\/05\/zahalka-zm-1024x682.jpg\" alt=\"\" class=\"wp-image-24898\" srcset=\"https:\/\/www.czechcyclingfederation.com\/wp-content\/uploads\/2023\/05\/zahalka-zm-1024x682.jpg 1024w, https:\/\/www.czechcyclingfederation.com\/wp-content\/uploads\/2023\/05\/zahalka-zm-300x200.jpg 300w, https:\/\/www.czechcyclingfederation.com\/wp-content\/uploads\/2023\/05\/zahalka-zm-768x512.jpg 768w, https:\/\/www.czechcyclingfederation.com\/wp-content\/uploads\/2023\/05\/zahalka-zm-1536x1024.jpg 1536w, https:\/\/www.czechcyclingfederation.com\/wp-content\/uploads\/2023\/05\/zahalka-zm-1320x880.jpg 1320w, https:\/\/www.czechcyclingfederation.com\/wp-content\/uploads\/2023\/05\/zahalka-zm.jpg 2000w\" sizes=\"auto, (max-width: 1024px) 100vw, 1024px\" \/><\/figure>\n\n\n\n<p>Po o\u0161et\u0159en\u00ed a v\u00fdm\u011bn\u011b kola ale do z\u00e1vodu stihl tak tak nastoupit. <strong><em>\u201e\u0160t\u011bp\u00e1n byl poml\u00e1cen\u00fd u\u017e z\u00a0minul\u00e9ho t\u00fddne a te\u010f se serval znovu. Nastoupit s\u00a0takov\u00fdm hendikepem, to je \u010dlov\u011bk hodn\u011b oslaben\u00fd. Je to sm\u016fla a v\u0161echny n\u00e1s to mrz\u00ed. Uvid\u00edme, jak se s\u00a0t\u00edm popere,\u201c <\/em><\/strong>poznamenal k nehod\u011b reprezentant\u016fv \u00fasp\u011b\u0161n\u00fd bratr Mat\u011bj, kter\u00fd je \u00fa\u0159aduj\u00edc\u00edm elitn\u00edm mistrem republiky a do Litom\u011b\u0159ic se p\u0159ijel na debut mlad\u00e9ho \u0160t\u011bp\u00e1na pod\u00edvat.<\/p>\n\n\n\n<p>Ten nakonec c\u00edlovou p\u00e1skou projel na 78. m\u00edst\u011b se ztr\u00e1tou v\u00edce ne\u017e \u010dty\u0159 minut. Nejlep\u0161\u00edm z&nbsp;dom\u00e1c\u00edch jezdc\u016f byl devaten\u00e1ct\u00fd Jan Bittner, kter\u00fd p\u0159ijel v&nbsp;hlavn\u00edm poli, stejn\u011b jako dal\u0161\u00ed \u010dty\u0159i \u010ce\u0161i. Ostatn\u00ed nabrali ztr\u00e1ty.<\/p>\n\n\n\n<p><strong>V\u00fdsledky \u2013 1. etapa (Litom\u011b\u0159ice \u2013 Litom\u011b\u0159ice, 102,8 km): <\/strong>1. Nordhagen (Norsko) 2:29:27<strong>, <\/strong>2. August (USA) stejn\u00fd \u010das<strong>, <\/strong>3. Philipsen, 4. Frydkjar (oba D\u00e1n.), 5. van der Werff (Niz.), \u2026 <strong>19. Bittner, 38. Kobr, 49. Falt\u00fdnek, 54. B\u00e1rta, 55. \u0160ump\u00edk <\/strong>(v\u0161. \u010cR) v\u0161. stejn\u00fd \u010das.<\/p>\n\n\n\n<p>Foto: Patrik P\u00e1tek\/PatRESS<\/p>\n","protected":false},"excerpt":{"rendered":"<p>Zahajovac\u00ed etapu 51. ro\u010dn\u00edku Z\u00e1vodu m\u00edru junior\u016f se startem a c\u00edlem v\u00a0Litom\u011b\u0159ic\u00edch vyhr\u00e1l Nor Jorgen Nordhagen, kdy\u017e ve spurtu vedouc\u00ed dvojice porazil Ameri\u010dana Andrew Augusta. Nejlep\u0161\u00edm z\u00a0\u010desk\u00fdch reprezentant\u016f byl 19. Jan Bittner. \u201eByla to na \u00favod velmi t\u011b\u017ek\u00e1 etapa, ale j\u00e1 se ji sna\u017eil ud\u011blat je\u0161t\u011b t\u011b\u017e\u0161\u00ed. Ve stoup\u00e1n\u00edch jsem se c\u00edtil skv\u011ble, tak\u017ee jsem [&hellip;]<\/p>\n","protected":false},"author":15,"featured_media":24894,"comment_status":"closed","ping_status":"open","sticky":false,"template":"","format":"standard","meta":{"footnotes":""},"categories":[2,18,1],"tags":[11],"class_list":["post-24892","post","type-post","status-publish","format-standard","has-post-thumbnail","hentry","category-novinky","category-silnice","category-uncategorized-cs","tag-silnice"],"_links":{"self":[{"href":"https:\/\/www.czechcyclingfederation.com\/en\/wp-json\/wp\/v2\/posts\/24892","targetHints":{"allow":["GET"]}}],"collection":[{"href":"https:\/\/www.czechcyclingfederation.com\/en\/wp-json\/wp\/v2\/posts"}],"about":[{"href":"https:\/\/www.czechcyclingfederation.com\/en\/wp-json\/wp\/v2\/types\/post"}],"author":[{"embeddable":true,"href":"https:\/\/www.czechcyclingfederation.com\/en\/wp-json\/wp\/v2\/users\/15"}],"replies":[{"embeddable":true,"href":"https:\/\/www.czechcyclingfederation.com\/en\/wp-json\/wp\/v2\/comments?post=24892"}],"version-history":[{"count":2,"href":"https:\/\/www.czechcyclingfederation.com\/en\/wp-json\/wp\/v2\/posts\/24892\/revisions"}],"predecessor-version":[{"id":24900,"href":"https:\/\/www.czechcyclingfederation.com\/en\/wp-json\/wp\/v2\/posts\/24892\/revisions\/24900"}],"wp:featuredmedia":[{"embeddable":true,"href":"https:\/\/www.czechcyclingfederation.com\/en\/wp-json\/wp\/v2\/media\/24894"}],"wp:attachment":[{"href":"https:\/\/www.czechcyclingfederation.com\/en\/wp-json\/wp\/v2\/media?parent=24892"}],"wp:term":[{"taxonomy":"category","embeddable":true,"href":"https:\/\/www.czechcyclingfederation.com\/en\/wp-json\/wp\/v2\/categories?post=24892"},{"taxonomy":"post_tag","embeddable":true,"href":"https:\/\/www.czechcyclingfederation.com\/en\/wp-json\/wp\/v2\/tags?post=24892"}],"curies":[{"name":"wp","href":"https:\/\/api.w.org\/{rel}","templated":true}]}}