{"id":24879,"date":"2023-05-04T11:22:01","date_gmt":"2023-05-04T09:22:01","guid":{"rendered":"https:\/\/www.czechcyclingfederation.com\/?p=24879"},"modified":"2023-05-04T11:26:17","modified_gmt":"2023-05-04T09:26:17","slug":"cyklistika-vzdelani-praxe-cyklisticke-kempy-na-ftvs-uk","status":"publish","type":"post","link":"https:\/\/www.czechcyclingfederation.com\/en\/cyklistika-vzdelani-praxe-cyklisticke-kempy-na-ftvs-uk\/","title":{"rendered":"\u202dCyklistika, vzd\u011bl\u00e1n\u00ed, praxe = cyklistick\u00e9 kempy na\u00a0\u00a0FTVS UK\u202d"},"content":{"rendered":"\n<p><strong>Pat\u0159\u00edte mezi milovn\u00edky cyklistiky, tr\u00e1v\u00edte v\u00a0sedle voln\u00e9 chv\u00edle, z\u00e1vod\u00edte a chcete se posunout d\u00e1le? Nejen v\u00fdkonem, ale r\u00e1di byste z\u00edskali nov\u00e9 poznatky, zku\u0161enosti od profesion\u00e1l\u016f a odborn\u00edk\u016f?\u00a0<\/strong><strong>U\u010dit se sport nen\u00ed ostuda! Naopak, poj\u010fte se \u0161kolit od t\u011bch nejlep\u0161\u00edch.\u00a0<\/strong><strong>Proto Fakulta t\u011blesn\u00e9 v\u00fdchovy a sportu ve spolupr\u00e1ci \u010cesk\u00fdm svazem cyklistiky a dal\u0161\u00edmi partnery p\u0159ipravila cyklistick\u00e9 kempy pro z\u00e1jemce o vzd\u011bl\u00e1n\u00ed v oboru cyklistika se zam\u011b\u0159en\u00edm na praxi. Leto\u0161n\u00ed novinkou je tak\u00e9 denn\u00ed kurz dr\u00e1hov\u00e9 cyklistiky.\u00a0<\/strong><\/p>\n\n\n\n<p>Polo\u017eili jste si n\u011bkdy ot\u00e1zku, zda um\u00edte opravdu jezdit na kole nebo jestli neni\u010d\u00edte sv\u00e9 t\u011blo nespr\u00e1vnou technikou j\u00edzdy, nevhodn\u00fdmi d\u00e1vkami kilometr\u016f, p\u0159\u00edpadn\u011b chybn\u00fdm posedem? Zaj\u00edm\u00e1 v\u00e1s, jak spr\u00e1vn\u011b kompenzovat a co a kdy j\u00edst? Pr\u00e1v\u011b na tyto a dal\u0161\u00ed ot\u00e1zky v\u00e1m odpov\u00ed kurzy FTVS UK.&nbsp;<\/p>\n\n\n\n<p><strong>Charakteristika kurz\u016f<\/strong><\/p>\n\n\n\n<p>Kempy jsou 4denn\u00ed a \u00fa\u010dastn\u00edci si projdou pl\u00e1nov\u00e1n\u00ed cyklistick\u00e9ho tr\u00e9ninku se Svatoplukem Henkem formou p\u0159edn\u00e1\u0161ek. D\u00e1le si osvoj\u00ed techniku j\u00edzdy na silni\u010dn\u00edm a horsk\u00e9m kole s&nbsp;mistrem Evropy Kristi\u00e1nem Hynkem a paralympionikem Michalem Starkem. Nezbytnou sou\u010d\u00e1st\u00ed jsou ka\u017edodenn\u00ed tr\u00e9ninky \u2013 vyj\u00ed\u017e\u010fky na bike i silni\u010dn\u00edm kole.&nbsp;D\u00edky spolupr\u00e1ci s&nbsp;\u010cesk\u00fdm cyklistick\u00fdm svazem je nov\u011b za\u0159azen jednodenn\u00ed kurz dr\u00e1hov\u00e9 cyklistiky.&nbsp;&nbsp;<\/p>\n\n\n\n<p>Dal\u0161\u00ed d\u016fle\u017eitou sou\u010d\u00e1st\u00ed jsou lekce kompenza\u010dn\u00edch cvi\u010den\u00ed, p\u0159edn\u00e1\u0161ky a semin\u00e1\u0159e o technice s&nbsp;Michalem Fiklasem, mechanikem zna\u010dek Superior a Rock Machine. Sou\u010dasn\u011b se tak\u00e9 pod\u00edv\u00e1me pod pokli\u010dku organizace velk\u00fdch cyklistick\u00fdch z\u00e1vod\u016f (Kolo pro \u017eivot, L\u2018Etape Czech Republic) a nast\u00edn\u00edme problematiku sportovn\u00edho marketingu v&nbsp;oblasti cyklistiky s&nbsp;Tom\u00e1\u0161em Pravencem z&nbsp;Petr \u010cech Sport.&nbsp;Nebudou chyb\u011bt ani ve\u010dern\u00ed cyklistick\u00e9 besedy o pov\u011bstn\u00e9m Cape Epic nebo paralympi\u00e1d\u00e1ch. A jako bonus fajn parta, kter\u00e1 r\u00e1da sportuje a jezd\u00ed na kole.&nbsp;<\/p>\n\n\n\n<p>Pro\u010d se kurzu z\u00fa\u010dastnit, co v\u00e1m p\u0159inese?&nbsp;<\/p>\n\n\n\n<p>V&nbsp;r\u00e1mci kurz\u016f je tak\u00e9 mo\u017en\u00e9 st\u00e1t se tren\u00e9rem a z\u00edskat kvalifikaci tren\u00e9ra (tren\u00e9rsk\u00e1 licence C a B).<\/p>\n\n\n\n<p><strong>Zeptali jsem se:&nbsp;<\/strong><\/p>\n\n\n\n<p><strong>Kristiana Hynka (b\u00fdval\u00e9ho z\u00e1vodn\u00edka, v\u00edt\u011bze legend\u00e1rn\u00edho Cape Epic)&nbsp;<\/strong><\/p>\n\n\n\n<p>Jsem r\u00e1d, \u017ee mohu b\u00fdt sou\u010d\u00e1sti vzd\u011bl\u00e1v\u00e1n\u00ed v&nbsp;oblasti cyklistiky (kemp\u016f) pod FTVS UK. Je pro mne inspiruj\u00edc\u00ed vid\u011bt z\u00e1jem o cyklistiku mezi mlad\u00fdmi a z\u00e1rove\u0148 svou pozici vn\u00edm\u00e1m jako p\u0159\u00edle\u017eitost po ukon\u010deni sv\u00e9 zavodn\u00ed kariery p\u0159edat n\u011bco ze sv\u00fdch zku\u0161enosti a znalosti dal. R\u00e1d bych, aby tato specializace vychovala nov\u00e9 tren\u00e9ry, kte\u0159\u00ed by p\u0159isp\u011bly k celkov\u00e9mu rozvoji cyklistiky u n\u00e1s.<\/p>\n\n\n\n<p><strong>Tom\u00e1\u0161 Pravence (Petr \u010cech Sport)<\/strong><\/p>\n\n\n\n<p>V\u00e1\u017e\u00edme si spojen\u00ed s&nbsp;FTVS UK a segmentem cyklistiky, kter\u00e1 je v r\u00e1mci organizace sportovn\u00edch event\u016f na\u0161\u00ed dom\u00e9nou. A\u0165 u\u017e chce n\u011bkdo jezdit na kole pro radost, z\u00e1vodn\u011b, na n\u00e1kup anebo ji dokonce studovat, fand\u00edme tomu a maxim\u00e1ln\u011b tuto aktivitu podporujeme. S kempy m\u00e1m osobn\u00ed zku\u0161enost a mohu je pouze doporu\u010dit. Vn\u00edm\u00e1me jako nezbytn\u00e9, aby se hobby sportovci \u010di mlad\u00ed lid\u00e9 ve sportu vzd\u011bl\u00e1vali.&nbsp;<\/p>\n\n\n\n<p><strong>Martina Dvo\u0159\u00e1ka (\u010cesk\u00fd svaz cyklistiky)&nbsp;<\/strong><\/p>\n\n\n\n<p>\u010cesk\u00fd svaz cyklistiky se dlouhodob\u011b sna\u017e\u00ed zapojovat do projekt\u016f, kter\u00e9 maj\u00ed smysl, p\u0159esah a pom\u00e1haj\u00ed rozv\u00edjet cyklistiku na v\u0161ech mo\u017en\u00fdch \u00farovn\u00edch. Jako nejvy\u0161\u0161\u00ed cyklistick\u00e1 instance u n\u00e1s vid\u00edme velk\u00fd potenci\u00e1l pr\u00e1v\u011b v\u00a0propojen\u00ed se s\u00a0FTVS UK, kterou pova\u017eujeme za jednu z\u00a0nejvy\u0161\u0161\u00edch a nejkvalitn\u011bj\u0161\u00edch vzd\u011bl\u00e1vac\u00edch instituc\u00ed v oblasti sportu v \u010cR. V\u011b\u0159\u00edme, \u017ee spole\u010dn\u011b m\u016f\u017eeme \u00fa\u010dastn\u00edk\u016fm kurzu doru\u010dit kvalitn\u00ed, odborn\u00e9 vzd\u011bl\u00e1v\u00e1n\u00ed od p\u0159edn\u00edch z\u00e1stupc\u016f v\u00a0jednotliv\u00fdch oborech.<\/p>\n\n\n\n<p><strong>Hanky Topolovov\u00e9 (Fakulta t\u011blesn\u00e9 v\u00fdchovy a sportu UK)<\/strong><\/p>\n\n\n\n<p>Cyklistick\u00fdch kemp\u016f je na trhu mnoho, p\u0159idanou hodnotou FTVS UK kemp\u016f je edukativn\u00ed \u010d\u00e1st, odborn\u00edci a mo\u017enost se posunout v oblasti cyklistiky d\u00e1le, z\u00edskat nov\u00e9 poznatky a zku\u0161enosti od odborn\u00edk\u016f v&nbsp;r\u016fzn\u00fdch souvislostech spojen\u00fdch s&nbsp;cyklistikou. Analyzovat mo\u017en\u00e9 chyby, kter\u00fdch se p\u0159i j\u00edzd\u011b dopou\u0161t\u00edte, osobn\u00ed konzultace. Najedete mnoho p\u011bkn\u00fdch kilometr\u016f v&nbsp;l\u016fn\u011b \u0160umavy po boku osobnost\u00ed, jako jsou Kristi\u00e1n Hynek, Kate\u0159ina Neumannov\u00e1 a dal\u0161\u00ed.<\/p>\n\n\n\n<p>Poje\u010fte na cyklistick\u00fd kemp Fakulty t\u011blesn\u00e9 v\u00fdchovy a sportu!<\/p>\n\n\n\n<p>(bike, silni\u010dka, gravel a NOV\u011a dr\u00e1hov\u00e1 cyklistika)&nbsp;<\/p>\n\n\n\n<p>term\u00edn: 18. 5. \u2012 21. 5. 2023, m\u00edsto: Zadov, Chalupa Kate\u0159iny Neumannov\u00e9&nbsp;<\/p>\n\n\n\n<p><strong>CENA: 3500 K\u010d (studenti \u2013 specializace), 5800 K\u010d (studenti), 7800 K\u010d (ostatn\u00ed)<\/strong><\/p>\n\n\n\n<p>(cena zahrnuje kurz, ubytov\u00e1n\u00ed + sn\u00eddani a bal\u00ed\u010dek od partner\u016f)<\/p>\n\n\n\n<p>Kontaktn\u00ed osoba: Hanka Topolovov\u00e1,&nbsp;<a href=\"mailto:topolovova@ftvs.cuni.cz\">topolovova@ftvs.cuni.cz<\/a><\/p>\n\n\n<div class=\"wp-block-image\">\n<figure class=\"aligncenter size-large is-resized\"><img loading=\"lazy\" decoding=\"async\" src=\"https:\/\/www.czechcyclingfederation.com\/wp-content\/uploads\/2023\/05\/Cyklistika-pozvanka_vcetne-svazu--722x1024.jpg\" alt=\"\" class=\"wp-image-24882\" width=\"449\" height=\"637\" srcset=\"https:\/\/www.czechcyclingfederation.com\/wp-content\/uploads\/2023\/05\/Cyklistika-pozvanka_vcetne-svazu--722x1024.jpg 722w, https:\/\/www.czechcyclingfederation.com\/wp-content\/uploads\/2023\/05\/Cyklistika-pozvanka_vcetne-svazu--141x200.jpg 141w, https:\/\/www.czechcyclingfederation.com\/wp-content\/uploads\/2023\/05\/Cyklistika-pozvanka_vcetne-svazu--768x1090.jpg 768w, https:\/\/www.czechcyclingfederation.com\/wp-content\/uploads\/2023\/05\/Cyklistika-pozvanka_vcetne-svazu-.jpg 874w\" sizes=\"auto, (max-width: 449px) 100vw, 449px\" \/><\/figure>\n<\/div>\n\n<div class=\"wp-block-image\">\n<figure class=\"aligncenter size-large is-resized\"><img loading=\"lazy\" decoding=\"async\" src=\"https:\/\/www.czechcyclingfederation.com\/wp-content\/uploads\/2023\/05\/technika_3-1024x768.jpeg\" alt=\"\" class=\"wp-image-24884\" width=\"628\" height=\"471\" srcset=\"https:\/\/www.czechcyclingfederation.com\/wp-content\/uploads\/2023\/05\/technika_3-1024x768.jpeg 1024w, https:\/\/www.czechcyclingfederation.com\/wp-content\/uploads\/2023\/05\/technika_3-267x200.jpeg 267w, https:\/\/www.czechcyclingfederation.com\/wp-content\/uploads\/2023\/05\/technika_3-768x576.jpeg 768w, https:\/\/www.czechcyclingfederation.com\/wp-content\/uploads\/2023\/05\/technika_3-1536x1152.jpeg 1536w, https:\/\/www.czechcyclingfederation.com\/wp-content\/uploads\/2023\/05\/technika_3-1320x990.jpeg 1320w, https:\/\/www.czechcyclingfederation.com\/wp-content\/uploads\/2023\/05\/technika_3.jpeg 2048w\" sizes=\"auto, (max-width: 628px) 100vw, 628px\" \/><\/figure>\n<\/div>","protected":false},"excerpt":{"rendered":"<p>Pat\u0159\u00edte mezi milovn\u00edky cyklistiky, tr\u00e1v\u00edte v\u00a0sedle voln\u00e9 chv\u00edle, z\u00e1vod\u00edte a chcete se posunout d\u00e1le? Nejen v\u00fdkonem, ale r\u00e1di byste z\u00edskali nov\u00e9 poznatky, zku\u0161enosti od profesion\u00e1l\u016f a odborn\u00edk\u016f?\u00a0U\u010dit se sport nen\u00ed ostuda! Naopak, poj\u010fte se \u0161kolit od t\u011bch nejlep\u0161\u00edch.\u00a0Proto Fakulta t\u011blesn\u00e9 v\u00fdchovy a sportu ve spolupr\u00e1ci \u010cesk\u00fdm svazem cyklistiky a dal\u0161\u00edmi partnery p\u0159ipravila cyklistick\u00e9 kempy pro [&hellip;]<\/p>\n","protected":false},"author":1,"featured_media":24880,"comment_status":"closed","ping_status":"open","sticky":false,"template":"","format":"standard","meta":{"footnotes":""},"categories":[28,201,17,2,173],"tags":[174],"class_list":["post-24879","post","type-post","status-publish","format-standard","has-post-thumbnail","hentry","category-cesky-svaz-cyklistiky","category-cyklistika-pro-vsechny","category-discipliny","category-novinky","category-vzdelavani","tag-vzdelavani"],"_links":{"self":[{"href":"https:\/\/www.czechcyclingfederation.com\/en\/wp-json\/wp\/v2\/posts\/24879","targetHints":{"allow":["GET"]}}],"collection":[{"href":"https:\/\/www.czechcyclingfederation.com\/en\/wp-json\/wp\/v2\/posts"}],"about":[{"href":"https:\/\/www.czechcyclingfederation.com\/en\/wp-json\/wp\/v2\/types\/post"}],"author":[{"embeddable":true,"href":"https:\/\/www.czechcyclingfederation.com\/en\/wp-json\/wp\/v2\/users\/1"}],"replies":[{"embeddable":true,"href":"https:\/\/www.czechcyclingfederation.com\/en\/wp-json\/wp\/v2\/comments?post=24879"}],"version-history":[{"count":1,"href":"https:\/\/www.czechcyclingfederation.com\/en\/wp-json\/wp\/v2\/posts\/24879\/revisions"}],"predecessor-version":[{"id":24886,"href":"https:\/\/www.czechcyclingfederation.com\/en\/wp-json\/wp\/v2\/posts\/24879\/revisions\/24886"}],"wp:featuredmedia":[{"embeddable":true,"href":"https:\/\/www.czechcyclingfederation.com\/en\/wp-json\/wp\/v2\/media\/24880"}],"wp:attachment":[{"href":"https:\/\/www.czechcyclingfederation.com\/en\/wp-json\/wp\/v2\/media?parent=24879"}],"wp:term":[{"taxonomy":"category","embeddable":true,"href":"https:\/\/www.czechcyclingfederation.com\/en\/wp-json\/wp\/v2\/categories?post=24879"},{"taxonomy":"post_tag","embeddable":true,"href":"https:\/\/www.czechcyclingfederation.com\/en\/wp-json\/wp\/v2\/tags?post=24879"}],"curies":[{"name":"wp","href":"https:\/\/api.w.org\/{rel}","templated":true}]}}