{"id":2483,"date":"2020-10-03T20:37:08","date_gmt":"2020-10-03T18:37:08","guid":{"rendered":"http:\/\/www.czechcyclingfederation.com\/?p=2483"},"modified":"2020-10-09T09:45:27","modified_gmt":"2020-10-09T07:45:27","slug":"terminy-strabag-cupu-2021","status":"publish","type":"post","link":"https:\/\/www.czechcyclingfederation.com\/en\/terminy-strabag-cupu-2021\/","title":{"rendered":"Term\u00edny STRABAG Cupu 2021"},"content":{"rendered":"\n<p>V n\u00e1vaznosti na vydan\u00e9 term\u00edny Sv\u011btov\u00e9ho poh\u00e1ru MTB zve\u0159ejnila Komise MTB \u010cesk\u00e9ho svazu cyklistiky term\u00edny STRABAG Cupu \u2013 \u010cesk\u00e9ho poh\u00e1ru horsk\u00fdch kol v olympijsk\u00e9m cross country pro sezonu 2021. &#8220;Na UCI \u017e\u00e1d\u00e1me o Juniorskou s\u00e9rii pro v\u0161echny z\u00e1vody. Uvid\u00edme, na kter\u00e9 n\u00e1m bude p\u0159id\u011blena.&nbsp; Stejn\u011b tak \u017e\u00e1d\u00e1me o p\u0159id\u011blen\u00ed kategorie HC na z\u00e1vod na Zadov\u011b. Ten si to svou kvalitou a \u00farovn\u00ed jist\u011b zaslou\u017e\u00ed,&#8221; \u0159ekl p\u0159edseda komise Josef Dloho\u0161.<\/p>\n\n\n\n<p>&#8220;Leto\u0161n\u00ed \u00b4mal\u00fd sv\u011b\u0165\u00e1k\u00b4 se tam nejenom d\u00edky koronavirov\u00e9 pandemii, ale p\u0159edev\u0161\u00edm d\u00edky mo\u017enostem are\u00e1lu a nasazen\u00ed organiz\u00e1tor\u016f, opravdu povedl. T\u011b\u0161\u00edme se samoz\u0159ejm\u011b i do ostatn\u00edch destinac\u00ed. M\u011bsto Tou\u0161kov v Plze\u0148sk\u00e9m kraji se st\u00e1v\u00e1 pomalu ale jist\u011b bikerskou srdcovkou. V m\u00edstn\u00ed z\u00e1vodn\u00ed rokli u\u017e se zase chystaj\u00ed nov\u00e9 pas\u00e1\u017ee a prvky. V Brn\u011b \u0160pek pracuje na trati dnem i noc\u00ed, vychov\u00e1v\u00e1 novou generaci bikersk\u00e9ho pot\u011bru \u2013 i sem se STRABAG Cup vrac\u00ed velmi r\u00e1d. Ale ani Bed\u0159ichov a Hlinsko nez\u016fst\u00e1vaj\u00ed po leto\u0161n\u00ed absenci pozadu. Do Bed\u0159ichova MTB prost\u011b pat\u0159\u00ed a m\u00edstn\u00ed tra\u0165 je jedna z t\u011bch velmi poveden\u00fdch. Stejn\u011b jako pr\u00e1ce Brudra v ly\u017ea\u0159sk\u00e9m are\u00e1lu v Hlinsku,&#8221; pokra\u010doval Dloho\u0161.<\/p>\n\n\n\n<p>Jedin\u00e9 m\u00edsto, kter\u00e9 je\u0161t\u011b nen\u00ed stoprocentn\u011b dan\u00e9, je mistrovstv\u00ed \u010cesk\u00e9 republiky. &#8220;Zde je\u0161t\u011b jedn\u00e1me s n\u011bkolika organiz\u00e1tory a rozhodujeme se kde \u0161ampion\u00e1t v sezon\u011b 2021 uspo\u0159\u00e1dat. Term\u00edn si ji\u017e ale m\u016f\u017eete poznamenat,&#8221; prozradil Dloho\u0161.<\/p>\n\n\n\n<p>STRABAG Cup v roce 2021 bude tedy sv\u00fdm harmonogramem rozd\u011blen do dvou f\u00e1z\u00ed: p\u0159edolympijskou, kter\u00e1 bude kon\u010dit na konci kv\u011btna a pak \u201epr\u00e1zdninovou\u201c kter\u00e1 bude kon\u010dit a\u017e v srpnu fin\u00e1lov\u00fdm z\u00e1vodem v Hlinsku.<\/p>\n\n\n\n<p>D\u011bkujeme za p\u0159\u00edze\u0148 a z\u00e1jem v leto\u0161n\u00ed podivn\u00e9 sezon\u011b a t\u011b\u0161\u00edme se na v\u00e1s &#8211; z\u00e1vodn\u00edky, doprovody, tren\u00e9ry, mechaniky, baf\u00edky a div\u00e1ky v t\u00e9 p\u0159\u00ed\u0161t\u00ed. Ta ji\u017e, jak pevn\u011b v\u011b\u0159\u00edme, bude bez omezen\u00ed a za norm\u00e1ln\u00edho stavu v\u011bc\u00ed,&#8221; dodal Josef Dloho\u0161.<\/p>\n\n\n\n<p>Program STRABAG Cupu \u2013 \u010cesk\u00e9ho poh\u00e1ru 2021.<\/p>\n\n\n\n<p>24. \u2013 25. dubna: M\u011bsto Tou\u0161kov &#8211; UCI C1, JWS<\/p>\n\n\n\n<p>22. \u2013 23. kv\u011btna: Zadov &#8211; UCI HC, JWS<\/p>\n\n\n\n<p>29. \u2013 30. kv\u011btna: Brno &#8211; UCI C1 JWS<\/p>\n\n\n\n<p>26. \u2013 27. \u010dervna: Bed\u0159ichov &#8211; UCI C1, JWS<\/p>\n\n\n\n<p>17. \u2013 18. \u010dervence: M\u010cR &#8211; UCI CN<\/p>\n\n\n\n<p>14. \u2013 15. srpna: Hlinsko &#8211; UCI C1, JWS<\/p>\n\n\n\n<p>FOTO Ji\u0159\u00ed Greif<\/p>\n","protected":false},"excerpt":{"rendered":"<p>V n\u00e1vaznosti na vydan\u00e9 term\u00edny Sv\u011btov\u00e9ho poh\u00e1ru MTB zve\u0159ejnila Komise MTB \u010cesk\u00e9ho svazu cyklistiky term\u00edny STRABAG Cupu \u2013 \u010cesk\u00e9ho poh\u00e1ru horsk\u00fdch kol v olympijsk\u00e9m cross country pro sezonu 2021. &#8220;Na UCI \u017e\u00e1d\u00e1me o Juniorskou s\u00e9rii pro v\u0161echny z\u00e1vody. Uvid\u00edme, na kter\u00e9 n\u00e1m bude p\u0159id\u011blena.&nbsp; Stejn\u011b tak \u017e\u00e1d\u00e1me o p\u0159id\u011blen\u00ed kategorie HC na z\u00e1vod na Zadov\u011b. [&hellip;]<\/p>\n","protected":false},"author":8,"featured_media":1242,"comment_status":"closed","ping_status":"open","sticky":false,"template":"","format":"standard","meta":{"footnotes":""},"categories":[6,2],"tags":[10],"class_list":["post-2483","post","type-post","status-publish","format-standard","has-post-thumbnail","hentry","category-mtb","category-novinky","tag-mtb"],"_links":{"self":[{"href":"https:\/\/www.czechcyclingfederation.com\/en\/wp-json\/wp\/v2\/posts\/2483","targetHints":{"allow":["GET"]}}],"collection":[{"href":"https:\/\/www.czechcyclingfederation.com\/en\/wp-json\/wp\/v2\/posts"}],"about":[{"href":"https:\/\/www.czechcyclingfederation.com\/en\/wp-json\/wp\/v2\/types\/post"}],"author":[{"embeddable":true,"href":"https:\/\/www.czechcyclingfederation.com\/en\/wp-json\/wp\/v2\/users\/8"}],"replies":[{"embeddable":true,"href":"https:\/\/www.czechcyclingfederation.com\/en\/wp-json\/wp\/v2\/comments?post=2483"}],"version-history":[{"count":3,"href":"https:\/\/www.czechcyclingfederation.com\/en\/wp-json\/wp\/v2\/posts\/2483\/revisions"}],"predecessor-version":[{"id":2486,"href":"https:\/\/www.czechcyclingfederation.com\/en\/wp-json\/wp\/v2\/posts\/2483\/revisions\/2486"}],"wp:featuredmedia":[{"embeddable":true,"href":"https:\/\/www.czechcyclingfederation.com\/en\/wp-json\/wp\/v2\/media\/1242"}],"wp:attachment":[{"href":"https:\/\/www.czechcyclingfederation.com\/en\/wp-json\/wp\/v2\/media?parent=2483"}],"wp:term":[{"taxonomy":"category","embeddable":true,"href":"https:\/\/www.czechcyclingfederation.com\/en\/wp-json\/wp\/v2\/categories?post=2483"},{"taxonomy":"post_tag","embeddable":true,"href":"https:\/\/www.czechcyclingfederation.com\/en\/wp-json\/wp\/v2\/tags?post=2483"}],"curies":[{"name":"wp","href":"https:\/\/api.w.org\/{rel}","templated":true}]}}