{"id":24757,"date":"2023-04-28T15:53:27","date_gmt":"2023-04-28T13:53:27","guid":{"rendered":"https:\/\/www.czechcyclingfederation.com\/?p=24757"},"modified":"2023-04-28T15:53:30","modified_gmt":"2023-04-28T13:53:30","slug":"kralovskou-etapu-gracie-vyhrala-zanettiova","status":"publish","type":"post","link":"https:\/\/www.czechcyclingfederation.com\/en\/kralovskou-etapu-gracie-vyhrala-zanettiova\/","title":{"rendered":"Kr\u00e1lovskou etapu GRACIE vyhr\u00e1la Zanettiov\u00e1"},"content":{"rendered":"\n<p>Druh\u00e1 etapa z\u00e1vodu Gracia Orlov\u00e1 byla nejt\u011b\u017e\u0161\u00ed z cel\u00e9ho 35. ro\u010dn\u00edku. 100 kilometr\u016f dlouh\u00fd z\u00e1vod vedl p\u0159es vrcholy Pustevny, Bumb\u00e1lka, Sol\u00e1\u0148 a Pindula. Pr\u016fb\u011b\u017en\u011b druh\u00e1 Jenny Rissvedsov\u00e1 dok\u00e1zala po \u00fatoku na Sol\u00e1ni utrhnout vedouc\u00ed Dominiku Wlodarczykovou, ale s\u00f3lov\u00fd \u00fanik a\u017e do c\u00edle nedot\u00e1hla. Ve spurtu elitn\u00ed skupiny byla nejrychlej\u0161\u00ed \u0160v\u00fdcarka Linda Zanettiov\u00e1.<\/p>\n\n\n\n<p>Kr\u00e1lovsk\u00e1 etapa Gracie byla nabit\u00e1 akc\u00ed. Hned po startu byly p\u0159ipraveny dv\u011b rychlostn\u00ed pr\u00e9mie. Na prvn\u00ed v Lichnov\u011b zabodovala Jenny Rissvedsov\u00e1, kter\u00e1 sn\u00ed\u017eila ztr\u00e1tu ve virtu\u00e1ln\u00edm celkov\u00e9m po\u0159ad\u00ed na Dominiku Wlodarczykovou na 5 sekund, ale Polka kontrovala o n\u011bkolik kilometr\u016f d\u00e1le na pr\u00e9mii u Cyklosportu Pra\u0161ivka. Pr\u00e9mii vyhr\u00e1la, z\u00edskala t\u0159i bonusov\u00e9 sekundy a nav\u00fd\u0161ila veden\u00ed na 8 sekund.&nbsp;<\/p>\n\n\n\n<p>Za rychlostn\u00ed pr\u00e9mi\u00ed u\u017e peloton za\u010dal stoupat na prvn\u00ed vrcha\u0159skou pr\u00e9mii Pustevny. Tempa pelotonu se ujala Rissvedsov\u00e1 a startovn\u00ed pole se potrhalo na n\u011bkolik skupin. V t\u00e9 vedouc\u00ed se udr\u017eelo 17 cyklistek, v\u010detn\u011b \u010ce\u0161ky Denisy Sl\u00e1mov\u00e9 (RRK Group-Pierre Baguette-Benzinol), kter\u00e9 se poda\u0159ilo pr\u00e9mii vyhr\u00e1t a p\u0159ipsala si 10 bod\u016f do vrcha\u0159sk\u00e9 sout\u011b\u017ee.<\/p>\n\n\n\n<p>Spole\u010dn\u011b se Sl\u00e1movou se vp\u0159edu udr\u017eela tak\u00e9 Krist\u00fdna Zemanov\u00e1 (Brilon) a ve sjezdu do Horn\u00ed Be\u010dvy si do prvn\u00ed skupiny dojela tak\u00e9 Eli\u0161ka Kvasni\u010dkov\u00e1 (Brilon). Vedouc\u00ed skupina postupn\u011b nar\u016fstala a zezadu se p\u0159ibli\u017eovala dal\u0161\u00ed po\u010detn\u00e1 skupina. Na druh\u00e9 vrcha\u0159sk\u00e9 pr\u00e9mii Bumb\u00e1lka si Sl\u00e1mov\u00e1 dojela pro druh\u00e9 m\u00edsto a 8 bod\u016f, \u010d\u00edm\u017e se posunul do \u010dela vrcha\u0159sk\u00e9 sout\u011b\u017ee.&nbsp;<\/p>\n\n\n\n<p><strong>Rissvedsov\u00e1 dostala Polku pod tlak&nbsp;<\/strong><\/p>\n\n\n\n<p>V n\u00e1sleduj\u00edc\u00edm sjezdu se dv\u011b skupiny spojily a vznikl peloton 60 z\u00e1vodnic. Favoritky se hl\u00eddaly, ale tak\u00e9 \u0161et\u0159ily s\u00edly na posledn\u00ed dv\u011b vrcha\u0159sk\u00e9 pr\u00e9mie a p\u0159\u00edpadn\u00e9 \u00fatoky. A jeden velk\u00fd \u00fatok opravdu p\u0159i\u0161el u\u017e na za\u010d\u00e1tku v\u00fdjezdu na Sol\u00e1\u0148. Rissvedsov\u00e1 nastoupila a udr\u017eela se j\u00ed pouze Wlodarczykov\u00e1.\u00a0<\/p>\n\n\n\n<p>Jen\u017ee i pro Polku to byl p\u0159\u00edli\u0161 t\u011b\u017ek\u00fd \u00fakol a po chv\u00edli odpadla a nechala \u0160v\u00e9dku na \u010dele samotnou. Peloton byl roztrhan\u00fd na n\u011bkolik skupin, vp\u0159edu si Rissvedsov\u00e1 dojela pro prvn\u00ed m\u00edsto na pr\u00e9mii, zat\u00edmco Wlodarczykovou dojela skupina osmi soupe\u0159ek. Sl\u00e1mov\u00e1 byla na pr\u00e9mii t\u0159et\u00ed a ud\u011blala d\u016fle\u017eit\u00fd krok k zelen\u00e9mu trikotu. V dal\u0161\u00ed skupin\u011b pracovala na \u010dele Zemanov\u00e1, rozd\u00edly mezi skupinami nebyly velk\u00e9.&nbsp;<\/p>\n\n\n\n<p>Za vedouc\u00ed Rissvedsovou se vytvo\u0159ila skupina \u010dty\u0159 pron\u00e1sledovatelek, kterou tvo\u0159ily Wlodarczykov\u00e1, Nizozemka Femke de Vriesov\u00e1 (GT Krush Rebellease) a dv\u011b z\u00e1vodnice t\u00fdmu UAE, \u0160v\u00fdcarka Linda Zanettiov\u00e1 a Ukrajinka Julija Birjukovov\u00e1.&nbsp;<\/p>\n\n\n\n<p>Do c\u00edle zb\u00fdvalo 25 kilometr\u016f a Rissvedsov\u00e1 se rozhodla po\u010dkat na skupinu a nesna\u017eila se udr\u017eet mal\u00fd n\u00e1skok. Je\u0161t\u011b p\u0159ed posledn\u00ed vrcha\u0159skou pr\u00e9mi\u00ed Pindula se nechala dostihnout a nov\u00e1 p\u011bti\u010dlenn\u00e1 skupina pokra\u010dovala na \u010dele z\u00e1vodu. Jednotliv\u00e9 z\u00e1vodnice a skupiny za vedouc\u00ed p\u011btic\u00ed se sjely do jednoho pelotonu a p\u0159ibli\u017eovaly se.<\/p>\n\n\n\n<p>Ve v\u00fdjezdu na Pindulu byl rozd\u00edl mezi prvn\u00ed a druhou skupinou jen p\u00e1r sekund, Rissvedsov\u00e1 proto za\u00fato\u010dila a aspo\u0148 trochu nav\u00fd\u0161ila n\u00e1skok prvn\u00ed skupiny. Ve sjezdu do Fren\u0161t\u00e1tu pod Radho\u0161t\u011bm a na rovin\u011b p\u0159ed c\u00edlov\u00fdm Lichnovem se p\u011bti cyklistk\u00e1m poda\u0159ilo udr\u017eet mal\u00fd n\u00e1skok a spole\u010dn\u011b naj\u00ed\u017ed\u011bly do c\u00edlov\u00e9 rovinky.&nbsp;<\/p>\n\n\n\n<p>Ve spurtu byla nejrychlej\u0161\u00ed jedenadvacetilet\u00e1 Zanettiov\u00e1, kter\u00e1 porazila druhou Wlodarczykovou a t\u0159et\u00ed Rissvedsovou. Polce se tak poda\u0159ilo udr\u017eet \u017elut\u00fd dres s n\u00e1skokem 9 sekund p\u0159ed Zanettiovou a 10 sekund p\u0159ed Rissvedsovou.&nbsp;<\/p>\n\n\n\n<p>Udr\u017eela tak\u00e9 veden\u00ed bodovac\u00ed sout\u011b\u017ee, zat\u00edmco pro dres nejlep\u0161\u00ed vrcha\u0159ky si do\u0161la Sl\u00e1mov\u00e1. Pokud se \u00fa\u0159aduj\u00edc\u00ed mistryni republiky v \u010dasovce poda\u0159\u00ed celou Gracii dokon\u010dit, zelen\u00fd dres p\u0159evezme i na konci etapov\u00e9ho z\u00e1vodu a bude vyhl\u00e1\u0161ena v\u00edt\u011bzkou sout\u011b\u017ee, proto\u017ee ve zb\u00fdvaj\u00edc\u00edch etap\u00e1ch u\u017e nejsou \u017e\u00e1dn\u00e9 horsk\u00e9 pr\u00e9mie.&nbsp;<\/p>\n","protected":false},"excerpt":{"rendered":"<p>Druh\u00e1 etapa z\u00e1vodu Gracia Orlov\u00e1 byla nejt\u011b\u017e\u0161\u00ed z cel\u00e9ho 35. ro\u010dn\u00edku. 100 kilometr\u016f dlouh\u00fd z\u00e1vod vedl p\u0159es vrcholy Pustevny, Bumb\u00e1lka, Sol\u00e1\u0148 a Pindula. Pr\u016fb\u011b\u017en\u011b druh\u00e1 Jenny Rissvedsov\u00e1 dok\u00e1zala po \u00fatoku na Sol\u00e1ni utrhnout vedouc\u00ed Dominiku Wlodarczykovou, ale s\u00f3lov\u00fd \u00fanik a\u017e do c\u00edle nedot\u00e1hla. Ve spurtu elitn\u00ed skupiny byla nejrychlej\u0161\u00ed \u0160v\u00fdcarka Linda Zanettiov\u00e1. Kr\u00e1lovsk\u00e1 etapa Gracie [&hellip;]<\/p>\n","protected":false},"author":1,"featured_media":24760,"comment_status":"closed","ping_status":"open","sticky":false,"template":"","format":"standard","meta":{"footnotes":""},"categories":[17,2,18],"tags":[11],"class_list":["post-24757","post","type-post","status-publish","format-standard","has-post-thumbnail","hentry","category-discipliny","category-novinky","category-silnice","tag-silnice"],"_links":{"self":[{"href":"https:\/\/www.czechcyclingfederation.com\/en\/wp-json\/wp\/v2\/posts\/24757","targetHints":{"allow":["GET"]}}],"collection":[{"href":"https:\/\/www.czechcyclingfederation.com\/en\/wp-json\/wp\/v2\/posts"}],"about":[{"href":"https:\/\/www.czechcyclingfederation.com\/en\/wp-json\/wp\/v2\/types\/post"}],"author":[{"embeddable":true,"href":"https:\/\/www.czechcyclingfederation.com\/en\/wp-json\/wp\/v2\/users\/1"}],"replies":[{"embeddable":true,"href":"https:\/\/www.czechcyclingfederation.com\/en\/wp-json\/wp\/v2\/comments?post=24757"}],"version-history":[{"count":1,"href":"https:\/\/www.czechcyclingfederation.com\/en\/wp-json\/wp\/v2\/posts\/24757\/revisions"}],"predecessor-version":[{"id":24762,"href":"https:\/\/www.czechcyclingfederation.com\/en\/wp-json\/wp\/v2\/posts\/24757\/revisions\/24762"}],"wp:featuredmedia":[{"embeddable":true,"href":"https:\/\/www.czechcyclingfederation.com\/en\/wp-json\/wp\/v2\/media\/24760"}],"wp:attachment":[{"href":"https:\/\/www.czechcyclingfederation.com\/en\/wp-json\/wp\/v2\/media?parent=24757"}],"wp:term":[{"taxonomy":"category","embeddable":true,"href":"https:\/\/www.czechcyclingfederation.com\/en\/wp-json\/wp\/v2\/categories?post=24757"},{"taxonomy":"post_tag","embeddable":true,"href":"https:\/\/www.czechcyclingfederation.com\/en\/wp-json\/wp\/v2\/tags?post=24757"}],"curies":[{"name":"wp","href":"https:\/\/api.w.org\/{rel}","templated":true}]}}