{"id":24752,"date":"2023-04-27T18:48:31","date_gmt":"2023-04-27T16:48:31","guid":{"rendered":"https:\/\/www.czechcyclingfederation.com\/?p=24752"},"modified":"2023-04-27T18:48:33","modified_gmt":"2023-04-27T16:48:33","slug":"dominika-wlodarczykova-zvitezila-v-prvni-etape-gracia-orlova","status":"publish","type":"post","link":"https:\/\/www.czechcyclingfederation.com\/en\/dominika-wlodarczykova-zvitezila-v-prvni-etape-gracia-orlova\/","title":{"rendered":"Dominika Wlodarczykov\u00e1 zv\u00edt\u011bzila v prvn\u00ed etap\u011b Gracia Orlov\u00e1"},"content":{"rendered":"\n<p>Posledn\u00ed stovky metr\u016f rozhodly o v\u00edt\u011bzce prvn\u00ed etapy 35. ro\u010dn\u00edku z\u00e1vodu Gracia Orlov\u00e1. Nejlep\u0161\u00ed byla favoritka Dominika Wlodarczykov\u00e1, kter\u00e1 porazila \u0161v\u00e9dsk\u00e9 \u00fadern\u00e9 duo Jenny Rissvedsovou a Emilii Fahlinovou.<\/p>\n\n\n\n<p>Pr\u016fb\u011bh \u00favodn\u00ed etapy z Orlov\u00e9 do \u0160tramberku se podobal p\u0159edchoz\u00edm ro\u010dn\u00edk\u016fm Gracie. V n\u00e1ro\u010dn\u00e9 etap\u011b s n\u011bkolika stoup\u00e1n\u00edmi p\u0159evzaly kontrolu nejsiln\u011bj\u0161\u00ed t\u00fdmy a uhl\u00eddaly peloton pohromad\u011b a\u017e do c\u00edlov\u00e9ho stoup\u00e1n\u00ed na kostk\u00e1ch. Zde byla nejlep\u0161\u00ed dvaadvacetilet\u00e1 Polka, \u010dtvrt\u00e1 v kone\u010dn\u00e9m po\u0159ad\u00ed lo\u0148sk\u00e9ho ro\u010dn\u00edku Gracie.&nbsp;<\/p>\n\n\n\n<p>Z\u00e1vodnice nem\u011bly mnoho odvahy vyd\u00e1vat se do dlouh\u00fdch \u00fanik\u016f, ale po\u010detn\u00fd peloton 143 cyklistek se natahoval a trhal v mnoha kr\u00e1tk\u00fdch v\u00fdjezdech na 104 kilometrech trati. Pr\u00e1ci na \u010dele pelotonu odv\u00e1d\u011bl v \u00favodu z\u00e1vodu p\u0159edev\u0161\u00edm t\u00fdm Fenix-Deceuninck, na vrcha\u0159sk\u00fdch pr\u00e9mi\u00edch v\u0161ak byla nejaktivn\u011bj\u0161\u00ed Malwina Mulov\u00e1 z t\u00fdmu MAT Atom Deweloper.<\/p>\n\n\n\n<p>Mulov\u00e1 si sv\u00fdmi \u00fatoky na vrcha\u0159sk\u00fdch pr\u00e9mi\u00edch vyslou\u017eila nejen zelen\u00fd trikot pro nejlep\u0161\u00ed vrcha\u0159ku, ale taky punt\u00edkovan\u00fd dres pro nejaktivn\u011bj\u0161\u00ed z\u00e1vodnici. Celky MAT Atom Deweloper, Fenix-Deceuninck a UAE Development se pohybovaly v\u011bt\u0161inu z\u00e1vodu na \u010dele pelotonu, p\u0159edn\u00ed pozice si dob\u0159e hl\u00eddala i Jenny Rissvedsov\u00e1. \u0160v\u00e9dsk\u00e1 reprezentantka p\u0159ed rokem obsadila kone\u010dn\u00e9 druh\u00e9 m\u00edsto a byla jednou z favoritek klasik\u00e1\u0159sk\u00e9ho dojezdu.<\/p>\n\n\n\n<p>Peloton se na trati n\u011bkolikr\u00e1t potrhal, ale poka\u017ed\u00e9 se v\u011bt\u0161ina z\u00e1vodnic dok\u00e1zala vr\u00e1tit zp\u011bt. P\u0159ed technicky slo\u017eit\u00fdm a fyzicky t\u011b\u017ek\u00fdm dojezdem ve \u0160tramberku p\u0159evzala tempo pelotonu polsk\u00e1 sestava MAT Atom Deweloper. P\u0159ed rokem se cyklistk\u00e1m v r\u016f\u017eovo-b\u00edl\u00fdch dresech poda\u0159ilo dov\u00e9zt Agnieszku Skalniak-S\u00f3jkovou k etapov\u00e9mu triumfu a povedlo se to i letos s dal\u0161\u00ed z\u00e1vodnic\u00ed.<\/p>\n\n\n\n<p>Dominika Wlodarczykov\u00e1 byla na dla\u017eebn\u00edch kostk\u00e1ch pod v\u011b\u017e\u00ed Tr\u00faba nejv\u00fdbu\u0161n\u011bj\u0161\u00ed a nechala za sebou \u0160v\u00e9dky Jenny Rissvedsovou a Emilii Fahlinovou. T\u0159et\u00ed Fahlinov\u00e1 m\u00e1 na Gracii skv\u011bl\u00e9 vzpom\u00ednky, v roce 2018 vyhr\u00e1la celkov\u011b a p\u0159idala i t\u0159i etapy, v\u010detn\u011b dojezdu do \u0160tramberku. Po p\u011bti letech je zp\u011bt a op\u011bt v dobr\u00e9 form\u011b.<\/p>\n\n\n\n<p>Wlodarczykov\u00e1 se po prvn\u00edm leto\u0161n\u00edm v\u00edt\u011bzstv\u00ed rozplakala \u0161t\u011bst\u00edm. V c\u00edli objala t\u00fdmov\u00e9 kolegyn\u011b, v\u010detn\u011b \u010ce\u0161ky Nikoly Bajgerov\u00e9, kter\u00e9 m\u011bly velk\u00fd pod\u00edl na jej\u00edm triumfu. Obl\u00e9kla si tak\u00e9 \u017elut\u00fd dres pro vedouc\u00ed z\u00e1vodnici celkov\u00e9ho po\u0159ad\u00ed. Trikot bude h\u00e1jit u\u017e v p\u00e1te\u010dn\u00ed kr\u00e1lovsk\u00e9 horsk\u00e9 etap\u011b v Beskydech.<\/p>\n","protected":false},"excerpt":{"rendered":"<p>Posledn\u00ed stovky metr\u016f rozhodly o v\u00edt\u011bzce prvn\u00ed etapy 35. ro\u010dn\u00edku z\u00e1vodu Gracia Orlov\u00e1. Nejlep\u0161\u00ed byla favoritka Dominika Wlodarczykov\u00e1, kter\u00e1 porazila \u0161v\u00e9dsk\u00e9 \u00fadern\u00e9 duo Jenny Rissvedsovou a Emilii Fahlinovou. Pr\u016fb\u011bh \u00favodn\u00ed etapy z Orlov\u00e9 do \u0160tramberku se podobal p\u0159edchoz\u00edm ro\u010dn\u00edk\u016fm Gracie. V n\u00e1ro\u010dn\u00e9 etap\u011b s n\u011bkolika stoup\u00e1n\u00edmi p\u0159evzaly kontrolu nejsiln\u011bj\u0161\u00ed t\u00fdmy a uhl\u00eddaly peloton pohromad\u011b a\u017e [&hellip;]<\/p>\n","protected":false},"author":1,"featured_media":24753,"comment_status":"closed","ping_status":"open","sticky":false,"template":"","format":"standard","meta":{"footnotes":""},"categories":[17,2,18],"tags":[11],"class_list":["post-24752","post","type-post","status-publish","format-standard","has-post-thumbnail","hentry","category-discipliny","category-novinky","category-silnice","tag-silnice"],"_links":{"self":[{"href":"https:\/\/www.czechcyclingfederation.com\/en\/wp-json\/wp\/v2\/posts\/24752","targetHints":{"allow":["GET"]}}],"collection":[{"href":"https:\/\/www.czechcyclingfederation.com\/en\/wp-json\/wp\/v2\/posts"}],"about":[{"href":"https:\/\/www.czechcyclingfederation.com\/en\/wp-json\/wp\/v2\/types\/post"}],"author":[{"embeddable":true,"href":"https:\/\/www.czechcyclingfederation.com\/en\/wp-json\/wp\/v2\/users\/1"}],"replies":[{"embeddable":true,"href":"https:\/\/www.czechcyclingfederation.com\/en\/wp-json\/wp\/v2\/comments?post=24752"}],"version-history":[{"count":1,"href":"https:\/\/www.czechcyclingfederation.com\/en\/wp-json\/wp\/v2\/posts\/24752\/revisions"}],"predecessor-version":[{"id":24755,"href":"https:\/\/www.czechcyclingfederation.com\/en\/wp-json\/wp\/v2\/posts\/24752\/revisions\/24755"}],"wp:featuredmedia":[{"embeddable":true,"href":"https:\/\/www.czechcyclingfederation.com\/en\/wp-json\/wp\/v2\/media\/24753"}],"wp:attachment":[{"href":"https:\/\/www.czechcyclingfederation.com\/en\/wp-json\/wp\/v2\/media?parent=24752"}],"wp:term":[{"taxonomy":"category","embeddable":true,"href":"https:\/\/www.czechcyclingfederation.com\/en\/wp-json\/wp\/v2\/categories?post=24752"},{"taxonomy":"post_tag","embeddable":true,"href":"https:\/\/www.czechcyclingfederation.com\/en\/wp-json\/wp\/v2\/tags?post=24752"}],"curies":[{"name":"wp","href":"https:\/\/api.w.org\/{rel}","templated":true}]}}