{"id":24730,"date":"2023-04-25T22:22:56","date_gmt":"2023-04-25T20:22:56","guid":{"rendered":"https:\/\/www.czechcyclingfederation.com\/?p=24730"},"modified":"2023-04-25T22:22:59","modified_gmt":"2023-04-25T20:22:59","slug":"skvely-cerny-vyhral-casovku-kolem-romandie","status":"publish","type":"post","link":"https:\/\/www.czechcyclingfederation.com\/en\/skvely-cerny-vyhral-casovku-kolem-romandie\/","title":{"rendered":"Skv\u011bl\u00fd \u010cern\u00fd &#8211; vyhr\u00e1l \u010dasovku Kolem Romandie"},"content":{"rendered":"\n<p><\/p>\n\n\n\n<p>Po v\u00edt\u011bzn\u00e9 \u010dasovce na Gira d\u2019Italia v roce 2020 vybojoval \u010desk\u00fd reprezentant dal\u0161\u00ed velk\u00e9 v\u00edt\u011bzstv\u00ed. Jezdec st\u00e1je Soudal-Quick Step ovl\u00e1dl \u00favodn\u00ed \u010dasovku etapov\u00e9ho z\u00e1vodu elitn\u00ed kategorie WorldTour Kolem Romandie a p\u0159ipsal si jeden z nejv\u011bt\u0161\u00edch \u00fasp\u011bch\u016f kari\u00e9ry.<\/p>\n\n\n\n<p>V rovinat\u00e9m prologu na 6,82 km dlouh\u00e9 trati v Port-Valais porazil i \u00fa\u0159aduj\u00edc\u00edho sv\u011btov\u00e9ho \u0161ampiona Tobiase Fosse z Norska, kter\u00fd na druh\u00e9m m\u00edst\u011b ztratil jedinou sekundu, stejn\u011b jako on zaostal zp\u011bt i t\u0159et\u00ed R\u00e9mi Cavagna z Francie.<\/p>\n\n\n\n<p>N\u011bkolikan\u00e1sobn\u00fd \u010desk\u00fd \u010dasovk\u00e1\u0159sk\u00fd \u0161ampion vybojoval ve \u0160v\u00fdcarsku jeden\u00e1ct\u00e9 profesion\u00e1ln\u00ed v\u00edt\u011bzstv\u00ed v kari\u00e9\u0159e. Naposledy se radoval z etapov\u00e9ho vav\u0159\u00ednu v lo\u0148sk\u00e9m roce na z\u00e1vod\u011b Okolo Slovenska.<\/p>\n\n\n\n<p>V\u00fdsledky:<\/p>\n\n\n\n<p>\u010casovka na 6,82:<\/p>\n\n\n\n<p>1. \u010cern\u00fd (\u010cR) 7:25, 2. Foss (Nor.), 3. Cavagna (Fr.) oba +1, 4. Denz (N\u011bm.) +4, 5. Suter (\u0160v\u00fdc.), 6. Hayter (Brit.) oba +5.<\/p>\n\n\n\n<p>FOTO Soudal-Quick Step<\/p>\n","protected":false},"excerpt":{"rendered":"<p>Po v\u00edt\u011bzn\u00e9 \u010dasovce na Gira d\u2019Italia v roce 2020 vybojoval \u010desk\u00fd reprezentant dal\u0161\u00ed velk\u00e9 v\u00edt\u011bzstv\u00ed. Jezdec st\u00e1je Soudal-Quick Step ovl\u00e1dl \u00favodn\u00ed \u010dasovku etapov\u00e9ho z\u00e1vodu elitn\u00ed kategorie WorldTour Kolem Romandie a p\u0159ipsal si jeden z nejv\u011bt\u0161\u00edch \u00fasp\u011bch\u016f kari\u00e9ry. V rovinat\u00e9m prologu na 6,82 km dlouh\u00e9 trati v Port-Valais porazil i \u00fa\u0159aduj\u00edc\u00edho sv\u011btov\u00e9ho \u0161ampiona Tobiase Fosse z [&hellip;]<\/p>\n","protected":false},"author":8,"featured_media":24733,"comment_status":"closed","ping_status":"open","sticky":false,"template":"","format":"standard","meta":{"footnotes":""},"categories":[2,46,18],"tags":[11],"class_list":["post-24730","post","type-post","status-publish","format-standard","has-post-thumbnail","hentry","category-novinky","category-novinky-sportovni-centra","category-silnice","tag-silnice"],"_links":{"self":[{"href":"https:\/\/www.czechcyclingfederation.com\/en\/wp-json\/wp\/v2\/posts\/24730","targetHints":{"allow":["GET"]}}],"collection":[{"href":"https:\/\/www.czechcyclingfederation.com\/en\/wp-json\/wp\/v2\/posts"}],"about":[{"href":"https:\/\/www.czechcyclingfederation.com\/en\/wp-json\/wp\/v2\/types\/post"}],"author":[{"embeddable":true,"href":"https:\/\/www.czechcyclingfederation.com\/en\/wp-json\/wp\/v2\/users\/8"}],"replies":[{"embeddable":true,"href":"https:\/\/www.czechcyclingfederation.com\/en\/wp-json\/wp\/v2\/comments?post=24730"}],"version-history":[{"count":1,"href":"https:\/\/www.czechcyclingfederation.com\/en\/wp-json\/wp\/v2\/posts\/24730\/revisions"}],"predecessor-version":[{"id":24735,"href":"https:\/\/www.czechcyclingfederation.com\/en\/wp-json\/wp\/v2\/posts\/24730\/revisions\/24735"}],"wp:featuredmedia":[{"embeddable":true,"href":"https:\/\/www.czechcyclingfederation.com\/en\/wp-json\/wp\/v2\/media\/24733"}],"wp:attachment":[{"href":"https:\/\/www.czechcyclingfederation.com\/en\/wp-json\/wp\/v2\/media?parent=24730"}],"wp:term":[{"taxonomy":"category","embeddable":true,"href":"https:\/\/www.czechcyclingfederation.com\/en\/wp-json\/wp\/v2\/categories?post=24730"},{"taxonomy":"post_tag","embeddable":true,"href":"https:\/\/www.czechcyclingfederation.com\/en\/wp-json\/wp\/v2\/tags?post=24730"}],"curies":[{"name":"wp","href":"https:\/\/api.w.org\/{rel}","templated":true}]}}