{"id":2471,"date":"2020-10-03T16:51:57","date_gmt":"2020-10-03T14:51:57","guid":{"rendered":"http:\/\/www.czechcyclingfederation.com\/?p=2471"},"modified":"2020-10-09T09:41:16","modified_gmt":"2020-10-09T07:41:16","slug":"jws-v-nmnm-juniorka-bedrnikova-treti","status":"publish","type":"post","link":"https:\/\/www.czechcyclingfederation.com\/en\/jws-v-nmnm-juniorka-bedrnikova-treti\/","title":{"rendered":"JWS v NMNM: juniorka Bedrn\u00edkov\u00e1 t\u0159et\u00ed!"},"content":{"rendered":"\n<p><strong>V\u00fdborn\u00e9 v\u00fdsledky v Nov\u00e9m M\u011bst\u011b na Morav\u011b b\u011bhem Juniorsk\u00e9 sv\u011btov\u00e9 s\u00e9rie zajistili mlad\u00ed \u010de\u0161t\u00ed reprezentanti.&nbsp;<\/strong><\/p>\n\n\n\n<p>T\u0159et\u00ed m\u00edsto ve sv\u011btov\u00e9 konkurenci v juniorsk\u00e9 kategorii brala Karol\u00edna Bedrn\u00edkov\u00e1 a \u00fasp\u011bch podtrhla \u0161est\u00fdm m\u00edstem Aneta Novotn\u00e1. Mezi juniory se bl\u00fdskl na sedm\u00e9m m\u00edst\u011b David \u0160ulc a \u010dtrn\u00e1ct\u00fd Jan Zatloukal.<\/p>\n\n\n\n<p>V z\u00e1vod\u011b Sv\u011btov\u00e9ho poh\u00e1ru \u017een do t\u0159iadvaceti let skon\u010dila nejl\u00e9pe Tereza Neumanov\u00e1 na 29. pozici a 37. skon\u010dila Monika Ku\u010derov\u00e1.<\/p>\n\n\n\n<p>V\u00fdsledky:<\/p>\n\n\n\n<p><span style=\"text-decoration: underline;\">Junio\u0159i<\/span>:<\/p>\n\n\n\n<p>1. Tobias Lillelund (Niz.) 1:08:00, 2. Oliver Vederso Solvhoj (D\u00e1n.) +0:30, 3. Bjorn Riley (USA) +0:34 &#8230; 7. David \u0160ulc +2:27 14. Jan Zatloukal +3:28, 40. Daniel \u017dvak +8:07, 45. Filip Holub +9:17, 48. Martin Vo\u017een\u00edlek +9:23, 51. Tom\u00e1\u0161 Tlamka +9:32, 61. Jan S\u00e1ska +10:51, 62. V\u00e1clav Vaverka +11:10 (v\u0161ichni \u010cR).<\/p>\n\n\n\n<p><span style=\"text-decoration: underline;\">Juniorky:<\/span><\/p>\n\n\n\n<p>1. Mona Mitterwallner (Rak.) 1:04:21, 2. Olivia Onesti (Fr.) +3:18, 3. Karol\u00edna Bedrn\u00edkov\u00e1 (\u010cR) +3:48 &#8230; 6. Aneta Novotn\u00e1 +5:34, 12. Tereza Obo\u0159ilov\u00e1 +7:50, 16. Ad\u00e9la Holubov\u00e1 +8:46, 21. Zuzana Kadlecov\u00e1 +10:15, 30. Kate\u0159ina Vaverkov\u00e1 +14:22, 35. Kate\u0159ina Krut\u00edlkov\u00e1 +8:54, 40. Aneta Hovorkov\u00e1 (v\u0161echny \u010cR).<\/p>\n\n\n\n<p><span style=\"text-decoration: underline;\">\u017deny U23:<\/span><\/p>\n\n\n\n<p>&nbsp;1. Ceylin del Carmen Alvarado (Niz.) 1:19:50, 2. Marika Tovo (It.) +0:19, 3. Helene Clauzel (Fr.) +0:39 &#8230; 29. Tereza Neumanov\u00e1 +9:11, 37. Monika Ku\u010derov\u00e1 +11:58, DNF. Tereza S\u00e1skov\u00e1 (V\u0161ichni \u010cR).<\/p>\n\n\n\n<p><em>Foto: Michal \u010cerven\u00fd<\/em><\/p>\n\n\n\n<figure class=\"wp-block-image size-large\"><img loading=\"lazy\" decoding=\"async\" width=\"1024\" height=\"682\" src=\"https:\/\/www.czechcyclingfederation.com\/wp-content\/uploads\/2020\/10\/CER_7696-1024x682.jpg\" alt=\"\" class=\"wp-image-2473\" srcset=\"https:\/\/www.czechcyclingfederation.com\/wp-content\/uploads\/2020\/10\/CER_7696-1024x682.jpg 1024w, https:\/\/www.czechcyclingfederation.com\/wp-content\/uploads\/2020\/10\/CER_7696-300x200.jpg 300w, https:\/\/www.czechcyclingfederation.com\/wp-content\/uploads\/2020\/10\/CER_7696-768x512.jpg 768w, https:\/\/www.czechcyclingfederation.com\/wp-content\/uploads\/2020\/10\/CER_7696-1536x1024.jpg 1536w, https:\/\/www.czechcyclingfederation.com\/wp-content\/uploads\/2020\/10\/CER_7696-1320x880.jpg 1320w, https:\/\/www.czechcyclingfederation.com\/wp-content\/uploads\/2020\/10\/CER_7696.jpg 2000w\" sizes=\"auto, (max-width: 1024px) 100vw, 1024px\" \/><\/figure>\n\n\n\n<figure class=\"wp-block-image size-large\"><img loading=\"lazy\" decoding=\"async\" width=\"1024\" height=\"682\" src=\"https:\/\/www.czechcyclingfederation.com\/wp-content\/uploads\/2020\/10\/CEM_3478-1024x682.jpg\" alt=\"\" class=\"wp-image-2474\" srcset=\"https:\/\/www.czechcyclingfederation.com\/wp-content\/uploads\/2020\/10\/CEM_3478-1024x682.jpg 1024w, https:\/\/www.czechcyclingfederation.com\/wp-content\/uploads\/2020\/10\/CEM_3478-300x200.jpg 300w, https:\/\/www.czechcyclingfederation.com\/wp-content\/uploads\/2020\/10\/CEM_3478-768x512.jpg 768w, https:\/\/www.czechcyclingfederation.com\/wp-content\/uploads\/2020\/10\/CEM_3478-1536x1024.jpg 1536w, https:\/\/www.czechcyclingfederation.com\/wp-content\/uploads\/2020\/10\/CEM_3478-1320x880.jpg 1320w, https:\/\/www.czechcyclingfederation.com\/wp-content\/uploads\/2020\/10\/CEM_3478.jpg 2000w\" sizes=\"auto, (max-width: 1024px) 100vw, 1024px\" \/><\/figure>\n\n\n\n<figure class=\"wp-block-image size-large\"><img loading=\"lazy\" decoding=\"async\" width=\"1024\" height=\"682\" src=\"http:\/\/www.czechcyclingfederation.com\/wp-content\/uploads\/2020\/10\/CER_7856-1024x682.jpg\" alt=\"\" class=\"wp-image-2472\" srcset=\"https:\/\/www.czechcyclingfederation.com\/wp-content\/uploads\/2020\/10\/CER_7856-1024x682.jpg 1024w, https:\/\/www.czechcyclingfederation.com\/wp-content\/uploads\/2020\/10\/CER_7856-300x200.jpg 300w, https:\/\/www.czechcyclingfederation.com\/wp-content\/uploads\/2020\/10\/CER_7856-768x512.jpg 768w, https:\/\/www.czechcyclingfederation.com\/wp-content\/uploads\/2020\/10\/CER_7856-1536x1024.jpg 1536w, https:\/\/www.czechcyclingfederation.com\/wp-content\/uploads\/2020\/10\/CER_7856-1320x880.jpg 1320w, https:\/\/www.czechcyclingfederation.com\/wp-content\/uploads\/2020\/10\/CER_7856.jpg 2000w\" sizes=\"auto, (max-width: 1024px) 100vw, 1024px\" \/><\/figure>\n","protected":false},"excerpt":{"rendered":"<p>V\u00fdborn\u00e9 v\u00fdsledky v Nov\u00e9m M\u011bst\u011b na Morav\u011b b\u011bhem Juniorsk\u00e9 sv\u011btov\u00e9 s\u00e9rie zajistili mlad\u00ed \u010de\u0161t\u00ed reprezentanti.&nbsp; T\u0159et\u00ed m\u00edsto ve sv\u011btov\u00e9 konkurenci v juniorsk\u00e9 kategorii brala Karol\u00edna Bedrn\u00edkov\u00e1 a \u00fasp\u011bch podtrhla \u0161est\u00fdm m\u00edstem Aneta Novotn\u00e1. Mezi juniory se bl\u00fdskl na sedm\u00e9m m\u00edst\u011b David \u0160ulc a \u010dtrn\u00e1ct\u00fd Jan Zatloukal. V z\u00e1vod\u011b Sv\u011btov\u00e9ho poh\u00e1ru \u017een do t\u0159iadvaceti let skon\u010dila [&hellip;]<\/p>\n","protected":false},"author":9,"featured_media":2473,"comment_status":"closed","ping_status":"open","sticky":false,"template":"","format":"standard","meta":{"footnotes":""},"categories":[6,2,46,103],"tags":[10],"class_list":["post-2471","post","type-post","status-publish","format-standard","has-post-thumbnail","hentry","category-mtb","category-novinky","category-novinky-sportovni-centra","category-reprezentace","tag-mtb"],"_links":{"self":[{"href":"https:\/\/www.czechcyclingfederation.com\/en\/wp-json\/wp\/v2\/posts\/2471","targetHints":{"allow":["GET"]}}],"collection":[{"href":"https:\/\/www.czechcyclingfederation.com\/en\/wp-json\/wp\/v2\/posts"}],"about":[{"href":"https:\/\/www.czechcyclingfederation.com\/en\/wp-json\/wp\/v2\/types\/post"}],"author":[{"embeddable":true,"href":"https:\/\/www.czechcyclingfederation.com\/en\/wp-json\/wp\/v2\/users\/9"}],"replies":[{"embeddable":true,"href":"https:\/\/www.czechcyclingfederation.com\/en\/wp-json\/wp\/v2\/comments?post=2471"}],"version-history":[{"count":3,"href":"https:\/\/www.czechcyclingfederation.com\/en\/wp-json\/wp\/v2\/posts\/2471\/revisions"}],"predecessor-version":[{"id":2502,"href":"https:\/\/www.czechcyclingfederation.com\/en\/wp-json\/wp\/v2\/posts\/2471\/revisions\/2502"}],"wp:featuredmedia":[{"embeddable":true,"href":"https:\/\/www.czechcyclingfederation.com\/en\/wp-json\/wp\/v2\/media\/2473"}],"wp:attachment":[{"href":"https:\/\/www.czechcyclingfederation.com\/en\/wp-json\/wp\/v2\/media?parent=2471"}],"wp:term":[{"taxonomy":"category","embeddable":true,"href":"https:\/\/www.czechcyclingfederation.com\/en\/wp-json\/wp\/v2\/categories?post=2471"},{"taxonomy":"post_tag","embeddable":true,"href":"https:\/\/www.czechcyclingfederation.com\/en\/wp-json\/wp\/v2\/tags?post=2471"}],"curies":[{"name":"wp","href":"https:\/\/api.w.org\/{rel}","templated":true}]}}