{"id":24690,"date":"2023-04-24T12:57:32","date_gmt":"2023-04-24T10:57:32","guid":{"rendered":"https:\/\/www.czechcyclingfederation.com\/?p=24690"},"modified":"2023-04-24T14:42:39","modified_gmt":"2023-04-24T12:42:39","slug":"ivo-koblasa-vybojoval-skvela-umisteni-na-sp-v-maniagu-v-para-cyklistice","status":"publish","type":"post","link":"https:\/\/www.czechcyclingfederation.com\/en\/ivo-koblasa-vybojoval-skvela-umisteni-na-sp-v-maniagu-v-para-cyklistice\/","title":{"rendered":"Ivo Koblasa vybojoval skv\u011bl\u00e1 um\u00edst\u011bn\u00ed na SP v\u00a0Maniagu"},"content":{"rendered":"\n<p>P\u00e1te\u010dn\u00ed a ned\u011bln\u00ed program Sv\u011btov\u00e9ho poh\u00e1ru UCI v Maniagu pat\u0159il \u010dasovce a silni\u010dn\u00edmu z\u00e1vodu kategori\u00ed  kategori\u00ed \u201eC\u201c (stoj\u00edc\u00ed cyklist\u00e9) a \u201eB\u201c (tandemy).<\/p>\n\n\n\n<p>\u010cesk\u00e9 barvy reprezentoval jedin\u00fd z\u00e1stupce \u2013 Ivo Koblasa v&nbsp;kategorii MC2. <\/p>\n\n\n\n<p>P\u00e1te\u010dn\u00ed \u010dasovka vy\u0161la Ivovi na jedni\u010dku. Ivo pat\u0159\u00ed k&nbsp;elitn\u00edm z\u00e1vodn\u00edk\u016fm sv\u00e9 kategorie, nicm\u00e9n\u011b je pot\u0159eba zm\u00ednit, \u017ee pr\u00e1v\u011b skupina C2 mu\u017e\u016f je velmi nabit\u00e1, co se t\u00fd\u010de konkurence a kvality z\u00e1vodn\u00edk\u016f. Ivovi se \u010dasovka poda\u0159ila a z\u00e1vod dokon\u010dil na velice slu\u0161n\u00e9m 6.m\u00edst\u011b.<\/p>\n\n\n\n<figure class=\"wp-block-image size-large is-resized\"><img loading=\"lazy\" decoding=\"async\" src=\"http:\/\/www.czechcyclingfederation.com\/wp-content\/uploads\/2023\/04\/342333815_159064563775969_530169471596516021_n-768x1024.jpg\" alt=\"\" class=\"wp-image-24691\" width=\"576\" height=\"768\" srcset=\"https:\/\/www.czechcyclingfederation.com\/wp-content\/uploads\/2023\/04\/342333815_159064563775969_530169471596516021_n-768x1024.jpg 768w, https:\/\/www.czechcyclingfederation.com\/wp-content\/uploads\/2023\/04\/342333815_159064563775969_530169471596516021_n-150x200.jpg 150w, https:\/\/www.czechcyclingfederation.com\/wp-content\/uploads\/2023\/04\/342333815_159064563775969_530169471596516021_n-1152x1536.jpg 1152w, https:\/\/www.czechcyclingfederation.com\/wp-content\/uploads\/2023\/04\/342333815_159064563775969_530169471596516021_n-1320x1760.jpg 1320w, https:\/\/www.czechcyclingfederation.com\/wp-content\/uploads\/2023\/04\/342333815_159064563775969_530169471596516021_n.jpg 1536w\" sizes=\"auto, (max-width: 576px) 100vw, 576px\" \/><\/figure>\n\n\n\n<p>V&nbsp;ned\u011bli prob\u011bhl v&nbsp;Maniagu posledn\u00ed den Sv\u011btov\u00e9ho poh\u00e1ru UCI a div\u00e1ci mohli sledovat nap\u00ednav\u00e9 souboje kategori\u00ed \u201eC\u201c (stoj\u00edc\u00ed cyklist\u00e9) a \u201eB\u201c (tandemy) v z\u00e1vodech s hromadn\u00fdm startem. Ivo m\u011bl za c\u00edl minim\u00e1ln\u011b zopakovat solidn\u00ed 6.m\u00edsto z&nbsp;p\u00e1te\u010dn\u00ed \u010dasovky. Dobr\u00fd taktick\u00fd v\u00fdkon po cel\u00fd z\u00e1vod mu vynesl dokonce um\u00edst\u011bn\u00ed vy\u0161\u0161\u00ed, kdy\u017e prol\u00e9tl c\u00edlovou branou jako 5. celkov\u011b.<\/p>\n\n\n\n<p>Otec a mana\u017eer z\u00e1vodn\u00edka v&nbsp;jedn\u00e9 osob\u011b \u2013 Ivo Koblasa star\u0161\u00ed \u2013 hodnotil v\u00fdkon Iva takto: \u201e<em>Z\u00e1vod od prvn\u00edch metr\u016f p\u0159ipravil nap\u00ednavou pod\u00edvanou pro div\u00e1ky, kte\u0159\u00ed lemovali tra\u0165 okruhu. Od prvn\u00edch metr\u016f n\u00e1stup st\u00edhal n\u00e1stup, kde v\u00fdznamnou roli hr\u00e1l Ivo, kter\u00fd zvolil aktivn\u00ed pojet\u00ed z\u00e1vodu. Postupn\u011b se stup\u0148ovalo tempo, kdy z\u00e1vodn\u00edci na rovink\u00e1ch jezdili pr\u016fm\u011brnou rychlost\u00ed p\u0159es 50 km\/h. V posledn\u00edm kole si z\u00e1vodn\u00edci nic nedali zadarmo a neust\u00e1le si nastupovali, se snahou rozd\u011blit \u010delo pelotonu, je\u0161t\u011b p\u0159ed n\u00e1jezdem na posledn\u00edch 500 metr\u016f dla\u017eby. Ivo bojoval v tomto \u010dele pelotonu, v mohutn\u00e9m spurtu vybojoval 5. m\u00edsto, \u010d\u00edm\u017e je\u0161t\u011b o jedno m\u00edsto vylep\u0161il um\u00edst\u011bn\u00ed ze silni\u010dn\u00ed \u010dasovky.<\/em>\u201c<\/p>\n\n\n\n<p>\u010cesk\u00e1 republika vybojovala na SP v&nbsp;Maniagu jednu zlatou, jednu st\u0159\u00edbrnou a jednu bronzovou medaili, a to d\u00edky Patrikovi Jahodovi (1x bronz) a zejm\u00e9na pak Pavl\u00edn\u011b Vejvodov\u00e9 (1x zlato, 1x st\u0159\u00edbro).<\/p>\n\n\n\n<p>\u010cR se v&nbsp;celkov\u00e9m po\u0159ad\u00ed um\u00edstila na kr\u00e1sn\u00e9m 14.m\u00edst\u011b. ze 42 z\u00fa\u010dastn\u011bn\u00fdch zem\u00ed.<\/p>\n\n\n\n<p><strong><u>V\u00fdsledkov\u00fd servis<\/u><\/strong> &#8211; \u010dasovka<\/p>\n\n\n\n<p><strong>MC2<\/strong><\/p>\n\n\n\n<ol class=\"wp-block-list\" type=\"1\">\n<li>VROMANT Ewoud (BEL) 18:06.55<\/li>\n\n\n\n<li>HICKS Darren (AUS) 18:31.94 (+25.39)<\/li>\n\n\n\n<li>PAPANGELIS Nikolaos (GRE) 18:59.77 (+53.22) \u2026 <strong>KOBLASA Ivo<\/strong> (<strong>CZE<\/strong>) 19:47.92 (+1:41.37)<\/li>\n<\/ol>\n\n\n\n<p><strong><u>V\u00fdsledkov\u00fd servis<\/u><\/strong> &#8211; hromadn\u00fd z\u00e1vod<\/p>\n\n\n\n<p><strong>MC2<\/strong><\/p>\n\n\n\n<ol class=\"wp-block-list\" type=\"1\">\n<li>VROMANT, Ewoud (BEL) 1:45:26<\/li>\n\n\n\n<li>HICKS, Darren (AUS) 1:45:26 (+00:00)<\/li>\n\n\n\n<li>PAPANGELIS, Nikolaos (GRE) 1:45:29 (+00:03) \u2026 <strong>5. KOBLASA, Ivo (CZE) 1:45:35 (+00:09)<\/strong><\/li>\n<\/ol>\n\n\n\n<figure class=\"wp-block-image size-full\"><img loading=\"lazy\" decoding=\"async\" width=\"987\" height=\"743\" src=\"https:\/\/www.czechcyclingfederation.com\/wp-content\/uploads\/2023\/04\/WhatsApp-Image-2023-04-23-at-11.34.07.jpeg\" alt=\"\" class=\"wp-image-24698\" srcset=\"https:\/\/www.czechcyclingfederation.com\/wp-content\/uploads\/2023\/04\/WhatsApp-Image-2023-04-23-at-11.34.07.jpeg 987w, https:\/\/www.czechcyclingfederation.com\/wp-content\/uploads\/2023\/04\/WhatsApp-Image-2023-04-23-at-11.34.07-266x200.jpeg 266w, https:\/\/www.czechcyclingfederation.com\/wp-content\/uploads\/2023\/04\/WhatsApp-Image-2023-04-23-at-11.34.07-768x578.jpeg 768w\" sizes=\"auto, (max-width: 987px) 100vw, 987px\" \/><\/figure>\n","protected":false},"excerpt":{"rendered":"<p>P\u00e1te\u010dn\u00ed a ned\u011bln\u00ed program Sv\u011btov\u00e9ho poh\u00e1ru UCI v Maniagu pat\u0159il \u010dasovce a silni\u010dn\u00edmu z\u00e1vodu kategori\u00ed kategori\u00ed \u201eC\u201c (stoj\u00edc\u00ed cyklist\u00e9) a \u201eB\u201c (tandemy). \u010cesk\u00e9 barvy reprezentoval jedin\u00fd z\u00e1stupce \u2013 Ivo Koblasa v&nbsp;kategorii MC2. P\u00e1te\u010dn\u00ed \u010dasovka vy\u0161la Ivovi na jedni\u010dku. Ivo pat\u0159\u00ed k&nbsp;elitn\u00edm z\u00e1vodn\u00edk\u016fm sv\u00e9 kategorie, nicm\u00e9n\u011b je pot\u0159eba zm\u00ednit, \u017ee pr\u00e1v\u011b skupina C2 mu\u017e\u016f je velmi [&hellip;]<\/p>\n","protected":false},"author":3,"featured_media":24698,"comment_status":"closed","ping_status":"open","sticky":false,"template":"","format":"standard","meta":{"footnotes":""},"categories":[2,99],"tags":[405],"class_list":["post-24690","post","type-post","status-publish","format-standard","has-post-thumbnail","hentry","category-novinky","category-paracyklistika","tag-para"],"_links":{"self":[{"href":"https:\/\/www.czechcyclingfederation.com\/en\/wp-json\/wp\/v2\/posts\/24690","targetHints":{"allow":["GET"]}}],"collection":[{"href":"https:\/\/www.czechcyclingfederation.com\/en\/wp-json\/wp\/v2\/posts"}],"about":[{"href":"https:\/\/www.czechcyclingfederation.com\/en\/wp-json\/wp\/v2\/types\/post"}],"author":[{"embeddable":true,"href":"https:\/\/www.czechcyclingfederation.com\/en\/wp-json\/wp\/v2\/users\/3"}],"replies":[{"embeddable":true,"href":"https:\/\/www.czechcyclingfederation.com\/en\/wp-json\/wp\/v2\/comments?post=24690"}],"version-history":[{"count":8,"href":"https:\/\/www.czechcyclingfederation.com\/en\/wp-json\/wp\/v2\/posts\/24690\/revisions"}],"predecessor-version":[{"id":24713,"href":"https:\/\/www.czechcyclingfederation.com\/en\/wp-json\/wp\/v2\/posts\/24690\/revisions\/24713"}],"wp:featuredmedia":[{"embeddable":true,"href":"https:\/\/www.czechcyclingfederation.com\/en\/wp-json\/wp\/v2\/media\/24698"}],"wp:attachment":[{"href":"https:\/\/www.czechcyclingfederation.com\/en\/wp-json\/wp\/v2\/media?parent=24690"}],"wp:term":[{"taxonomy":"category","embeddable":true,"href":"https:\/\/www.czechcyclingfederation.com\/en\/wp-json\/wp\/v2\/categories?post=24690"},{"taxonomy":"post_tag","embeddable":true,"href":"https:\/\/www.czechcyclingfederation.com\/en\/wp-json\/wp\/v2\/tags?post=24690"}],"curies":[{"name":"wp","href":"https:\/\/api.w.org\/{rel}","templated":true}]}}