{"id":24644,"date":"2023-04-23T10:38:21","date_gmt":"2023-04-23T08:38:21","guid":{"rendered":"https:\/\/www.czechcyclingfederation.com\/?p=24644"},"modified":"2023-04-23T10:38:23","modified_gmt":"2023-04-23T08:38:23","slug":"bohuslavek-jedenacty-v-keirinu","status":"publish","type":"post","link":"https:\/\/www.czechcyclingfederation.com\/en\/bohuslavek-jedenacty-v-keirinu\/","title":{"rendered":"Bohusl\u00e1vek jeden\u00e1ct\u00fd v\u00a0keirinu"},"content":{"rendered":"\n<p><strong>Mat\u011bj Bohusl\u00e1vek<\/strong> obsadil na Sv\u011btov\u00e9m poh\u00e1ru dr\u00e1ha\u0159\u016f v&nbsp;kanadsk\u00e9m Miltonu jeden\u00e1ct\u00e9 m\u00edsto v&nbsp;keirinu.<\/p>\n\n\n\n<p><em>\u201ePostup Mat\u011bje mezi 12 nejlep\u0161\u00edch n\u00e1s velmi pot\u011b\u0161il, ale v&nbsp;souboji s&nbsp;t\u011bmi nejlep\u0161\u00edmi je\u0161t\u011b mus\u00ed nabrat zku\u0161enosti,\u201c<\/em> \u0159ekl tren\u00e9r sprinter\u016f <strong>Petr Klime\u0161<\/strong>. Dal\u0161\u00ed \u010desk\u00fd reprezentant <strong>Martin \u010cechman<\/strong> nepro\u0161el s\u00edtem rozj\u00ed\u017ed\u011bk.<\/p>\n\n\n\n<p><strong>Jan Vone\u0161<\/strong> postoupil v&nbsp;omniu z&nbsp;kvalifikace do hlavn\u00edho z\u00e1vodu, kde mu nakonec pat\u0159ila 21. p\u0159\u00ed\u010dka. \u201e<em>Pro Honzu \u0161lo hlavn\u011b o sb\u00edr\u00e1n\u00ed zku\u0161enost\u00ed, kter\u00e9 mus\u00ed z\u00faro\u010dit v&nbsp;dal\u0161\u00ed \u010d\u00e1sti sezony. V\u00edme o rezerv\u00e1ch, kter\u00e9 jsou motivac\u00ed do dal\u0161\u00ed pr\u00e1ce,\u201c<\/em> uvedl tren\u00e9r st\u00edha\u010d\u016f <strong>Luk\u00e1\u0161 Thun.<\/strong><\/p>\n\n\n\n<p>Mezi \u017eenami postoupila <strong>Veronika Jaborn\u00edkov\u00e1<\/strong> ve sprintu z&nbsp;kvalifikace. \u201eP\u0159\u00edli\u0161 nezaostala za sv\u00fdm osobn\u00edm rekordem, ale v&nbsp;1\/16 fin\u00e1le svou v\u00fdkonnost bohu\u017eel postupem nepotvrdila,\u201c \u0159ekl Klime\u0161. Nad jej\u00ed s\u00edly byla Lendelov\u00e1 z&nbsp;Litvy.<\/p>\n\n\n\n<p><strong>V\u00fdsledky \u2013 mu\u017ei, keirin: <\/strong>1. Richardson (Austr.), \u2026 <strong>12. Bohusl\u00e1vek, \u010cechman <\/strong>vy\u0159azen v&nbsp;rozj\u00ed\u017e\u010fce, <strong>omnium:<\/strong> 1. Grondin (Fr.) 159, \u2026 <strong>21. Vone\u0161 <\/strong>(\u010cR) 6.<\/p>\n\n\n\n<p><strong>\u017deny, sprint: <\/strong>1. Mitchellov\u00e1 (Kan.), <strong>madison: <\/strong>1. Bossiytov\u00e1, Kopecky (Belg.) 53 b., \u2026 <strong>Burlov\u00e1, \u0160ev\u010d\u00edkov\u00e1 <\/strong>(\u010cR) nedokon\u010dily.<\/p>\n\n\n\n<p>Foto: Jan Brychta<\/p>\n","protected":false},"excerpt":{"rendered":"<p>Mat\u011bj Bohusl\u00e1vek obsadil na Sv\u011btov\u00e9m poh\u00e1ru dr\u00e1ha\u0159\u016f v&nbsp;kanadsk\u00e9m Miltonu jeden\u00e1ct\u00e9 m\u00edsto v&nbsp;keirinu. \u201ePostup Mat\u011bje mezi 12 nejlep\u0161\u00edch n\u00e1s velmi pot\u011b\u0161il, ale v&nbsp;souboji s&nbsp;t\u011bmi nejlep\u0161\u00edmi je\u0161t\u011b mus\u00ed nabrat zku\u0161enosti,\u201c \u0159ekl tren\u00e9r sprinter\u016f Petr Klime\u0161. Dal\u0161\u00ed \u010desk\u00fd reprezentant Martin \u010cechman nepro\u0161el s\u00edtem rozj\u00ed\u017ed\u011bk. Jan Vone\u0161 postoupil v&nbsp;omniu z&nbsp;kvalifikace do hlavn\u00edho z\u00e1vodu, kde mu nakonec pat\u0159ila 21. p\u0159\u00ed\u010dka. [&hellip;]<\/p>\n","protected":false},"author":15,"featured_media":15760,"comment_status":"closed","ping_status":"open","sticky":false,"template":"","format":"standard","meta":{"footnotes":""},"categories":[46,2],"tags":[9],"class_list":["post-24644","post","type-post","status-publish","format-standard","has-post-thumbnail","hentry","category-novinky-sportovni-centra","category-novinky","tag-draha"],"_links":{"self":[{"href":"https:\/\/www.czechcyclingfederation.com\/en\/wp-json\/wp\/v2\/posts\/24644","targetHints":{"allow":["GET"]}}],"collection":[{"href":"https:\/\/www.czechcyclingfederation.com\/en\/wp-json\/wp\/v2\/posts"}],"about":[{"href":"https:\/\/www.czechcyclingfederation.com\/en\/wp-json\/wp\/v2\/types\/post"}],"author":[{"embeddable":true,"href":"https:\/\/www.czechcyclingfederation.com\/en\/wp-json\/wp\/v2\/users\/15"}],"replies":[{"embeddable":true,"href":"https:\/\/www.czechcyclingfederation.com\/en\/wp-json\/wp\/v2\/comments?post=24644"}],"version-history":[{"count":1,"href":"https:\/\/www.czechcyclingfederation.com\/en\/wp-json\/wp\/v2\/posts\/24644\/revisions"}],"predecessor-version":[{"id":24645,"href":"https:\/\/www.czechcyclingfederation.com\/en\/wp-json\/wp\/v2\/posts\/24644\/revisions\/24645"}],"wp:featuredmedia":[{"embeddable":true,"href":"https:\/\/www.czechcyclingfederation.com\/en\/wp-json\/wp\/v2\/media\/15760"}],"wp:attachment":[{"href":"https:\/\/www.czechcyclingfederation.com\/en\/wp-json\/wp\/v2\/media?parent=24644"}],"wp:term":[{"taxonomy":"category","embeddable":true,"href":"https:\/\/www.czechcyclingfederation.com\/en\/wp-json\/wp\/v2\/categories?post=24644"},{"taxonomy":"post_tag","embeddable":true,"href":"https:\/\/www.czechcyclingfederation.com\/en\/wp-json\/wp\/v2\/tags?post=24644"}],"curies":[{"name":"wp","href":"https:\/\/api.w.org\/{rel}","templated":true}]}}