{"id":24640,"date":"2023-04-23T08:09:57","date_gmt":"2023-04-23T06:09:57","guid":{"rendered":"https:\/\/www.czechcyclingfederation.com\/?p=24640"},"modified":"2023-04-23T08:10:00","modified_gmt":"2023-04-23T06:10:00","slug":"pavlina-vejvodova-opet-dominovala-a-je-zlata-jahoda-bronzovy","status":"publish","type":"post","link":"https:\/\/www.czechcyclingfederation.com\/en\/pavlina-vejvodova-opet-dominovala-a-je-zlata-jahoda-bronzovy\/","title":{"rendered":"Pavl\u00edna Vejvodov\u00e1 op\u011bt dominovala a je zlat\u00e1! Jahoda bronzov\u00fd"},"content":{"rendered":"\n<p>Posledn\u00ed 2 dny sv\u011btov\u00e9ho poh\u00e1ru handicapovan\u00fdch cyklist\u016f zpravidla pat\u0159\u00ed silni\u010dn\u00edm z\u00e1vod\u016fm. Ani v&nbsp;Maniagu tomu nebylo jinak \u2013 na startovn\u00ed ro\u0161t se postavilo celkem 7 \u010desk\u00fdch z\u00e1vodn\u00edk\u016f.<\/p>\n\n\n\n<p>Nejl\u00e9pe se da\u0159ilo Pavl\u00edn\u011b Vejvodov\u00e9 (WT1) \u2013 objev roku \u010cPV za rok 2022 a st\u0159\u00edbrn\u00e1 medailistka ze \u010dtvrte\u010dn\u00ed \u010dasovky zvl\u00e1dla sv\u016fj z\u00e1vod bez jedin\u00e9 chyby a dojela si pro prvn\u00ed velk\u00e9 v\u00edt\u011bzstv\u00ed v&nbsp;leto\u0161n\u00ed sez\u00f3n\u011b. Pavl\u00edna se nav\u00edc st\u00e1v\u00e1 pr\u016fb\u011b\u017enou vedouc\u00ed z\u00e1vodnic\u00ed sv\u011btov\u00e9ho poh\u00e1ru UCI. V\u00fdkon sv\u00e9 sv\u011b\u0159enkyn\u011b hodnot\u00ed tren\u00e9r Zden\u011bk Mlyn\u00e1\u0159 takto: \u201e<em>Pavl\u00edna p\u0159esn\u011b splnila n\u00e1\u0161 \u00fakol p\u0159ijet do posledn\u00ed zat\u00e1\u010dky na prvn\u00edm m\u00edst\u011b a t\u00edm zah\u00e1jit spurt na kostk\u00e1ch, kter\u00fd se z prvn\u00ed pozice nedal prohr\u00e1t. Samoz\u0159ejm\u011b nesm\u011bla dopadnout v kopci kde je tro\u0161ku slab\u0161\u00ed ne\u017e Holan\u010fanka. V kopci sice tro\u0161ku ztratila ale rychle si to dojela a mohla se soust\u0159edit na spurt.<\/em>\u201c<\/p>\n\n\n\n<p>Velkou motivaci m\u011bl tak\u00e9 Patrik Jahoda (MH1), kter\u00e9mu se \u010dasovka p\u0159\u00edli\u0161 nepovedla a tou\u017eil sv\u016fj v\u00fdkon napravit, a to se mu jednozna\u010dn\u011b poda\u0159ilo, kdy\u017e si dojel pro skv\u011blou bronzovou medaili. \u201e<em>Tak mi trochu spadnul k\u00e1men ze srdce. Po \u010dtvrte\u010dn\u00ed \u010dasovce, kdy jsem \u00fapln\u011b propadl, jsem si \u0159\u00edkal, jestli jsem zvolil spr\u00e1vnou zimn\u00ed p\u0159\u00edpravu. Dneska jsem si potvrdil, \u017ee jsem se p\u0159ipravil dob\u0159e a \u010dasovka byla ovlivn\u011bn\u00e1 hroznou zimou. V silni\u010dn\u00edm z\u00e1vod\u011b jsem podal opravdu dobr\u00fd v\u00fdkon. Polovinu z\u00e1vodu jsem se dok\u00e1zal dr\u017eet s vedouc\u00ed dvojic\u00ed. V\u017edy mi uj\u00ed\u017ed\u011bli v kopc\u00edch, ale na rovin\u011b jsem je dok\u00e1zal doj\u00ed\u017ed\u011bt. Po 25km mi v kopci ujeli tak, \u017ee jsem je u\u017e nedok\u00e1zal st\u00e1hnout a i kdy\u017e m\u011b v druh\u00e9 polovin\u011b z\u00e1vodu ohro\u017eoval Pol\u00e1k na \u010dtvrt\u00e9 pozici, dok\u00e1zal jsem si udr\u017eet cca minutu n\u00e1skok a dojel si pro bronz. Par\u00e1dn\u00ed z\u00e1vod, jsem r\u00e1d, \u017ee jsem napravil zav\u00e1h\u00e1n\u00ed ze \u010dtvrtka.<\/em>\u201c Zhodnotil Patrik sv\u016fj v\u00fdkon.<\/p>\n\n\n\n<p>Ostatn\u00edm z\u00e1vodn\u00edk\u016fm se bohu\u017eel tolik neda\u0159ilo, ale p\u0159esto nechali na z\u00e1vodn\u00ed trati v&nbsp;It\u00e1lii \u00fapln\u011b v\u0161echno. Paralympioni\u010dka Katka Anto\u0161ov\u00e1 (WH3) se zlep\u0161ila o jedno m\u00edsto oproti \u010dasovce a vyjela dev\u00e1tou p\u0159\u00ed\u010dku. Stejn\u011b zlep\u0161en\u00ed zaznamenal tak\u00e9 Jindra Ma\u0161\u00edn (MT2), kter\u00fd dokon\u010dil z\u00e1vod jeden\u00e1ct\u00fd. Romana \u0160ejnu potkal smoln\u00fd p\u00e1d a skon\u010dil takt\u00e9\u017e na 11.m\u00edst\u011b.<\/p>\n\n\n\n<p>Na z\u00e1v\u011br dne n\u00e1s \u010dekal silni\u010dn\u00ed z\u00e1vod v&nbsp;kategorii MH3, kde n\u00e1s reprezentoval Va\u0161ek Antal a Tom\u00e1\u0161 Mo\u0161ni\u010dka. Kluk\u016fm se bohu\u017eel z\u00e1vod moc nepoda\u0159il. Tom\u00e1\u0161e zu\u017eovaly zdravotn\u00ed pot\u00ed\u017ee a skon\u010dil 34. Va\u0161ka potkal nep\u0159\u00edjemn\u00fd defekt v&nbsp;prvn\u00edm okruhu a do c\u00edle dojel jako 41.<\/p>\n\n\n\n<p>Prvn\u00ed den silni\u010dn\u00edch z\u00e1vod\u016f byl pro \u010desk\u00e9 barvy velmi \u00fasp\u011b\u0161n\u00fd \u2013 2 medaile hodnot\u00ed velmi pozitivn\u011b tak\u00e9 reprezenta\u010dn\u00ed tren\u00e9r Luk\u00e1\u0161 Petr: \u201e<em>Patrik ji\u017e pat\u0159\u00ed mezi velmi vyzr\u00e1l\u00e9 z\u00e1vodn\u00edky, kdy\u017e mu z\u00e1vod sedne, m\u016f\u017eeme od n\u011bj \u010dekat velk\u00e9 v\u00fdsledky. Od za\u010d\u00e1tku m\u011bl z\u00e1vod velmi dob\u0159e rozjet\u00fd, v p\u016fli odrazil \u00fatok polsk\u00e9ho soupe\u0159e a v z\u00e1v\u011bru ji\u017e kontroloval t\u0159et\u00ed pozici. Pavl\u00edna nastupovala do z\u00e1vodu jako jedna z favoritek a svou roli plnila na jedni\u010dku. O v\u00edt\u011bzstv\u00ed se rozhodlo a\u017e v z\u00e1v\u011bre\u010dn\u00e9m spurtu, kdy\u017e Pavl\u00edna zah\u00e1jila spurt z prvn\u00ed pozice a soupe\u0159ku ji\u017e p\u0159ed sebe nepustila.<\/em>\u201c<\/p>\n\n\n\n<p>Z\u00edtra uvid\u00edme v&nbsp;akci Iva Koblasu (MC2), tedy dal\u0161\u00ed nad\u011bji na v\u00fdborn\u00e9 um\u00edst\u011bn\u00ed. Ivo se postav\u00ed na start sv\u00e9ho silni\u010dn\u00edho z\u00e1vodu v&nbsp;9 hodin r\u00e1no a pokus\u00ed se je\u0161t\u011b vylep\u0161it solidn\u00ed 6.m\u00edsto z&nbsp;p\u00e1te\u010dn\u00ed \u010dasovky.<\/p>\n\n\n\n<p><strong>V\u00fdsledky:<\/strong><\/p>\n\n\n\n<p><strong>WT1<\/strong><\/p>\n\n\n\n<ol class=\"wp-block-list\" type=\"1\">\n<li><strong>VEJVODOV\u00c1, Pavl\u00edna (CZE) 1:01:46<\/strong><\/li>\n\n\n\n<li>VAN SOEST, Marieke (NED) 1:01:47 (+00:01)<\/li>\n\n\n\n<li>MALZBENDER, Eltje (NZL) 1:06:17 (+04:31)<\/li>\n<\/ol>\n\n\n\n<p><strong>MH1<\/strong><\/p>\n\n\n\n<ol class=\"wp-block-list\" type=\"1\">\n<li>HORDIES, Maxime (BEL) 1:44:32<\/li>\n\n\n\n<li>CORNEGLIANI, Fabrizio (ITA) 1:44:44 (+00:12)<\/li>\n\n\n\n<li><strong>JAHODA, Patrik (CZE) 1:47:25 (+02:53)<\/strong><\/li>\n<\/ol>\n\n\n\n<p><strong>WH3<\/strong><\/p>\n\n\n\n<ol class=\"wp-block-list\" type=\"1\">\n<li>LI, Huaxian WH3 (CHN) 1:18:15<\/li>\n\n\n\n<li>ZEYEN, Annika (GER) 1:18:16 (+00:01)<\/li>\n\n\n\n<li>PORCELLATO, Francesca (ITA) 1:18:30 (+00:15) \u2026&nbsp;<strong>9. ANTO\u0160OV\u00c1, Kate\u0159ina (CZE) 1:25:39 (+07:24)<\/strong><\/li>\n<\/ol>\n\n\n\n<p><strong>MT2<\/strong><\/p>\n\n\n\n<ol class=\"wp-block-list\" type=\"1\">\n<li>CELEN, Tim (BEL) 1:14:27<\/li>\n\n\n\n<li>J\u00c4GER, Maximilian (GER) 1:14:30 (+00:03)<\/li>\n\n\n\n<li>STEINBICHLER, Wolfgang (AUT) 1:14:41 (+00:14) \u2026&nbsp;<strong>11. MA\u0160\u00cdN, Jind\u0159ich (CZE) 1:24:15 (+09:48)<\/strong><\/li>\n<\/ol>\n\n\n\n<p><strong>MT1<\/strong><\/p>\n\n\n\n<ol class=\"wp-block-list\" type=\"1\">\n<li>CHEN, Jianxin (CHN) 0:54:45<\/li>\n\n\n\n<li>LU, Rongfei (CHN) 0:54:45 (+00:00)<\/li>\n\n\n\n<li>FARRONI, Giorgio (ITA) 0:54:51 (+00:06) \u2026&nbsp;<strong>11. \u0160EJNA, Roman (CZE) 1:06:02 (+11:17)<\/strong><\/li>\n<\/ol>\n\n\n\n<p><strong>MH3<\/strong><\/p>\n\n\n\n<ol class=\"wp-block-list\" type=\"1\">\n<li>MERKLEIN, Vico (GER) 1:46:56<\/li>\n\n\n\n<li>HERTER, Johannes (GER) 1:46:56 (+00:00)<\/li>\n\n\n\n<li>QUAILE, Johan (FRA) 1:46:56 (+00:00) \u2026&nbsp;<strong>34. MO\u0160NI\u010cKA, Tom\u00e1\u0161 (CZE) 2:03:02 (+16:06)<\/strong>&nbsp;\u2026&nbsp;<strong>41. ANTAL, V\u00e1clav (CZE) (-1 LAP)<\/strong><\/li>\n<\/ol>\n","protected":false},"excerpt":{"rendered":"<p>Posledn\u00ed 2 dny sv\u011btov\u00e9ho poh\u00e1ru handicapovan\u00fdch cyklist\u016f zpravidla pat\u0159\u00ed silni\u010dn\u00edm z\u00e1vod\u016fm. Ani v&nbsp;Maniagu tomu nebylo jinak \u2013 na startovn\u00ed ro\u0161t se postavilo celkem 7 \u010desk\u00fdch z\u00e1vodn\u00edk\u016f. Nejl\u00e9pe se da\u0159ilo Pavl\u00edn\u011b Vejvodov\u00e9 (WT1) \u2013 objev roku \u010cPV za rok 2022 a st\u0159\u00edbrn\u00e1 medailistka ze \u010dtvrte\u010dn\u00ed \u010dasovky zvl\u00e1dla sv\u016fj z\u00e1vod bez jedin\u00e9 chyby a dojela si pro [&hellip;]<\/p>\n","protected":false},"author":1,"featured_media":24641,"comment_status":"closed","ping_status":"open","sticky":false,"template":"","format":"standard","meta":{"footnotes":""},"categories":[17,2,99],"tags":[405],"class_list":["post-24640","post","type-post","status-publish","format-standard","has-post-thumbnail","hentry","category-discipliny","category-novinky","category-paracyklistika","tag-para"],"_links":{"self":[{"href":"https:\/\/www.czechcyclingfederation.com\/en\/wp-json\/wp\/v2\/posts\/24640","targetHints":{"allow":["GET"]}}],"collection":[{"href":"https:\/\/www.czechcyclingfederation.com\/en\/wp-json\/wp\/v2\/posts"}],"about":[{"href":"https:\/\/www.czechcyclingfederation.com\/en\/wp-json\/wp\/v2\/types\/post"}],"author":[{"embeddable":true,"href":"https:\/\/www.czechcyclingfederation.com\/en\/wp-json\/wp\/v2\/users\/1"}],"replies":[{"embeddable":true,"href":"https:\/\/www.czechcyclingfederation.com\/en\/wp-json\/wp\/v2\/comments?post=24640"}],"version-history":[{"count":1,"href":"https:\/\/www.czechcyclingfederation.com\/en\/wp-json\/wp\/v2\/posts\/24640\/revisions"}],"predecessor-version":[{"id":24643,"href":"https:\/\/www.czechcyclingfederation.com\/en\/wp-json\/wp\/v2\/posts\/24640\/revisions\/24643"}],"wp:featuredmedia":[{"embeddable":true,"href":"https:\/\/www.czechcyclingfederation.com\/en\/wp-json\/wp\/v2\/media\/24641"}],"wp:attachment":[{"href":"https:\/\/www.czechcyclingfederation.com\/en\/wp-json\/wp\/v2\/media?parent=24640"}],"wp:term":[{"taxonomy":"category","embeddable":true,"href":"https:\/\/www.czechcyclingfederation.com\/en\/wp-json\/wp\/v2\/categories?post=24640"},{"taxonomy":"post_tag","embeddable":true,"href":"https:\/\/www.czechcyclingfederation.com\/en\/wp-json\/wp\/v2\/tags?post=24640"}],"curies":[{"name":"wp","href":"https:\/\/api.w.org\/{rel}","templated":true}]}}