{"id":24626,"date":"2023-04-22T17:28:39","date_gmt":"2023-04-22T15:28:39","guid":{"rendered":"https:\/\/www.czechcyclingfederation.com\/?p=24626"},"modified":"2023-04-23T08:05:44","modified_gmt":"2023-04-23T06:05:44","slug":"pridal-z-elkov-kasper-vyhral-skoda-cup-v-krasne-lipe","status":"publish","type":"post","link":"https:\/\/www.czechcyclingfederation.com\/en\/pridal-z-elkov-kasper-vyhral-skoda-cup-v-krasne-lipe\/","title":{"rendered":"P\u0159idal z Elkov Kasper vyhr\u00e1l \u0160KODA Cup v Kr\u00e1sn\u00e9 L\u00edp\u011b"},"content":{"rendered":"\n<p>Druh\u00fd d\u00edl \u010cesk\u00e9ho poh\u00e1ru &#8211; \u0160KODA Cupu v Kr\u00e1sn\u00e9 L\u00edp\u011b vyhr\u00e1l devaten\u00e1ctilet\u00fd Tom\u00e1\u0161 P\u0159idal z celku Elkov Kasper jezd\u00edc\u00ed v kategorii U23 let prvn\u00edm rokem. Spolu s n\u00edm se postavili na stupn\u011b v\u00edt\u011bz\u016f jeho t\u00fdmov\u00fd kolega Michael Boro\u0161 a t\u0159et\u00ed skon\u010dil ma\u010farsk\u00fd jezdec Marton Dina z celku ATT Investments.<\/p>\n\n\n\n<p>Hned v prvn\u00edm okruhu dlouh\u00e9m 12,4 km na trase Kr\u00e1sn\u00e1 L\u00edpa, Kyjov, Doubice, Kr\u00e1sn\u00e1 L\u00edpa, kter\u00fd jezdci absolvovali jeden\u00e1ctkr\u00e1t (celkem 136,4 km) unikli z&nbsp;pelotonu P\u0159idal, Tom\u00e1\u0161 Jakoubek (ATT Investments) a Richard Habermann ze Sparty Praha. Trio bylo v \u00faniku dv\u011b t\u0159etiny z\u00e1vodu. Potom v pelotonu zrychlili jezdci ATT Investmens a z\u00e1vodn\u00ed pole se rozd\u011blilo.<\/p>\n\n\n\n<p>Vep\u0159edu se vytvo\u0159ila osmi\u010dlenn\u00e1 skupina v n\u00ed\u017e m\u011bli po t\u0159ech z\u00e1stupc\u00edch dv\u011b nejsiln\u011bj\u0161\u00ed dom\u00e1c\u00ed st\u00e1je Elkov Kasper a ATT Investmens. V dal\u0161\u00edm pr\u016fb\u011bhu se skupina zredukovala na p\u011btici P\u0159idal, Mat\u011bj Zah\u00e1lka, Michael Boro\u0161 (oba Elkov Kasper), Dina a Daniel Turek (ATT Investmens), kter\u00fd z&nbsp;n\u00ed v\u0161ak pozd\u011bji odpadl.<\/p>\n\n\n\n<p>V posledn\u00edm okruhu nastoupil Dina, z\u00edskal k dobru \u010dtvrt minuty, ale soupe\u0159i jej dostihli a p\u011bt kilometr\u016f p\u0159ed c\u00edlem rozhodl samostatn\u00fdm n\u00e1stupem P\u0159idal, kter\u00fd projel c\u00edlem s n\u00e1skokem t\u00e9m\u011b\u0159 p\u016fl minuty p\u0159ed dvojic\u00ed Boro\u0161 &#8211; Dina, kter\u00e1 spurtovala o druh\u00e9 a t\u0159et\u00ed m\u00edsto.<\/p>\n\n\n\n<figure class=\"wp-block-image size-large\"><img loading=\"lazy\" decoding=\"async\" width=\"1024\" height=\"682\" src=\"https:\/\/www.czechcyclingfederation.com\/wp-content\/uploads\/2023\/04\/BrychtaJan_CP_Krasna_Lipa_20230422_125952_DSC_6012-1024x682.jpg\" alt=\"\" class=\"wp-image-24634\" srcset=\"https:\/\/www.czechcyclingfederation.com\/wp-content\/uploads\/2023\/04\/BrychtaJan_CP_Krasna_Lipa_20230422_125952_DSC_6012-1024x682.jpg 1024w, https:\/\/www.czechcyclingfederation.com\/wp-content\/uploads\/2023\/04\/BrychtaJan_CP_Krasna_Lipa_20230422_125952_DSC_6012-300x200.jpg 300w, https:\/\/www.czechcyclingfederation.com\/wp-content\/uploads\/2023\/04\/BrychtaJan_CP_Krasna_Lipa_20230422_125952_DSC_6012-768x511.jpg 768w, https:\/\/www.czechcyclingfederation.com\/wp-content\/uploads\/2023\/04\/BrychtaJan_CP_Krasna_Lipa_20230422_125952_DSC_6012-1536x1022.jpg 1536w, https:\/\/www.czechcyclingfederation.com\/wp-content\/uploads\/2023\/04\/BrychtaJan_CP_Krasna_Lipa_20230422_125952_DSC_6012-2048x1363.jpg 2048w, https:\/\/www.czechcyclingfederation.com\/wp-content\/uploads\/2023\/04\/BrychtaJan_CP_Krasna_Lipa_20230422_125952_DSC_6012-1320x879.jpg 1320w\" sizes=\"auto, (max-width: 1024px) 100vw, 1024px\" \/><\/figure>\n\n\n\n<p>&#8220;Zat\u00edm jsem v elitn\u00ed kategorii jel t\u0159i jednor\u00e1zov\u00e9 z\u00e1vody a jeden etapov\u00fd podnik&nbsp; ve Francii, toto byl p\u00e1t\u00fd z\u00e1vod. Hned v prvn\u00edm kole jsem nastoupil do \u00faniku a c\u00edtil jsem, \u017ee se mi jede hodn\u011b dob\u0159e. Postupn\u011b n\u00e1s dojeli dal\u0161\u00ed jezdci a nakonec a se vedouc\u00ed skupina rozd\u011blila. Vep\u0159edu jsme z\u016fstali \u010dty\u0159i &#8211; t\u0159i od n\u00e1s a Dina. T\u00fdmov\u00fd taktika zafungovala skv\u011ble, roznastupovali jsme si jej a slavili \u00fasp\u011bch. Pro m\u011b je to rozhodn\u011b zat\u00edm nejv\u011bt\u0161\u00ed cyklistick\u00fd \u00fasp\u011bch,&#8221; \u0159\u00edkal v c\u00edli Tom\u00e1\u0161 P\u0159idal, kter\u00fd prvn\u00ed z\u00e1vod \u0160KODA Cupu v Velk\u00e9 B\u00edte\u0161i nedokon\u010dil pro za\u017e\u00edvac\u00ed probl\u00e9my.<\/p>\n\n\n\n<p>V\u00fdsledky:<\/p>\n\n\n\n<p>1.P\u0159idal 3:29:32, 2. Boro\u0161 (oba Elkov Kasper), 3. Dina (Ma\u010f.\/ATT Investments) oba +25, 4. Zah\u00e1lka (Elkov Kasper) +34, 5. Turek 2:45, 6. Otruba (oba ATT Investments) +4:14.<\/p>\n\n\n\n<p>Po\u0159ad\u00ed po dvou z\u00e1vodech:<\/p>\n\n\n\n<p>1. Boro\u0161 63, 2. Neuman (Elkov Kasper) 63, 3. Pavel Kelemen (ATT Investments) 60, 4. P\u0159idal 60, 5. Zah\u00e1lka 45, 6. Turek 45.<\/p>\n\n\n\n<p>U23:<\/p>\n\n\n\n<p>1. P\u0159idal 60, 21. Camrda (ATT Investments)&nbsp;&nbsp; 17, 3. Obdr\u017e\u00e1lek (Elkov Kasper) 10.<\/p>\n\n\n\n<p>Nov\u00e1\u010dek:<\/p>\n\n\n\n<p>1. P\u0159idal 60, 2. Ch\u00fdle (ATT Investments) 10, 3. Kadlec (reprezentace \u010cR U23) 9.<\/p>\n\n\n\n<figure class=\"wp-block-image size-large\"><img loading=\"lazy\" decoding=\"async\" width=\"1024\" height=\"681\" src=\"https:\/\/www.czechcyclingfederation.com\/wp-content\/uploads\/2023\/04\/BrychtaJan_CP_Krasna_Lipa_20230422_170321_DSC_6848-2-1024x681.jpg\" alt=\"\" class=\"wp-image-24637\" srcset=\"https:\/\/www.czechcyclingfederation.com\/wp-content\/uploads\/2023\/04\/BrychtaJan_CP_Krasna_Lipa_20230422_170321_DSC_6848-2-1024x681.jpg 1024w, https:\/\/www.czechcyclingfederation.com\/wp-content\/uploads\/2023\/04\/BrychtaJan_CP_Krasna_Lipa_20230422_170321_DSC_6848-2-300x200.jpg 300w, https:\/\/www.czechcyclingfederation.com\/wp-content\/uploads\/2023\/04\/BrychtaJan_CP_Krasna_Lipa_20230422_170321_DSC_6848-2-768x511.jpg 768w, https:\/\/www.czechcyclingfederation.com\/wp-content\/uploads\/2023\/04\/BrychtaJan_CP_Krasna_Lipa_20230422_170321_DSC_6848-2-1536x1022.jpg 1536w, https:\/\/www.czechcyclingfederation.com\/wp-content\/uploads\/2023\/04\/BrychtaJan_CP_Krasna_Lipa_20230422_170321_DSC_6848-2-2048x1363.jpg 2048w, https:\/\/www.czechcyclingfederation.com\/wp-content\/uploads\/2023\/04\/BrychtaJan_CP_Krasna_Lipa_20230422_170321_DSC_6848-2-1320x878.jpg 1320w\" sizes=\"auto, (max-width: 1024px) 100vw, 1024px\" \/><\/figure>\n\n\n\n<p>FOTO Jan Brychta<\/p>\n","protected":false},"excerpt":{"rendered":"<p>Druh\u00fd d\u00edl \u010cesk\u00e9ho poh\u00e1ru &#8211; \u0160KODA Cupu v Kr\u00e1sn\u00e9 L\u00edp\u011b vyhr\u00e1l devaten\u00e1ctilet\u00fd Tom\u00e1\u0161 P\u0159idal z celku Elkov Kasper jezd\u00edc\u00ed v kategorii U23 let prvn\u00edm rokem. Spolu s n\u00edm se postavili na stupn\u011b v\u00edt\u011bz\u016f jeho t\u00fdmov\u00fd kolega Michael Boro\u0161 a t\u0159et\u00ed skon\u010dil ma\u010farsk\u00fd jezdec Marton Dina z celku ATT Investments. Hned v prvn\u00edm okruhu dlouh\u00e9m 12,4 [&hellip;]<\/p>\n","protected":false},"author":8,"featured_media":24632,"comment_status":"closed","ping_status":"open","sticky":false,"template":"","format":"standard","meta":{"footnotes":""},"categories":[2,18],"tags":[11],"class_list":["post-24626","post","type-post","status-publish","format-standard","has-post-thumbnail","hentry","category-novinky","category-silnice","tag-silnice"],"_links":{"self":[{"href":"https:\/\/www.czechcyclingfederation.com\/en\/wp-json\/wp\/v2\/posts\/24626","targetHints":{"allow":["GET"]}}],"collection":[{"href":"https:\/\/www.czechcyclingfederation.com\/en\/wp-json\/wp\/v2\/posts"}],"about":[{"href":"https:\/\/www.czechcyclingfederation.com\/en\/wp-json\/wp\/v2\/types\/post"}],"author":[{"embeddable":true,"href":"https:\/\/www.czechcyclingfederation.com\/en\/wp-json\/wp\/v2\/users\/8"}],"replies":[{"embeddable":true,"href":"https:\/\/www.czechcyclingfederation.com\/en\/wp-json\/wp\/v2\/comments?post=24626"}],"version-history":[{"count":3,"href":"https:\/\/www.czechcyclingfederation.com\/en\/wp-json\/wp\/v2\/posts\/24626\/revisions"}],"predecessor-version":[{"id":24639,"href":"https:\/\/www.czechcyclingfederation.com\/en\/wp-json\/wp\/v2\/posts\/24626\/revisions\/24639"}],"wp:featuredmedia":[{"embeddable":true,"href":"https:\/\/www.czechcyclingfederation.com\/en\/wp-json\/wp\/v2\/media\/24632"}],"wp:attachment":[{"href":"https:\/\/www.czechcyclingfederation.com\/en\/wp-json\/wp\/v2\/media?parent=24626"}],"wp:term":[{"taxonomy":"category","embeddable":true,"href":"https:\/\/www.czechcyclingfederation.com\/en\/wp-json\/wp\/v2\/categories?post=24626"},{"taxonomy":"post_tag","embeddable":true,"href":"https:\/\/www.czechcyclingfederation.com\/en\/wp-json\/wp\/v2\/tags?post=24626"}],"curies":[{"name":"wp","href":"https:\/\/api.w.org\/{rel}","templated":true}]}}