{"id":24622,"date":"2023-04-22T10:45:32","date_gmt":"2023-04-22T08:45:32","guid":{"rendered":"https:\/\/www.czechcyclingfederation.com\/?p=24622"},"modified":"2023-04-22T10:45:35","modified_gmt":"2023-04-22T08:45:35","slug":"cesi-pati-v-tymovem-sprintu-na-sp-draharu","status":"publish","type":"post","link":"https:\/\/www.czechcyclingfederation.com\/en\/cesi-pati-v-tymovem-sprintu-na-sp-draharu\/","title":{"rendered":"\u010ce\u0161i p\u00e1t\u00ed v\u00a0t\u00fdmov\u00e9m sprintu na SP dr\u00e1ha\u0159\u016f"},"content":{"rendered":"\n<p>Trio <strong>Dominik Topinka, Mat\u011bj Bohusl\u00e1vek a Martin \u010cechman<\/strong> obsadilo na Nation Cupu dr\u00e1ha\u0159\u016f v&nbsp;kanadsk\u00e9m Miltonu v\u00fdborn\u00e9 p\u00e1t\u00e9 m\u00edsto. Postarali se tak o nejlep\u0161\u00ed \u010desk\u00fd v\u00fdsledek b\u011bhem prvn\u00edho dne.<\/p>\n\n\n\n<p>\u010cesk\u00fd t\u00fdm zajel v&nbsp;kvalifikaci sedm\u00fd \u010das. Ve vy\u0159azovac\u00edm kole sice nesta\u010dil na \u010c\u00ednu, kter\u00e1 nakonec obsadila druh\u00e9 m\u00edsto, ale v\u00fdborn\u00fd \u010das 43,853 znamenal pro \u010desk\u00e9 trio kone\u010dnou p\u00e1tou p\u0159\u00ed\u010dku.<\/p>\n\n\n\n<p><em>\u201eJe to super v\u00fdsledek. Ani si nevybavuji, kdy jsme naposledy byli takhle vysoko. Kone\u010dn\u011b se n\u00e1m poda\u0159ilo dostat \u010das pod 44 vte\u0159in, co\u017e je ur\u010dit\u011b velk\u00fd p\u0159\u00edslib. Prost\u011b par\u00e1da,\u201c <\/em>\u0159ekl reprezenta\u010dn\u00ed tren\u00e9r sprinter\u016f Petr Klime\u0161.<\/p>\n\n\n\n<p>Ve vylu\u010dovac\u00edch z\u00e1vodech u\u017e \u010ce\u0161i tak \u00fasp\u011b\u0161n\u00ed nebyli. <strong>Denis Rugovac<\/strong> obsadil 16. m\u00edsto, mezi \u017eenami byla <strong>Krist\u00fdna Burlov\u00e1<\/strong> 21. <em>\u201eU mu\u017e\u016f to byla taktick\u00e1 vylu\u010dova\u010dka. Denis si tvo\u0159il dobr\u00e9 pozice, ale doplatil na technickou skrum\u00e1\u017e v\u00edce jezdc\u016f, kte\u0159\u00ed vytvo\u0159ili \u0159adu vedle sebe a nez\u016fstalo tam m\u00edsto na pr\u016fnik,\u201c<\/em> popsal tren\u00e9r st\u00edha\u010d\u016f Luk\u00e1\u0161 Thun.<\/p>\n\n\n\n<p><strong>V\u00fdsledky \u2013 mu\u017ei, t\u00fdmov\u00fd sprint, <\/strong>fin\u00e1le:Austr\u00e1lie (Glaetzer, Hoffman, Richardson) 42,125 \u2013 \u010c\u00edna (Guo, Liu, \u017dou) 43,122, o 3. m\u00edsto: Velk\u00e1 Brit\u00e1nie 43,165 \u2013 Kanada 53,398, <strong>5. \u010cR <\/strong>(Bohusl\u00e1vek, Topinka, \u010cechman) 43,853.<\/p>\n\n\n\n<p><strong>St\u00edhac\u00ed z\u00e1vod dru\u017estev, fin\u00e1le:<\/strong> Velk\u00e1 Brit\u00e1nie (Bigham, Charlton, Gill, Wood) 3:51,310 \u2013 It\u00e1lie (Boscaro, Moro, Pinazzi, Lamon) 3:52,840. <strong>Vylu\u010dovac\u00ed z\u00e1vod: <\/strong>1. Buchli (Niz.), \u2026 <strong>16. Rugovac <\/strong>(\u010cR).<\/p>\n\n\n\n<p><strong>\u017deny \u2013 st\u00edhac\u00ed z\u00e1vod dru\u017estev, fin\u00e1le: <\/strong>Velk\u00e1 Brit\u00e1nie (Archibaldov\u00e1, Barkerov\u00e1, Knightov\u00e1, Robertsov\u00e1) 4:12,539 \u2013 N\u011bmecko (Reissnerov\u00e1, Brausseov\u00e1Krogerov\u00e1, Sussemilchov\u00e1) 4:13,511. <strong>Vylu\u010dovac\u00ed z\u00e1vod:<\/strong> 1. Stenbergov\u00e1 (Nor.), \u2026 <strong>21. Burlov\u00e1<\/strong> (\u010cR)<\/p>\n\n\n\n<p><strong>T\u00fdmov\u00fd sprint, <\/strong>fin\u00e1le: Mexiko 47,001 \u2013 Kanada 47,414.<\/p>\n","protected":false},"excerpt":{"rendered":"<p>Trio Dominik Topinka, Mat\u011bj Bohusl\u00e1vek a Martin \u010cechman obsadilo na Nation Cupu dr\u00e1ha\u0159\u016f v&nbsp;kanadsk\u00e9m Miltonu v\u00fdborn\u00e9 p\u00e1t\u00e9 m\u00edsto. Postarali se tak o nejlep\u0161\u00ed \u010desk\u00fd v\u00fdsledek b\u011bhem prvn\u00edho dne. \u010cesk\u00fd t\u00fdm zajel v&nbsp;kvalifikaci sedm\u00fd \u010das. Ve vy\u0159azovac\u00edm kole sice nesta\u010dil na \u010c\u00ednu, kter\u00e1 nakonec obsadila druh\u00e9 m\u00edsto, ale v\u00fdborn\u00fd \u010das 43,853 znamenal pro \u010desk\u00e9 trio kone\u010dnou [&hellip;]<\/p>\n","protected":false},"author":15,"featured_media":15747,"comment_status":"closed","ping_status":"open","sticky":false,"template":"","format":"standard","meta":{"footnotes":""},"categories":[2],"tags":[9],"class_list":["post-24622","post","type-post","status-publish","format-standard","has-post-thumbnail","hentry","category-novinky","tag-draha"],"_links":{"self":[{"href":"https:\/\/www.czechcyclingfederation.com\/en\/wp-json\/wp\/v2\/posts\/24622","targetHints":{"allow":["GET"]}}],"collection":[{"href":"https:\/\/www.czechcyclingfederation.com\/en\/wp-json\/wp\/v2\/posts"}],"about":[{"href":"https:\/\/www.czechcyclingfederation.com\/en\/wp-json\/wp\/v2\/types\/post"}],"author":[{"embeddable":true,"href":"https:\/\/www.czechcyclingfederation.com\/en\/wp-json\/wp\/v2\/users\/15"}],"replies":[{"embeddable":true,"href":"https:\/\/www.czechcyclingfederation.com\/en\/wp-json\/wp\/v2\/comments?post=24622"}],"version-history":[{"count":2,"href":"https:\/\/www.czechcyclingfederation.com\/en\/wp-json\/wp\/v2\/posts\/24622\/revisions"}],"predecessor-version":[{"id":24624,"href":"https:\/\/www.czechcyclingfederation.com\/en\/wp-json\/wp\/v2\/posts\/24622\/revisions\/24624"}],"wp:featuredmedia":[{"embeddable":true,"href":"https:\/\/www.czechcyclingfederation.com\/en\/wp-json\/wp\/v2\/media\/15747"}],"wp:attachment":[{"href":"https:\/\/www.czechcyclingfederation.com\/en\/wp-json\/wp\/v2\/media?parent=24622"}],"wp:term":[{"taxonomy":"category","embeddable":true,"href":"https:\/\/www.czechcyclingfederation.com\/en\/wp-json\/wp\/v2\/categories?post=24622"},{"taxonomy":"post_tag","embeddable":true,"href":"https:\/\/www.czechcyclingfederation.com\/en\/wp-json\/wp\/v2\/tags?post=24622"}],"curies":[{"name":"wp","href":"https:\/\/api.w.org\/{rel}","templated":true}]}}