{"id":2462,"date":"2020-10-03T01:01:35","date_gmt":"2020-10-02T23:01:35","guid":{"rendered":"http:\/\/www.czechcyclingfederation.com\/?p=2462"},"modified":"2020-10-06T10:54:13","modified_gmt":"2020-10-06T08:54:13","slug":"ceska-juniorska-reprezentace-startuje-v-novem-meste-na-morave","status":"publish","type":"post","link":"https:\/\/www.czechcyclingfederation.com\/en\/ceska-juniorska-reprezentace-startuje-v-novem-meste-na-morave\/","title":{"rendered":"\u010cesk\u00e1 juniorsk\u00e1 reprezentace startuje v Nov\u00e9m M\u011bst\u011b na Morav\u011b"},"content":{"rendered":"\n<p>\u010cesk\u00fd juniorsk\u00fd reprezenta\u010dn\u00ed t\u00fdm \u010dek\u00e1 v sobotu v Nov\u00e9m M\u011bst\u011b leto\u0161n\u00ed premi\u00e9ra na UCI sv\u011btov\u00e9 juniorsk\u00e9 s\u00e9rii. \u00b4Juniorsk\u00e1 s\u00e9rie UCI byla letos poznamenan\u00e1 epidemi\u00ed koronaviru stejn\u011b jako sv\u011btov\u00fd poh\u00e1r elitn\u00edch kategori\u00ed.<\/p>\n\n\n\n<p>V Nov\u00e9m M\u011bst\u011b na Morav\u011b se na\u0161t\u011bst\u00ed z\u00e1vod juniorsk\u00fdch kategori\u00ed uskute\u010dn\u00ed a mlad\u00ed z\u00e1vodn\u00edci a z\u00e1vodnice si navz\u00e1jem pom\u011b\u0159\u00ed s\u00edly necel\u00fd t\u00fdden p\u0159ed startem na mistrovstv\u00ed sv\u011bta v Leogangu. <\/p>\n\n\n\n<p>Do gener\u00e1lky p\u0159ed MS nastoup\u00ed v \u010desk\u00e9m reprezenta\u010dn\u00edm dresu 7 junior\u016f z celkem 104 startuj\u00edc\u00edch mu\u017e\u016f a 6 juniorek z celkem 41 z\u00e1vodnic na startu. Z\u00e1vod JWS je rovn\u011b\u017e nomina\u010dn\u00edm z\u00e1vodem pro z\u00e1vod \u010desk\u00e9 \u0161tafety na MS v rakousk\u00e9m Leogangu.<\/p>\n\n\n\n<p>Z\u00e1vod \u017een juniorek odstartuje v 9:00, mu\u017e\u016f junior\u016f v 10:30.<\/p>\n\n\n\n<p>Nominace JWS XCO NMNM:<\/p>\n\n\n\n<p><strong>Juniorky:<\/strong><\/p>\n\n\n\n<p>1. Ad\u00e9la Holubov\u00e1 (kola-bbm.cz), 2002<\/p>\n\n\n\n<p>2. Aneta Novotn\u00e1 (Adastra Cycling Team), 2003<\/p>\n\n\n\n<p>3. Zuzana Kadlecov\u00e1 (Adastra Cycling Team), 2002<\/p>\n\n\n\n<p>4. Tereza Obo\u0159ilov\u00e1 (GT Opportunity Brno), 2002<\/p>\n\n\n\n<p>5. Karol\u00edna Bedrn\u00edkov\u00e1 (Expres CZ \u2013 TUFO Team Kol\u00edn), 2003<\/p>\n\n\n\n<p>6. Kate\u0159ina Vaverkov\u00e1 (COPR TJ P\u0159e\u0161tice), 2002<\/p>\n\n\n\n<p><strong>Junio\u0159i:<\/strong><\/p>\n\n\n\n<p>1. David \u0160ulc (IVAR CS Author Team), 2002&nbsp;<\/p>\n\n\n\n<p>2. Jan S\u00e1ska (Rouvy Specialized Cycling Team), 2002<\/p>\n\n\n\n<p>3. Daniel \u017dvak (Expres CZ \u2013 TUFO Team Kol\u00edn), 2002<\/p>\n\n\n\n<p>4. V\u00e1clav Veverka (KC Kooperativa Jablonec nad Nisou), 2003<\/p>\n\n\n\n<p>5. Tom\u00e1\u0161 Tlamka (NUTREND SPECIALIZED Racing), 2002<\/p>\n\n\n\n<p>6. Martin Vo\u017een\u00edlek (HEAD PRO TEAM OPAVA), 2003<\/p>\n\n\n\n<p>7. Jan Zatloukal (NUTREND SPECIALIZED Racing), 2002<\/p>\n\n\n\n<p><em>(8. Filip Kone\u010dn\u00fd (Bike Team Nov\u00e9 M\u011bsto na Morav\u011b), 2003 \u2013 omluven ze zdravotn\u00edch d\u016fvod\u016f)<\/em><\/p>\n\n\n\n<figure class=\"wp-block-image size-large\"><img loading=\"lazy\" decoding=\"async\" width=\"640\" height=\"480\" src=\"http:\/\/www.czechcyclingfederation.com\/wp-content\/uploads\/2020\/10\/53ed0f38-cd8f-4d53-88ce-77d77af78888.jpg\" alt=\"\" class=\"wp-image-2463\" srcset=\"https:\/\/www.czechcyclingfederation.com\/wp-content\/uploads\/2020\/10\/53ed0f38-cd8f-4d53-88ce-77d77af78888.jpg 640w, https:\/\/www.czechcyclingfederation.com\/wp-content\/uploads\/2020\/10\/53ed0f38-cd8f-4d53-88ce-77d77af78888-267x200.jpg 267w\" sizes=\"auto, (max-width: 640px) 100vw, 640px\" \/><\/figure>\n","protected":false},"excerpt":{"rendered":"<p>\u010cesk\u00fd juniorsk\u00fd reprezenta\u010dn\u00ed t\u00fdm \u010dek\u00e1 v sobotu v Nov\u00e9m M\u011bst\u011b leto\u0161n\u00ed premi\u00e9ra na UCI sv\u011btov\u00e9 juniorsk\u00e9 s\u00e9rii. \u00b4Juniorsk\u00e1 s\u00e9rie UCI byla letos poznamenan\u00e1 epidemi\u00ed koronaviru stejn\u011b jako sv\u011btov\u00fd poh\u00e1r elitn\u00edch kategori\u00ed. V Nov\u00e9m M\u011bst\u011b na Morav\u011b se na\u0161t\u011bst\u00ed z\u00e1vod juniorsk\u00fdch kategori\u00ed uskute\u010dn\u00ed a mlad\u00ed z\u00e1vodn\u00edci a z\u00e1vodnice si navz\u00e1jem pom\u011b\u0159\u00ed s\u00edly necel\u00fd t\u00fdden p\u0159ed startem [&hellip;]<\/p>\n","protected":false},"author":3,"featured_media":2463,"comment_status":"closed","ping_status":"open","sticky":false,"template":"","format":"standard","meta":{"footnotes":""},"categories":[6,109,2,103],"tags":[10],"class_list":["post-2462","post","type-post","status-publish","format-standard","has-post-thumbnail","hentry","category-mtb","category-mtb-trial-reprezentace","category-novinky","category-reprezentace","tag-mtb"],"_links":{"self":[{"href":"https:\/\/www.czechcyclingfederation.com\/en\/wp-json\/wp\/v2\/posts\/2462","targetHints":{"allow":["GET"]}}],"collection":[{"href":"https:\/\/www.czechcyclingfederation.com\/en\/wp-json\/wp\/v2\/posts"}],"about":[{"href":"https:\/\/www.czechcyclingfederation.com\/en\/wp-json\/wp\/v2\/types\/post"}],"author":[{"embeddable":true,"href":"https:\/\/www.czechcyclingfederation.com\/en\/wp-json\/wp\/v2\/users\/3"}],"replies":[{"embeddable":true,"href":"https:\/\/www.czechcyclingfederation.com\/en\/wp-json\/wp\/v2\/comments?post=2462"}],"version-history":[{"count":2,"href":"https:\/\/www.czechcyclingfederation.com\/en\/wp-json\/wp\/v2\/posts\/2462\/revisions"}],"predecessor-version":[{"id":2503,"href":"https:\/\/www.czechcyclingfederation.com\/en\/wp-json\/wp\/v2\/posts\/2462\/revisions\/2503"}],"wp:featuredmedia":[{"embeddable":true,"href":"https:\/\/www.czechcyclingfederation.com\/en\/wp-json\/wp\/v2\/media\/2463"}],"wp:attachment":[{"href":"https:\/\/www.czechcyclingfederation.com\/en\/wp-json\/wp\/v2\/media?parent=2462"}],"wp:term":[{"taxonomy":"category","embeddable":true,"href":"https:\/\/www.czechcyclingfederation.com\/en\/wp-json\/wp\/v2\/categories?post=2462"},{"taxonomy":"post_tag","embeddable":true,"href":"https:\/\/www.czechcyclingfederation.com\/en\/wp-json\/wp\/v2\/tags?post=2462"}],"curies":[{"name":"wp","href":"https:\/\/api.w.org\/{rel}","templated":true}]}}