{"id":24612,"date":"2023-04-24T12:00:00","date_gmt":"2023-04-24T10:00:00","guid":{"rendered":"https:\/\/www.czechcyclingfederation.com\/?p=24612"},"modified":"2023-04-21T09:18:39","modified_gmt":"2023-04-21T07:18:39","slug":"blizi-se-mezinarodni-arbyd-grand-prix-west-bohemia","status":"publish","type":"post","link":"https:\/\/www.czechcyclingfederation.com\/en\/blizi-se-mezinarodni-arbyd-grand-prix-west-bohemia\/","title":{"rendered":"Bl\u00ed\u017e\u00ed se mezin\u00e1rodn\u00ed ARBYD | Grand Prix West Bohemia"},"content":{"rendered":"\n<p>Mlad\u00ed cyklist\u00e9 z cel\u00e9 Evropy,\u00a0ale i z Ameriky\u00a0se\u00a0o tomto v\u00edkend utkaj\u00ed v Ky\u0161ic\u00edch u Plzn\u011b\u00a0ve t\u0159et\u00edm ro\u010dn\u00edku\u00a0silni\u010dn\u00edho z\u00e1vodu ARBYD |\u00a0Grand Prix West Bohemia. Vrcholem dvoudenn\u00edho\u00a0mezin\u00e1rodn\u00edho\u00a0podniku pro kadety a juniory,\u00a0kterou po\u0159\u00e1d\u00e1\u00a0Petr Kubias, \u0161\u00e9f Roman Kreuziger Cycling Academy,\u00a0bude ned\u011bln\u00ed\u00a0z\u00e1vod junior\u016f\u00a0kategorie\u00a0UCI 1.1.\u00a0Jezdci z n\u00e1rodn\u00edch v\u00fdb\u011br\u016f \u010di \u0161pi\u010dkov\u00fdch klubov\u00fdch t\u00fdm\u016f se na zvln\u011bn\u00e9\u00a0trase\u00a0klasik\u00e1\u0159sk\u00e9ho st\u0159ihu\u00a0z Ky\u0161ic p\u0159es \u010cerven\u00fd Hr\u00e1dek, D\u00fd\u0161inu a Chr\u00e1st zp\u011bt do m\u00edsta startu\u00a0st\u0159etnou\u00a0ale i\u00a0den p\u0159edt\u00edm,\u00a0jen v opa\u010dn\u00e9m sm\u011bru. \u201eP\u016fjde o mimo\u0159\u00e1dnou ud\u00e1lost, atraktivn\u00ed\u00a0div\u00e1ckou pod\u00edvanou, ale z\u00e1rove\u0148\u00a0budou\u00a0z\u00e1vody\u00a0znamenat jist\u00e9 omezen\u00ed dopravy v dan\u00e9 lokalit\u011b. V\u0161echny proto pros\u00edme o shov\u00edvavost, respektov\u00e1n\u00ed pokyn\u016f\u00a0po\u0159adatel\u016f\u00a0a dodr\u017eov\u00e1n\u00ed obj\u00edzdn\u00fdch tras,\u201c\u00a0po\u017e\u00e1dal\u00a0Petr Kubias.<\/p>\n\n\n\n<p>Organiz\u00e1to\u0159i o\u010dek\u00e1vaj\u00ed, \u017ee se na startu sejde zase nabit\u011bj\u0161\u00ed konkurence ne\u017e v minul\u00fdch letech.<\/p>\n\n\n\n<p><em>\u201e<\/em>Z\u00e1jem o n\u00e1\u0161 z\u00e1vod ka\u017ed\u00fdm rokem roste a zkvalit\u0148uje se i startovn\u00ed pole. \u00da\u010dast potvrdily reprezenta\u010dn\u00ed v\u00fdb\u011bry N\u011bmecka, Rakouska, Polska, Rumunska, Bulharska, D\u00e1nska,\u00a0ned\u00e1vno i Spojen\u00fdch st\u00e1t\u016f,\u00a0co\u017e n\u00e1s hodn\u011b t\u011b\u0161\u00ed. K\u00a0tomu si p\u0159i\u010dt\u011bte klubov\u00e9 t\u00fdmy z cel\u00e9 Evropy v \u010dele s n\u011bmeckou sestavou Auto Eder, co\u017e je absolutn\u00ed \u0161pi\u010dka\u00a0juniorsk\u00e9 kategorie. Pro mlad\u00e9 jezdce p\u0159edstupe\u0148 pro p\u0159estup do n\u011bkter\u00e9ho z t\u00fdm\u016f\u00a0World Tour.\u00a0O to v\u00edc se budeme cht\u00edt doma uk\u00e1zat,\u201c\u00a0zd\u016fraznil Kubias.\u00a0\u201eSnahou je ud\u011blat v Plzni tradi\u010dn\u00ed mezin\u00e1rodn\u00ed podnik na vysok\u00e9 \u00farovni, na kter\u00fd by se \u0161pi\u010dkov\u00e9 juniorsk\u00e9\u00a0t\u00fdmy r\u00e1dy vracely. Jednou\u00a0bychom r\u00e1di z\u00e1vod uspo\u0159\u00e1dali t\u0159eba\u00a0i\u00a0jako mal\u00fd etap\u00e1\u010dek,\u201cnazna\u010dil dal\u0161\u00ed pl\u00e1ny \u010dlen zn\u00e1m\u00e9ho cyklistick\u00e9ho rodu.<\/p>\n\n\n\n<p>\u201eZku\u0161enosti m\u00e1me a mo\u017enost vr\u00e1tit Plze\u0148 na sv\u011btovou cyklistickou sc\u00e9nu je pro n\u00e1s velkou v\u00fdzvou. Je to i \u0161ance pro na\u0161e mlad\u00e9 jezdce, aby se pom\u011b\u0159ili s absolutn\u00ed \u0161pi\u010dkou. P\u0159\u00edm\u00e1 konfrontace se zahrani\u010dn\u00ed kvalitou je nenahraditeln\u00e1,\u201c prohl\u00e1sil Kubias.<\/p>\n\n\n\n<p>A i kdy\u017e zahrani\u010dn\u00ed \u00fa\u010dast bude na ARBYD | Grand Prix West Bohemia op\u011bt po\u010detn\u00e1, tak douf\u00e1, \u017ee vid\u011bt budou i jezdci v zelenkav\u00fdch dresech po\u0159\u00e1daj\u00edc\u00ed akademie. \u201eSolidn\u00ed formu m\u00e1 Pavel \u0160ump\u00edk, kter\u00fd vyhr\u00e1l \u00favodn\u00ed z\u00e1vod n\u00e1rodn\u00edho poh\u00e1ru v Jev\u00ed\u010dku a v druh\u00e9m d\u011bjstv\u00ed v N\u00e1m\u011b\u0161ti byl druh\u00fd. Ale uk\u00e1zat se mohou i dal\u0161\u00ed na\u0161i kluci. Hlavn\u00edmi favority jsou v\u0161ak znovu jezdci t\u00fdmu Auto Eder,&#8221; vyzdvihl Kubias juniorskou z\u00e1lohu world tourov\u00e9 st\u00e1je Bora\u2013hansgrohe. \u201eLoni stejn\u011b jako v \u00favodn\u00edm ro\u010dn\u00edku brali prvn\u00ed a druh\u00e9 m\u00edsto,\u201c p\u0159ipomn\u011bl.<\/p>\n\n\n\n<p>Po s\u00f3lov\u00e9m ataku zv\u00edt\u011bzil Emil Herzog p\u0159ed t\u00fdmov\u00fdm par\u0165\u00e1kem Estoncem Rometem Pajurem. T\u0159et\u00ed skon\u010dil \u010dlen polsk\u00e9ho n\u00e1rodn\u00edho t\u00fdmu Mikolaj Szulik. Nejlep\u0161\u00ed z \u010desk\u00fdch z\u00e1vodn\u00edk\u016f byl p\u00e1t\u00fd Daniel Mr\u00e1z z Mapei Merida Ka\u0148kovsk\u00fd.<\/p>\n\n\n\n<p>Okruh v okol\u00ed Ky\u0161ic m\u011b\u0159\u00ed 12,1 kilometru. Kadety \u010dek\u00e1 v sobotu od 10.00 \u0161est okruh\u016f, tedy z\u00e1vod na 72,6 kilometru. Junio\u0159i startuj\u00ed ve 14 hodin a v\u00edt\u011bz bude zn\u00e1m po deseti okruz\u00edch, tj. po 121 kilometrech.&nbsp;<\/p>\n\n\n\n<p>\u010casy start\u016f jsou stejn\u011b i v ned\u011bli, jen porce z\u00e1vodn\u00edch kilometr\u016f je vy\u0161\u0161\u00ed \u2013 kadeti pojedou sedm kol (84,7 km) a junio\u0159i v z\u00e1vod\u011b UCI 1.1 jeden\u00e1ct okruh\u016f (133,1 km).&nbsp;<\/p>\n\n\n\n<p>P\u0159\u00edm\u00fd p\u0159enos ned\u011bln\u00edch z\u00e1vod\u016f bude mo\u017en\u00e9 v m\u00edst\u011b startu sledovat na velkoplo\u0161n\u00e9 obrazovce a chyst\u00e1 se i prost\u0159ednictv\u00edm medi\u00e1ln\u00edho partnera RoadCycling.cz p\u0159enos na internetu a hybridn\u00ed vys\u00edl\u00e1n\u00ed na \u010cesk\u00e9 televizi. Pro div\u00e1ky bude p\u0159ipraveno i ob\u010derstven\u00ed.<\/p>\n\n\n\n<p>Program ARBYD | Grand Prix West Bohemia 2023<\/p>\n\n\n\n<p><strong>Sobota<\/strong><\/p>\n\n\n\n<p>Ky\u0161ice (start i c\u00edl)<\/p>\n\n\n\n<p>10.00: kadeti, 72,6 km (6 okruh\u016f).<\/p>\n\n\n\n<p>14.00: junio\u0159i, 121 km (10 okruh\u016f)<\/p>\n\n\n\n<p><strong>Ned\u011ble<\/strong><\/p>\n\n\n\n<p>Ky\u0161ice (start i c\u00edl)<\/p>\n\n\n\n<p>10.00: kadeti, 84,7 km (7 kol)<\/p>\n\n\n\n<p>14.00: junio\u0159i (z\u00e1vod UCI 1.1), 133,1 km (11 kol)<\/p>\n","protected":false},"excerpt":{"rendered":"<p>Mlad\u00ed cyklist\u00e9 z cel\u00e9 Evropy,\u00a0ale i z Ameriky\u00a0se\u00a0o tomto v\u00edkend utkaj\u00ed v Ky\u0161ic\u00edch u Plzn\u011b\u00a0ve t\u0159et\u00edm ro\u010dn\u00edku\u00a0silni\u010dn\u00edho z\u00e1vodu ARBYD |\u00a0Grand Prix West Bohemia. Vrcholem dvoudenn\u00edho\u00a0mezin\u00e1rodn\u00edho\u00a0podniku pro kadety a juniory,\u00a0kterou po\u0159\u00e1d\u00e1\u00a0Petr Kubias, \u0161\u00e9f Roman Kreuziger Cycling Academy,\u00a0bude ned\u011bln\u00ed\u00a0z\u00e1vod junior\u016f\u00a0kategorie\u00a0UCI 1.1.\u00a0Jezdci z n\u00e1rodn\u00edch v\u00fdb\u011br\u016f \u010di \u0161pi\u010dkov\u00fdch klubov\u00fdch t\u00fdm\u016f se na zvln\u011bn\u00e9\u00a0trase\u00a0klasik\u00e1\u0159sk\u00e9ho st\u0159ihu\u00a0z Ky\u0161ic p\u0159es \u010cerven\u00fd Hr\u00e1dek, D\u00fd\u0161inu [&hellip;]<\/p>\n","protected":false},"author":1,"featured_media":24613,"comment_status":"closed","ping_status":"open","sticky":false,"template":"","format":"standard","meta":{"footnotes":""},"categories":[17,2,18],"tags":[11],"class_list":["post-24612","post","type-post","status-publish","format-standard","has-post-thumbnail","hentry","category-discipliny","category-novinky","category-silnice","tag-silnice"],"_links":{"self":[{"href":"https:\/\/www.czechcyclingfederation.com\/en\/wp-json\/wp\/v2\/posts\/24612","targetHints":{"allow":["GET"]}}],"collection":[{"href":"https:\/\/www.czechcyclingfederation.com\/en\/wp-json\/wp\/v2\/posts"}],"about":[{"href":"https:\/\/www.czechcyclingfederation.com\/en\/wp-json\/wp\/v2\/types\/post"}],"author":[{"embeddable":true,"href":"https:\/\/www.czechcyclingfederation.com\/en\/wp-json\/wp\/v2\/users\/1"}],"replies":[{"embeddable":true,"href":"https:\/\/www.czechcyclingfederation.com\/en\/wp-json\/wp\/v2\/comments?post=24612"}],"version-history":[{"count":1,"href":"https:\/\/www.czechcyclingfederation.com\/en\/wp-json\/wp\/v2\/posts\/24612\/revisions"}],"predecessor-version":[{"id":24615,"href":"https:\/\/www.czechcyclingfederation.com\/en\/wp-json\/wp\/v2\/posts\/24612\/revisions\/24615"}],"wp:featuredmedia":[{"embeddable":true,"href":"https:\/\/www.czechcyclingfederation.com\/en\/wp-json\/wp\/v2\/media\/24613"}],"wp:attachment":[{"href":"https:\/\/www.czechcyclingfederation.com\/en\/wp-json\/wp\/v2\/media?parent=24612"}],"wp:term":[{"taxonomy":"category","embeddable":true,"href":"https:\/\/www.czechcyclingfederation.com\/en\/wp-json\/wp\/v2\/categories?post=24612"},{"taxonomy":"post_tag","embeddable":true,"href":"https:\/\/www.czechcyclingfederation.com\/en\/wp-json\/wp\/v2\/tags?post=24612"}],"curies":[{"name":"wp","href":"https:\/\/api.w.org\/{rel}","templated":true}]}}