{"id":24608,"date":"2023-04-21T09:10:41","date_gmt":"2023-04-21T07:10:41","guid":{"rendered":"https:\/\/www.czechcyclingfederation.com\/?p=24608"},"modified":"2023-04-21T09:10:44","modified_gmt":"2023-04-21T07:10:44","slug":"pavlina-vejvodova-zazarila-v-maniagu-a-bere-stribro-z-casovky","status":"publish","type":"post","link":"https:\/\/www.czechcyclingfederation.com\/en\/pavlina-vejvodova-zazarila-v-maniagu-a-bere-stribro-z-casovky\/","title":{"rendered":"Pavl\u00edna Vejvodov\u00e1 zaz\u00e1\u0159ila v Maniagu a bere st\u0159\u00edbro z\u00a0\u010dasovky"},"content":{"rendered":"\n<p>Prvn\u00ed den Sv\u011btov\u00e9ho poh\u00e1ru v para-cyklistice na severu It\u00e1lie za\u010dal v\u00fdborn\u011b! \u00davodn\u00ed den \u010dasovek se nesl ve znamen\u00ed sychrav\u00e9ho a velmi de\u0161tiv\u00e9ho po\u010das\u00ed. 7 \u010desk\u00fdch z\u00e1vodn\u00edk\u016f se  postavilo na startovac\u00ed rampu se snahou vybojovat co nejlep\u0161\u00ed um\u00edst\u011bn\u00ed, kter\u00e9 p\u0159inese body do rankingu pro letn\u00ed paralympijsk\u00e9 hry 2024 v\u00a0Pa\u0159\u00ed\u017ei.<\/p>\n\n\n\n<p>Prvn\u00ed \u010de\u0161t\u00ed z\u00e1vodn\u00edci startovali v\u00a0kategorii MH3 \u2013 Tom\u00e1\u0161 Mo\u0161ni\u010dka a Va\u0161ek Antal. Oba z\u00e1vodn\u00edky potkal asi nejprud\u0161\u00ed d\u00e9\u0161\u0165 dne. Va\u0161ek Antal dopadl l\u00e9pe, kdy\u017e dokon\u010dil svou \u010dasovku na 23. m\u00edst\u011b. Mo\u0161ni\u010dka dokon\u010dil z\u00e1vod na 35. p\u0159\u00ed\u010dce.<\/p>\n\n\n\n<p>V\u00a0kategorii H3 byla \u010cR zastoupena tak\u00e9 mezi \u017eenami. Katka Anto\u0161ov\u00e1 po del\u0161\u00ed z\u00e1vodn\u00ed pauze bojovala srdnat\u011b a dojela des\u00e1t\u00e1.<\/p>\n\n\n\n<p>Mezi nejv\u011bt\u0161\u00ed nad\u011bje na medaile pat\u0159il bezesporu Patrik Jahoda (kategorie MH1), kter\u00fd jen velmi t\u011bsn\u011b dokon\u010dil z\u00e1vod na 5. m\u00edst\u011b.<\/p>\n\n\n\n<p>Svoji \u010dasovku odjeli tak\u00e9 \u010de\u0161t\u00ed t\u0159\u00edkolk\u00e1\u0159i \u2013 Roman \u0160ejna (MT1) obsadil solidn\u00ed 8.m\u00edsto a nov\u00e1\u010dek v&nbsp;t\u00fdmu \u2013 Jindra Ma\u0161\u00edn (MT2) skon\u010dil dvan\u00e1ct\u00fd.<\/p>\n\n\n\n<p>Nejv\u011bt\u0161\u00ed radost p\u0159inesla \u010desk\u00fdm barv\u00e1m Pavl\u00edna Vejvodov\u00e1 (WT1) \u2013 v\u00edt\u011bzka Sv\u011btov\u00e9ho poh\u00e1ru z\u00a0Ostende 2022 se v\u00a0It\u00e1lii p\u0159edvedla ve vynikaj\u00edc\u00ed form\u011b a z\u00edskala pro v\u00fdpravu prvn\u00ed medaili, kdy\u017e projela c\u00edlem v\u00a0\u010dase 31:24.75, co\u017e j\u00ed sta\u010dilo na fam\u00f3zn\u00ed 2.m\u00edsto!<\/p>\n\n\n\n<p>Pavl\u00edny z\u00e1vod okomentovali jej\u00ed tren\u00e9\u0159i \u2013 Lubo\u0161 Jirka a Zden\u011bk Mlyn\u00e1\u0159 bezprost\u0159edn\u011b po z\u00e1vod\u011b: \u201e<em>Pavl\u00edna jela dnes kr\u00e1sn\u00fd z\u00e1vod, ztratila pouze 38 vte\u0159in, co\u017e je velk\u00fd posun oproti lo\u0148sk\u00e9mu roku. Po\u010das\u00ed na \u00favod Sv\u011b\u0165\u00e1ku nebylo p\u0159\u00edzniv\u00e9. M\u00e1me je\u0161t\u011b rezervu a v\u00edme na \u010dem zapracovat. Pavl\u00edn\u011b nebylo dnes co vytknout, jela opravdu par\u00e1dn\u00ed z\u00e1vod a jsme moc \u0161\u0165astn\u00ed, \u017ee to vy\u0161lo a m\u00e1 medaili.<\/em>\u201c<\/p>\n\n\n\n<p>Svou j\u00edzdu ohodnotila tak\u00e9 sama medailistka Vejvodov\u00e1: \u201e<em>P\u0159ekvapilo m\u011b, jak brzy jsem p\u0159edjela svou soupe\u0159ku z&nbsp;Uzbekist\u00e1nu, kter\u00e1 startovala o minutu p\u0159ede mnou. T\u0159i\u010dtvrt\u011b cesty foukal protiv\u00edtr, co\u017e jsem ne\u010dekala. P\u0159izn\u00e1m se, \u017ee m\u00edsty pro m\u011b bylo n\u00e1ro\u010dn\u00e9 sledovat, kam m\u00e1m na k\u0159i\u017eovatk\u00e1ch jet, nezd\u00e1lo se mi to zcela p\u0159ehledn\u00e9.<\/em>\u201c<\/p>\n\n\n\n<p>V\u00fdkony reprezentant\u016f ocenil tak\u00e9 reprezenta\u010dn\u00ed tren\u00e9r Luk\u00e1\u0161 Petr: \u201e<em>Mus\u00edm pochv\u00e1lit v\u0161echny z\u00e1vodn\u00edky za nasazen\u00ed v dne\u0161n\u00edch nep\u0159\u00edzniv\u00fdch podm\u00ednk\u00e1ch, zvl\u00e1\u0161t\u011b pak Pavl\u00ednu, kter\u00e1 potvrdila svoji p\u0159\u00edslu\u0161nost k absolutn\u00ed sv\u011btov\u00e9 \u0161pi\u010dce a dala jasn\u00fd vzkaz, \u017ee od n\u00ed letos m\u016f\u017eeme \u010dekat velk\u00e9 v\u00fdsledky.<\/em>\u201c<\/p>\n\n\n\n<p>Dnes se na start vyd\u00e1 \u010desk\u00fd elitn\u00ed jezdec v\u00a0kategorii \u201eC\u201c Ivo Koblasa (MC2). <\/p>\n\n\n\n<p><strong><u>V\u00fdsledky:<\/u><\/strong><\/p>\n\n\n\n<p><strong>MH3<\/strong><\/p>\n\n\n\n<ol class=\"wp-block-list\" type=\"1\">\n<li>QUAILE Johan (FRA) 21:11.82<\/li>\n\n\n\n<li>CORTINI Davide (ITA) 21:12.24 (+00:00.42)<\/li>\n\n\n\n<li>MEKENKAMP Mark (NED) 21:15.67 (+00:03.85) \u2026&nbsp;<strong>23. ANTAL V\u00e1clav<\/strong>&nbsp;(<strong>CZE<\/strong>) 22:55.25 (+01:43.43) ;&nbsp;<strong>35. MO\u0160NI\u010cKA Tom\u00e1\u0161&nbsp;<\/strong>(<strong>CZE<\/strong>) 24:26.80 (+03:14.98)<\/li>\n<\/ol>\n\n\n\n<p><strong>WH3<\/strong><\/p>\n\n\n\n<ol class=\"wp-block-list\" type=\"1\">\n<li>ZEYEN Annika (GER) 24:48.28<\/li>\n\n\n\n<li>LI Huaxian (CHN) 25:30.19 (+00:41.91)<\/li>\n\n\n\n<li>PORCELLATO Francesca (ITA) 25:35.53 (+00:47.25) \u2026&nbsp;<strong>10. ANTO\u0160OV\u00c1 Kate\u0159ina<\/strong>&nbsp;(<strong>CZE<\/strong>) 28:12.69 (+03:24.41)<\/li>\n<\/ol>\n\n\n\n<p><strong>MH1<\/strong><\/p>\n\n\n\n<ol class=\"wp-block-list\" type=\"1\">\n<li>HORDIES Maxime (BEL) 32:00.41<\/li>\n\n\n\n<li>CORNEGLIANI Fabrizio (ITA) 32:24.39 (+00:23.98)<\/li>\n\n\n\n<li>FR\u00dcH Benjamin (SUI) 35:40.87 (+03:40.46) \u2026&nbsp;<strong>5. JAHODA Patrik<\/strong>&nbsp;(<strong>CZE<\/strong>) 35:50.22 (+03:49.81)<\/li>\n<\/ol>\n\n\n\n<p><strong>MT1<\/strong><\/p>\n\n\n\n<ol class=\"wp-block-list\" type=\"1\">\n<li>CHEN Jianxin (CHN) 23:56.50<\/li>\n\n\n\n<li>CLEMENT Nathan (CAN) 24:16.28 (+00:19.78)<\/li>\n\n\n\n<li>LU Rongfei (CHN) 24:22.09 (+00:25.59) \u2026&nbsp;<strong>8. \u0160EJNA Roman<\/strong>&nbsp;(<strong>CZE<\/strong>) 29:49.59 (+05:53.09)<\/li>\n<\/ol>\n\n\n\n<p><strong>MT2<\/strong><\/p>\n\n\n\n<ol class=\"wp-block-list\" type=\"1\">\n<li>CONNORS Dennis (USA) 23:03.02<\/li>\n\n\n\n<li>STEINBICHLER Wolfgang (AUT) 23:05.07 (+00:02.05)<\/li>\n\n\n\n<li>J\u00c4GER Maximilian (GER) 23:12.73 (+00:09.71) \u2026&nbsp;<strong>12. MA\u0160\u00cdN Jind\u0159ich<\/strong>&nbsp;(<strong>CZE<\/strong>) 27:34.33 (+04:31.31)<\/li>\n<\/ol>\n\n\n\n<p><strong>WT1<\/strong><\/p>\n\n\n\n<ol class=\"wp-block-list\" type=\"1\">\n<li>VAN SOEST Marieke (NED) 30:49.87<\/li>\n\n\n\n<li><strong>VEJVODOV\u00c1 Pavl\u00edna<\/strong>&nbsp;(<strong>CZE<\/strong>) 31:24.75 (+00:34.88)<\/li>\n\n\n\n<li>MALZBENDER Eltje (NZL) 33:53.26 (+03:03.39)<\/li>\n<\/ol>\n\n\n\n<p>Autor: Vojt\u011bch Pavl\u00edk<\/p>\n","protected":false},"excerpt":{"rendered":"<p>Prvn\u00ed den Sv\u011btov\u00e9ho poh\u00e1ru v para-cyklistice na severu It\u00e1lie za\u010dal v\u00fdborn\u011b! \u00davodn\u00ed den \u010dasovek se nesl ve znamen\u00ed sychrav\u00e9ho a velmi de\u0161tiv\u00e9ho po\u010das\u00ed. 7 \u010desk\u00fdch z\u00e1vodn\u00edk\u016f se postavilo na startovac\u00ed rampu se snahou vybojovat co nejlep\u0161\u00ed um\u00edst\u011bn\u00ed, kter\u00e9 p\u0159inese body do rankingu pro letn\u00ed paralympijsk\u00e9 hry 2024 v\u00a0Pa\u0159\u00ed\u017ei. Prvn\u00ed \u010de\u0161t\u00ed z\u00e1vodn\u00edci startovali v\u00a0kategorii MH3 \u2013 [&hellip;]<\/p>\n","protected":false},"author":1,"featured_media":24609,"comment_status":"closed","ping_status":"open","sticky":false,"template":"","format":"standard","meta":{"footnotes":""},"categories":[17,2,99],"tags":[405],"class_list":["post-24608","post","type-post","status-publish","format-standard","has-post-thumbnail","hentry","category-discipliny","category-novinky","category-paracyklistika","tag-para"],"_links":{"self":[{"href":"https:\/\/www.czechcyclingfederation.com\/en\/wp-json\/wp\/v2\/posts\/24608","targetHints":{"allow":["GET"]}}],"collection":[{"href":"https:\/\/www.czechcyclingfederation.com\/en\/wp-json\/wp\/v2\/posts"}],"about":[{"href":"https:\/\/www.czechcyclingfederation.com\/en\/wp-json\/wp\/v2\/types\/post"}],"author":[{"embeddable":true,"href":"https:\/\/www.czechcyclingfederation.com\/en\/wp-json\/wp\/v2\/users\/1"}],"replies":[{"embeddable":true,"href":"https:\/\/www.czechcyclingfederation.com\/en\/wp-json\/wp\/v2\/comments?post=24608"}],"version-history":[{"count":1,"href":"https:\/\/www.czechcyclingfederation.com\/en\/wp-json\/wp\/v2\/posts\/24608\/revisions"}],"predecessor-version":[{"id":24611,"href":"https:\/\/www.czechcyclingfederation.com\/en\/wp-json\/wp\/v2\/posts\/24608\/revisions\/24611"}],"wp:featuredmedia":[{"embeddable":true,"href":"https:\/\/www.czechcyclingfederation.com\/en\/wp-json\/wp\/v2\/media\/24609"}],"wp:attachment":[{"href":"https:\/\/www.czechcyclingfederation.com\/en\/wp-json\/wp\/v2\/media?parent=24608"}],"wp:term":[{"taxonomy":"category","embeddable":true,"href":"https:\/\/www.czechcyclingfederation.com\/en\/wp-json\/wp\/v2\/categories?post=24608"},{"taxonomy":"post_tag","embeddable":true,"href":"https:\/\/www.czechcyclingfederation.com\/en\/wp-json\/wp\/v2\/tags?post=24608"}],"curies":[{"name":"wp","href":"https:\/\/api.w.org\/{rel}","templated":true}]}}