{"id":24572,"date":"2023-04-17T10:51:39","date_gmt":"2023-04-17T08:51:39","guid":{"rendered":"https:\/\/www.czechcyclingfederation.com\/?p=24572"},"modified":"2023-04-17T10:51:42","modified_gmt":"2023-04-17T08:51:42","slug":"neuzil-vyhral-dva-uvodni-podniky-cp-bikrosaru","status":"publish","type":"post","link":"https:\/\/www.czechcyclingfederation.com\/en\/neuzil-vyhral-dva-uvodni-podniky-cp-bikrosaru\/","title":{"rendered":"Neu\u017eil vyhr\u00e1l dva \u00favodn\u00ed podniky \u010cP bikrosa\u0159\u016f"},"content":{"rendered":"\n<p><\/p>\n\n\n\n<p>\u00davodn\u00ed dva z\u00e1vody \u010cesk\u00e9ho poh\u00e1ru bikrosa\u0159\u016f na dr\u00e1ze v&nbsp;Praze-Bohnic\u00edch ovl\u00e1dli dom\u00e1c\u00ed z\u00e1vodn\u00edci z&nbsp;t\u00fdmu TJ Slovan Bohnice-BMX. Oba podniky vyhr\u00e1l Marek Neu\u017eil a poka\u017ed\u00e9 skon\u010dil druh\u00fd jeho odd\u00edlov\u00fd kolega Maty\u00e1\u0161 Mentl\u00edk.<\/p>\n\n\n\n<p>V sobotn\u00edm z\u00e1vodu vybojoval t\u0159et\u00ed m\u00edsto Jakub Veseck\u00fd (SC BMX Ben\u00e1tky), v ned\u011bli dvojici nejlep\u0161\u00edch doplnil na stupn\u00edch v\u00edt\u011bz\u016f Jakub Klement z SK Jantar Opava.<\/p>\n\n\n\n<p>V\u00fdsledky:<\/p>\n\n\n\n<p>Junio\u0159i, mu\u017ei U23 a mu\u017ei elite:<\/p>\n\n\n\n<p>I. z\u00e1vod:<\/p>\n\n\n\n<p>1. Neu\u017eil, 2. M. Mentl\u00edk (oba TJ Slovan Bohnice-BMX), 3. J. Veseck\u00fd (SC BMX Ben\u00e1tky), 4. Quadra (BMX B\u00edlov), 5. Haluza (TJ Favorit Brno), 6. Cidlinsk\u00fd (SC BMX Ben\u00e1tky), 7. L. Mentl\u00edk (TJ SlovanBohnice-BMX), 8. Klement (SK Jantar Opava).<\/p>\n\n\n\n<p>II. z\u00e1vod:<\/p>\n\n\n\n<p>1. Neu\u017eil, 2. M. Mentl\u00edk, 3. Klement, 4. Haluza, 5. J. Veseck\u00fd, 6. B\u00e1bek (Bike team Uni\u010dov), 7. Polesn\u00fd (Bikros club \u0158epy), 8. Cidlinsk\u00fd.<\/p>\n\n\n\n<figure class=\"wp-block-image size-large\"><img loading=\"lazy\" decoding=\"async\" width=\"1024\" height=\"656\" src=\"http:\/\/www.czechcyclingfederation.com\/wp-content\/uploads\/2023\/04\/xDSC_0923-1024x656.jpg\" alt=\"\" class=\"wp-image-24575\" srcset=\"https:\/\/www.czechcyclingfederation.com\/wp-content\/uploads\/2023\/04\/xDSC_0923-1024x656.jpg 1024w, https:\/\/www.czechcyclingfederation.com\/wp-content\/uploads\/2023\/04\/xDSC_0923-300x192.jpg 300w, https:\/\/www.czechcyclingfederation.com\/wp-content\/uploads\/2023\/04\/xDSC_0923-768x492.jpg 768w, https:\/\/www.czechcyclingfederation.com\/wp-content\/uploads\/2023\/04\/xDSC_0923-1536x984.jpg 1536w, https:\/\/www.czechcyclingfederation.com\/wp-content\/uploads\/2023\/04\/xDSC_0923-2048x1312.jpg 2048w, https:\/\/www.czechcyclingfederation.com\/wp-content\/uploads\/2023\/04\/xDSC_0923-1320x846.jpg 1320w\" sizes=\"auto, (max-width: 1024px) 100vw, 1024px\" \/><\/figure>\n","protected":false},"excerpt":{"rendered":"<p>\u00davodn\u00ed dva z\u00e1vody \u010cesk\u00e9ho poh\u00e1ru bikrosa\u0159\u016f na dr\u00e1ze v&nbsp;Praze-Bohnic\u00edch ovl\u00e1dli dom\u00e1c\u00ed z\u00e1vodn\u00edci z&nbsp;t\u00fdmu TJ Slovan Bohnice-BMX. Oba podniky vyhr\u00e1l Marek Neu\u017eil a poka\u017ed\u00e9 skon\u010dil druh\u00fd jeho odd\u00edlov\u00fd kolega Maty\u00e1\u0161 Mentl\u00edk. V sobotn\u00edm z\u00e1vodu vybojoval t\u0159et\u00ed m\u00edsto Jakub Veseck\u00fd (SC BMX Ben\u00e1tky), v ned\u011bli dvojici nejlep\u0161\u00edch doplnil na stupn\u00edch v\u00edt\u011bz\u016f Jakub Klement z SK Jantar Opava. [&hellip;]<\/p>\n","protected":false},"author":8,"featured_media":24573,"comment_status":"closed","ping_status":"open","sticky":false,"template":"","format":"standard","meta":{"footnotes":""},"categories":[57,2],"tags":[55],"class_list":["post-24572","post","type-post","status-publish","format-standard","has-post-thumbnail","hentry","category-bmx","category-novinky","tag-bmx"],"_links":{"self":[{"href":"https:\/\/www.czechcyclingfederation.com\/en\/wp-json\/wp\/v2\/posts\/24572","targetHints":{"allow":["GET"]}}],"collection":[{"href":"https:\/\/www.czechcyclingfederation.com\/en\/wp-json\/wp\/v2\/posts"}],"about":[{"href":"https:\/\/www.czechcyclingfederation.com\/en\/wp-json\/wp\/v2\/types\/post"}],"author":[{"embeddable":true,"href":"https:\/\/www.czechcyclingfederation.com\/en\/wp-json\/wp\/v2\/users\/8"}],"replies":[{"embeddable":true,"href":"https:\/\/www.czechcyclingfederation.com\/en\/wp-json\/wp\/v2\/comments?post=24572"}],"version-history":[{"count":1,"href":"https:\/\/www.czechcyclingfederation.com\/en\/wp-json\/wp\/v2\/posts\/24572\/revisions"}],"predecessor-version":[{"id":24577,"href":"https:\/\/www.czechcyclingfederation.com\/en\/wp-json\/wp\/v2\/posts\/24572\/revisions\/24577"}],"wp:featuredmedia":[{"embeddable":true,"href":"https:\/\/www.czechcyclingfederation.com\/en\/wp-json\/wp\/v2\/media\/24573"}],"wp:attachment":[{"href":"https:\/\/www.czechcyclingfederation.com\/en\/wp-json\/wp\/v2\/media?parent=24572"}],"wp:term":[{"taxonomy":"category","embeddable":true,"href":"https:\/\/www.czechcyclingfederation.com\/en\/wp-json\/wp\/v2\/categories?post=24572"},{"taxonomy":"post_tag","embeddable":true,"href":"https:\/\/www.czechcyclingfederation.com\/en\/wp-json\/wp\/v2\/tags?post=24572"}],"curies":[{"name":"wp","href":"https:\/\/api.w.org\/{rel}","templated":true}]}}