{"id":2456,"date":"2020-10-02T22:40:20","date_gmt":"2020-10-02T20:40:20","guid":{"rendered":"http:\/\/www.czechcyclingfederation.com\/?p=2456"},"modified":"2020-10-06T10:53:27","modified_gmt":"2020-10-06T08:53:27","slug":"rozjel-se-druhy-zavod-sp-v-nmnm-cabelicka-v-short-tracku-osmnacta","status":"publish","type":"post","link":"https:\/\/www.czechcyclingfederation.com\/en\/rozjel-se-druhy-zavod-sp-v-nmnm-cabelicka-v-short-tracku-osmnacta\/","title":{"rendered":"Rozjel se druh\u00fd z\u00e1vod SP v NMNM. \u010c\u00e1belick\u00e1 v short tracku osmn\u00e1ct\u00e1"},"content":{"rendered":"\n<p><strong>Nejlep\u0161\u00edm um\u00edst\u011bn\u00edm v p\u00e1te\u010dn\u00edm short tracku v Nov\u00e9m M\u011bst\u011b na Morav\u011b, kter\u00fd odstartoval druh\u00fd z\u00e1vod Sv\u011btov\u00e9ho poh\u00e1ru, bylo osmn\u00e1ct\u00e9 m\u00edsto Jitky \u010c\u00e1belick\u00e9. Druh\u00fd \u010desk\u00fd z\u00e1stupce v z\u00e1vod\u011b Ond\u0159ej Cink skon\u010dil p\u011btadvac\u00e1t\u00fd.&nbsp;<\/strong><\/p>\n\n\n\n<p>V\u00edt\u011bzstv\u00ed mezi mu\u017ei slavil Brazilec Henrique Avancini a mezi \u017eenami Britka Evie Richards.<\/p>\n\n\n\n<p><span style=\"text-decoration: underline;\">V\u00fdsledky:<\/span><\/p>\n\n\n\n<p><strong>\u017deny:<\/strong><\/p>\n\n\n\n<p>1. Evie Richards (Brit.) 19:32 min., 2. Pauline Ferrand Prevot (Fr.) +0:00, 3. Laura Stigger (Rak.) +0:00 &#8230; <strong>18. Jitka \u010c\u00e1belick\u00e1 (\u010cR) +0:11<\/strong>.<\/p>\n\n\n\n<p><strong>Mu\u017ei:<\/strong><\/p>\n\n\n\n<p>1. Henrique Avancini (Braz.) 19:02 min., 2. Thomas Litscher (\u0160v\u00fdc.) +0:00, 3. Maximilian Brandl (N\u011bm.) +0:00, &#8230; <strong>25. Ond\u0159ej Cink (Kross Racing) +0:09<\/strong>.<\/p>\n","protected":false},"excerpt":{"rendered":"<p>Nejlep\u0161\u00edm um\u00edst\u011bn\u00edm v p\u00e1te\u010dn\u00edm short tracku v Nov\u00e9m M\u011bst\u011b na Morav\u011b, kter\u00fd odstartoval druh\u00fd z\u00e1vod Sv\u011btov\u00e9ho poh\u00e1ru, bylo osmn\u00e1ct\u00e9 m\u00edsto Jitky \u010c\u00e1belick\u00e9. Druh\u00fd \u010desk\u00fd z\u00e1stupce v z\u00e1vod\u011b Ond\u0159ej Cink skon\u010dil p\u011btadvac\u00e1t\u00fd.&nbsp; V\u00edt\u011bzstv\u00ed mezi mu\u017ei slavil Brazilec Henrique Avancini a mezi \u017eenami Britka Evie Richards. V\u00fdsledky: \u017deny: 1. Evie Richards (Brit.) 19:32 min., 2. Pauline Ferrand [&hellip;]<\/p>\n","protected":false},"author":9,"featured_media":2459,"comment_status":"closed","ping_status":"open","sticky":false,"template":"","format":"standard","meta":{"footnotes":""},"categories":[6,2],"tags":[10],"class_list":["post-2456","post","type-post","status-publish","format-standard","has-post-thumbnail","hentry","category-mtb","category-novinky","tag-mtb"],"_links":{"self":[{"href":"https:\/\/www.czechcyclingfederation.com\/en\/wp-json\/wp\/v2\/posts\/2456","targetHints":{"allow":["GET"]}}],"collection":[{"href":"https:\/\/www.czechcyclingfederation.com\/en\/wp-json\/wp\/v2\/posts"}],"about":[{"href":"https:\/\/www.czechcyclingfederation.com\/en\/wp-json\/wp\/v2\/types\/post"}],"author":[{"embeddable":true,"href":"https:\/\/www.czechcyclingfederation.com\/en\/wp-json\/wp\/v2\/users\/9"}],"replies":[{"embeddable":true,"href":"https:\/\/www.czechcyclingfederation.com\/en\/wp-json\/wp\/v2\/comments?post=2456"}],"version-history":[{"count":4,"href":"https:\/\/www.czechcyclingfederation.com\/en\/wp-json\/wp\/v2\/posts\/2456\/revisions"}],"predecessor-version":[{"id":2465,"href":"https:\/\/www.czechcyclingfederation.com\/en\/wp-json\/wp\/v2\/posts\/2456\/revisions\/2465"}],"wp:featuredmedia":[{"embeddable":true,"href":"https:\/\/www.czechcyclingfederation.com\/en\/wp-json\/wp\/v2\/media\/2459"}],"wp:attachment":[{"href":"https:\/\/www.czechcyclingfederation.com\/en\/wp-json\/wp\/v2\/media?parent=2456"}],"wp:term":[{"taxonomy":"category","embeddable":true,"href":"https:\/\/www.czechcyclingfederation.com\/en\/wp-json\/wp\/v2\/categories?post=2456"},{"taxonomy":"post_tag","embeddable":true,"href":"https:\/\/www.czechcyclingfederation.com\/en\/wp-json\/wp\/v2\/tags?post=2456"}],"curies":[{"name":"wp","href":"https:\/\/api.w.org\/{rel}","templated":true}]}}