{"id":2452,"date":"2020-10-02T12:37:37","date_gmt":"2020-10-02T10:37:37","guid":{"rendered":"http:\/\/www.czechcyclingfederation.com\/?p=2452"},"modified":"2020-10-02T12:37:37","modified_gmt":"2020-10-02T10:37:37","slug":"metodicky-pokyn-pro-poradatele","status":"publish","type":"post","link":"https:\/\/www.czechcyclingfederation.com\/en\/metodicky-pokyn-pro-poradatele\/","title":{"rendered":"Metodick\u00fd pokyn pro po\u0159adatele."},"content":{"rendered":"\n<p>V p\u0159\u00edloze naleznete metodick\u00fd pokyn pro po\u0159adatele cyklistick\u00fdch z\u00e1vod\u016f \u010cesk\u00e9ho svazu\u00a0cyklistiky.<\/p>\n\n\n<div class=\"wp-block-file\">\r\n                <a target=\"_blank\" rel=\"noopener\" href=\"https:\/\/www.czechcyclingfederation.com\/wp-content\/uploads\/2020\/10\/Metodick\u00fd-pokyn-pro-po\u0159adatele-cyklistick\u00fdch-z\u00e1vod\u016f-\u010cSC-v-obdob\u00ed-vl\u00e1dn\u00edch-opat\u0159en\u00ed-proti-\u0161\u00ed\u0159en\u00ed-koronaviru-COVID-19_ke-dni-5.10.2020.pdf\" class=\"wp-block-file__button wp-element-button\">\r\n                    <span class=\"wp-block-file__icon\"><\/span>\r\n                    Metodick\u00fd-pokyn-pro-po\u0159adatele-cyklistick\u00fdch-z\u00e1vod\u016f-\u010cSC-v-obdob\u00ed-vl\u00e1dn\u00edch-opat\u0159en\u00ed-proti-\u0161\u00ed\u0159en\u00ed-koronaviru-COVID-19_ke-dni-5.10.2020\r\n                <\/a>\r\n            <\/div>\n\n\n<p><\/p>\n","protected":false},"excerpt":{"rendered":"<p>V p\u0159\u00edloze naleznete metodick\u00fd pokyn pro po\u0159adatele cyklistick\u00fdch z\u00e1vod\u016f \u010cesk\u00e9ho svazu\u00a0cyklistiky.<\/p>\n","protected":false},"author":2,"featured_media":2234,"comment_status":"closed","ping_status":"open","sticky":false,"template":"","format":"standard","meta":{"footnotes":""},"categories":[28,2],"tags":[119],"class_list":["post-2452","post","type-post","status-publish","format-standard","has-post-thumbnail","hentry","category-cesky-svaz-cyklistiky","category-novinky","tag-csc"],"_links":{"self":[{"href":"https:\/\/www.czechcyclingfederation.com\/en\/wp-json\/wp\/v2\/posts\/2452","targetHints":{"allow":["GET"]}}],"collection":[{"href":"https:\/\/www.czechcyclingfederation.com\/en\/wp-json\/wp\/v2\/posts"}],"about":[{"href":"https:\/\/www.czechcyclingfederation.com\/en\/wp-json\/wp\/v2\/types\/post"}],"author":[{"embeddable":true,"href":"https:\/\/www.czechcyclingfederation.com\/en\/wp-json\/wp\/v2\/users\/2"}],"replies":[{"embeddable":true,"href":"https:\/\/www.czechcyclingfederation.com\/en\/wp-json\/wp\/v2\/comments?post=2452"}],"version-history":[{"count":1,"href":"https:\/\/www.czechcyclingfederation.com\/en\/wp-json\/wp\/v2\/posts\/2452\/revisions"}],"predecessor-version":[{"id":2455,"href":"https:\/\/www.czechcyclingfederation.com\/en\/wp-json\/wp\/v2\/posts\/2452\/revisions\/2455"}],"wp:featuredmedia":[{"embeddable":true,"href":"https:\/\/www.czechcyclingfederation.com\/en\/wp-json\/wp\/v2\/media\/2234"}],"wp:attachment":[{"href":"https:\/\/www.czechcyclingfederation.com\/en\/wp-json\/wp\/v2\/media?parent=2452"}],"wp:term":[{"taxonomy":"category","embeddable":true,"href":"https:\/\/www.czechcyclingfederation.com\/en\/wp-json\/wp\/v2\/categories?post=2452"},{"taxonomy":"post_tag","embeddable":true,"href":"https:\/\/www.czechcyclingfederation.com\/en\/wp-json\/wp\/v2\/tags?post=2452"}],"curies":[{"name":"wp","href":"https:\/\/api.w.org\/{rel}","templated":true}]}}