{"id":24502,"date":"2023-04-13T18:40:00","date_gmt":"2023-04-13T16:40:00","guid":{"rendered":"https:\/\/www.czechcyclingfederation.com\/?p=24502"},"modified":"2023-04-13T18:41:05","modified_gmt":"2023-04-13T16:41:05","slug":"do-nove-sezony-s-reprezentacnim-oblecenim","status":"publish","type":"post","link":"https:\/\/www.czechcyclingfederation.com\/en\/do-nove-sezony-s-reprezentacnim-oblecenim\/","title":{"rendered":"Do nov\u00e9 sez\u00f3ny s reprezenta\u010dn\u00edm oble\u010den\u00edm!"},"content":{"rendered":"\n<p>Spole\u010dnost Kalas Sportswear je ji\u017e p\u0159es 30 let partnerem \u010cesk\u00e9ho svazu cyklistiky a \u010desk\u00e9 cyklistick\u00e9 reprezentace. Obl\u00e9k\u00e1 reprezentanty nap\u0159\u00ed\u010d discipl\u00ednami, od BMX z\u00e1vodn\u00edk\u016f, p\u0159es dr\u00e1hov\u00e9, cyklokrosov\u00e9, MTB a\u017e po reprezentanty ze s\u00e1lov\u00e9 cyklistiky. Z\u00e1b\u011br spole\u010dnosti je tedy skute\u010dn\u011b \u0161irok\u00fd a jejich produkty se pohybuj\u00ed na nejvy\u0161\u0161\u00ed mo\u017en\u00e9 \u00farovni v odv\u011btv\u00ed cyklistick\u00e9ho oble\u010den\u00ed a dopl\u0148k\u016f, ostatn\u011b vedle \u010desk\u00e9 reprezentace obl\u00e9k\u00e1 Kala\u0161 tak\u00e9 britskou reprezentaci a worldtour t\u00fdm Alpecin-Deceuninck.<\/p>\n\n\n\n<p>Nyn\u00ed \u010cSC a Kala\u0161 p\u0159ipravili pro v\u0161echny z\u00e1jemce a nad\u0161en\u00e9 \u010desk\u00e9 fanou\u0161ky speci\u00e1ln\u00ed akci, v r\u00e1mci kter\u00e9 je mo\u017enost zakoupit si <strong>cyklistick\u00e9 oble\u010den\u00ed v n\u00e1rodn\u00edch barv\u00e1ch se speci\u00e1ln\u00ed 15 % slevou!<\/strong> Tato akce plat\u00ed od 13.4. do 27.4.2023 na v\u0161echny produkty v designu \u010desk\u00e9 reprezentace! Do objedn\u00e1vky pouze zadejte slevov\u00fd k\u00f3d <strong>CSC15<\/strong>!<\/p>\n\n\n\n<p>Nev\u00e1hejte a vyrazte tedy do nov\u00e9 sezony v n\u00e1rodn\u00edch barv\u00e1ch! <strong>Sta\u010d\u00ed kliknout na obr\u00e1zek n\u00ed\u017ee!<\/strong><\/p>\n\n\n\n<figure class=\"wp-block-image size-large is-resized\"><a href=\"https:\/\/www.kalas.cz\/katalog?q=czech+team\"><img loading=\"lazy\" decoding=\"async\" src=\"http:\/\/www.czechcyclingfederation.com\/wp-content\/uploads\/2023\/04\/Snimek-obrazovky-2023-04-13-v-10.29.35-1024x567.png\" alt=\"\" class=\"wp-image-24503\" width=\"693\" height=\"384\" srcset=\"https:\/\/www.czechcyclingfederation.com\/wp-content\/uploads\/2023\/04\/Snimek-obrazovky-2023-04-13-v-10.29.35-1024x567.png 1024w, https:\/\/www.czechcyclingfederation.com\/wp-content\/uploads\/2023\/04\/Snimek-obrazovky-2023-04-13-v-10.29.35-300x166.png 300w, https:\/\/www.czechcyclingfederation.com\/wp-content\/uploads\/2023\/04\/Snimek-obrazovky-2023-04-13-v-10.29.35-768x425.png 768w, https:\/\/www.czechcyclingfederation.com\/wp-content\/uploads\/2023\/04\/Snimek-obrazovky-2023-04-13-v-10.29.35-1536x850.png 1536w, https:\/\/www.czechcyclingfederation.com\/wp-content\/uploads\/2023\/04\/Snimek-obrazovky-2023-04-13-v-10.29.35-2048x1134.png 2048w, https:\/\/www.czechcyclingfederation.com\/wp-content\/uploads\/2023\/04\/Snimek-obrazovky-2023-04-13-v-10.29.35-1320x731.png 1320w\" sizes=\"auto, (max-width: 693px) 100vw, 693px\" \/><\/a><\/figure>\n","protected":false},"excerpt":{"rendered":"<p>Spole\u010dnost Kalas Sportswear je ji\u017e p\u0159es 30 let partnerem \u010cesk\u00e9ho svazu cyklistiky a \u010desk\u00e9 cyklistick\u00e9 reprezentace. Obl\u00e9k\u00e1 reprezentanty nap\u0159\u00ed\u010d discipl\u00ednami, od BMX z\u00e1vodn\u00edk\u016f, p\u0159es dr\u00e1hov\u00e9, cyklokrosov\u00e9, MTB a\u017e po reprezentanty ze s\u00e1lov\u00e9 cyklistiky. Z\u00e1b\u011br spole\u010dnosti je tedy skute\u010dn\u011b \u0161irok\u00fd a jejich produkty se pohybuj\u00ed na nejvy\u0161\u0161\u00ed mo\u017en\u00e9 \u00farovni v odv\u011btv\u00ed cyklistick\u00e9ho oble\u010den\u00ed a dopl\u0148k\u016f, ostatn\u011b [&hellip;]<\/p>\n","protected":false},"author":1,"featured_media":24506,"comment_status":"closed","ping_status":"open","sticky":false,"template":"","format":"standard","meta":{"footnotes":""},"categories":[57,28,201,58,17,54,6,2,99,60,18],"tags":[404],"class_list":["post-24502","post","type-post","status-publish","format-standard","has-post-thumbnail","hentry","category-bmx","category-cesky-svaz-cyklistiky","category-cyklistika-pro-vsechny","category-cyklokros","category-discipliny","category-draha","category-mtb","category-novinky","category-paracyklistika","category-salovka","category-silnice","tag-kalas"],"_links":{"self":[{"href":"https:\/\/www.czechcyclingfederation.com\/en\/wp-json\/wp\/v2\/posts\/24502","targetHints":{"allow":["GET"]}}],"collection":[{"href":"https:\/\/www.czechcyclingfederation.com\/en\/wp-json\/wp\/v2\/posts"}],"about":[{"href":"https:\/\/www.czechcyclingfederation.com\/en\/wp-json\/wp\/v2\/types\/post"}],"author":[{"embeddable":true,"href":"https:\/\/www.czechcyclingfederation.com\/en\/wp-json\/wp\/v2\/users\/1"}],"replies":[{"embeddable":true,"href":"https:\/\/www.czechcyclingfederation.com\/en\/wp-json\/wp\/v2\/comments?post=24502"}],"version-history":[{"count":3,"href":"https:\/\/www.czechcyclingfederation.com\/en\/wp-json\/wp\/v2\/posts\/24502\/revisions"}],"predecessor-version":[{"id":24511,"href":"https:\/\/www.czechcyclingfederation.com\/en\/wp-json\/wp\/v2\/posts\/24502\/revisions\/24511"}],"wp:featuredmedia":[{"embeddable":true,"href":"https:\/\/www.czechcyclingfederation.com\/en\/wp-json\/wp\/v2\/media\/24506"}],"wp:attachment":[{"href":"https:\/\/www.czechcyclingfederation.com\/en\/wp-json\/wp\/v2\/media?parent=24502"}],"wp:term":[{"taxonomy":"category","embeddable":true,"href":"https:\/\/www.czechcyclingfederation.com\/en\/wp-json\/wp\/v2\/categories?post=24502"},{"taxonomy":"post_tag","embeddable":true,"href":"https:\/\/www.czechcyclingfederation.com\/en\/wp-json\/wp\/v2\/tags?post=24502"}],"curies":[{"name":"wp","href":"https:\/\/api.w.org\/{rel}","templated":true}]}}