{"id":2436,"date":"2020-10-01T19:18:28","date_gmt":"2020-10-01T17:18:28","guid":{"rendered":"http:\/\/www.czechcyclingfederation.com\/?p=2436"},"modified":"2020-10-04T22:57:58","modified_gmt":"2020-10-04T20:57:58","slug":"cink-v-nmnm-9-cabelicka-23","status":"publish","type":"post","link":"https:\/\/www.czechcyclingfederation.com\/en\/cink-v-nmnm-9-cabelicka-23\/","title":{"rendered":"Cink v NMNM 9., \u010c\u00e1belick\u00e1 23.\u00a0"},"content":{"rendered":"\n<p><strong>V elitn\u00ed des\u00edtce se prosadil \u010desk\u00fd biker Ond\u0159ej Cink v \u00favodn\u00edm z\u00e1vod\u011b Sv\u011btov\u00e9ho poh\u00e1ru biker\u016f v Nov\u00e9m M\u011bst\u011b na Morav\u011b.<\/strong><\/p>\n\n\n\n<p>V elitn\u00ed kategorii zv\u00edt\u011bzil D\u00e1n Simon Andreassen. Ond\u0159ej Cink na v\u00edt\u011bzn\u00e9ho d\u00e1nsk\u00e9ho reprezentanta ztratil 1:11. Na 32. m\u00edst\u011b dokon\u010dil Jan \u0160karnitzl.&nbsp;<\/p>\n\n\n\n<p>Mezi \u017eenami p\u0159ekvapiv\u011b zv\u00edt\u011bzila francouzsk\u00e1 reprezentantka Loana Lecomte. Jitka \u010c\u00e1belick\u00e1 skon\u010dila na 23. m\u00edst\u011b., 38. m\u00edsto obsadila Jana Czeczinkarov\u00e1.&nbsp;<\/p>\n\n\n\n<p>V \u017een\u00e1ch do t\u0159iadvaceti let se nejl\u00e9pe prosadila na 10. m\u00edst\u011b Tereza Tvar\u016f\u017ekov\u00e1. 17. pot\u00e9 skon\u010dila Tereza S\u00e1skov\u00e1. U mu\u017e\u016f skon\u010dil nejl\u00e9pe 36. Samuel Jirou\u0161.&nbsp;<\/p>\n\n\n\n<p><strong>V\u00fdsledky:<\/strong><\/p>\n\n\n\n<p>\u017deny Elite:<\/p>\n\n\n\n<p>1. Loana Lecomte (Fr.) 1:22:06, 2. Anne Terpstra (Niz.) +0:31, 3. Pauline Ferrand Prevot (Fr.) +0:37, &#8230; 23. Jitka \u010c\u00e1belick\u00e1 +6:29, 38. Jana Czeczinkarov\u00e1 +9:33, DNF. Karla \u0160t\u011bp\u00e1nov\u00e1 (v\u0161echny \u010cR).<\/p>\n\n\n\n<p>Mu\u017ei Elite:<\/p>\n\n\n\n<p>&nbsp;1. Simon Andreassen (D\u00e1n.) 1:34:39, 2. Maxime Marotte (Fr.) +0:09, 3. Milan Vader (Niz.) +0:26\u2026 9. Ond\u0159ej Cink +1:11, 33. Jan \u0160karnitzl +5:21, 52. Jan Vastl +7:20, 62. Tom\u00e1\u0161 Paprstka +8:31, 64. Luk\u00e1\u0161 Kobes +8:42, 87. Zden\u011bk Vobeck\u00fd, 98. Mat\u011bj Pr\u016fdek, 99. Tom\u00e1\u0161 \u0160evc\u016f (v\u0161ichni \u010cR).<\/p>\n\n\n\n<p>\u017deny U23:<\/p>\n\n\n\n<p>1. Giorga Marchet (It.) 1:27:45, 2. Ceylin del Carmen Alvarado (Niz.) +0:09, 3. Haley Batten (USA) &#8230; 10. Tereza Tvar\u016f\u017ekov\u00e1 +2:50, 17. Tereza S\u00e1skov\u00e1 +5:00, 33. Monika Ku\u010derov\u00e1 +9:33, 34. Tereza Neumanov\u00e1 +10:06.<\/p>\n\n\n\n<p>&nbsp;Mu\u017ei U23:<\/p>\n\n\n\n<p>&nbsp;1. Tom Pidcock (Brit.) 1:24:11, 2. Alexandre Balmer (\u0160v\u00fdc.) +0:27, 2. Albin Vital (\u0160v\u00fdc.) +0:34, 3. Martin Vidaurre Kossmann (Chi) +0:34 &#8230; 36. Samuel Jirou\u0161 +6:50, 44. Josef Jel\u00ednek +6:56, 59. Jakub Ku\u010dera +10:01, 66. Jarom\u00edr Sk\u00e1la +12:07, 81. Robert Hula DNF. David B\u00e1rtek, DNF. Luk\u00e1\u0161 El\u010dkner.<\/p>\n\n\n\n<p>Foto: Michal \u010cerven\u00fd<\/p>\n\n\n\n<figure class=\"wp-block-image size-large\"><img loading=\"lazy\" decoding=\"async\" width=\"1024\" height=\"682\" src=\"http:\/\/www.czechcyclingfederation.com\/wp-content\/uploads\/2020\/10\/CEM_2262-1024x682.jpg\" alt=\"\" class=\"wp-image-2441\" srcset=\"https:\/\/www.czechcyclingfederation.com\/wp-content\/uploads\/2020\/10\/CEM_2262-1024x682.jpg 1024w, https:\/\/www.czechcyclingfederation.com\/wp-content\/uploads\/2020\/10\/CEM_2262-300x200.jpg 300w, https:\/\/www.czechcyclingfederation.com\/wp-content\/uploads\/2020\/10\/CEM_2262-768x512.jpg 768w, https:\/\/www.czechcyclingfederation.com\/wp-content\/uploads\/2020\/10\/CEM_2262-1536x1024.jpg 1536w, https:\/\/www.czechcyclingfederation.com\/wp-content\/uploads\/2020\/10\/CEM_2262-1320x880.jpg 1320w, https:\/\/www.czechcyclingfederation.com\/wp-content\/uploads\/2020\/10\/CEM_2262.jpg 2000w\" sizes=\"auto, (max-width: 1024px) 100vw, 1024px\" \/><\/figure>\n\n\n\n<p><\/p>\n\n\n\n<figure class=\"wp-block-image size-large\"><img loading=\"lazy\" decoding=\"async\" width=\"1024\" height=\"682\" src=\"http:\/\/www.czechcyclingfederation.com\/wp-content\/uploads\/2020\/10\/CER_5235-1024x682.jpg\" alt=\"\" class=\"wp-image-2442\" srcset=\"https:\/\/www.czechcyclingfederation.com\/wp-content\/uploads\/2020\/10\/CER_5235-1024x682.jpg 1024w, https:\/\/www.czechcyclingfederation.com\/wp-content\/uploads\/2020\/10\/CER_5235-300x200.jpg 300w, https:\/\/www.czechcyclingfederation.com\/wp-content\/uploads\/2020\/10\/CER_5235-768x512.jpg 768w, https:\/\/www.czechcyclingfederation.com\/wp-content\/uploads\/2020\/10\/CER_5235-1536x1024.jpg 1536w, https:\/\/www.czechcyclingfederation.com\/wp-content\/uploads\/2020\/10\/CER_5235-1320x880.jpg 1320w, https:\/\/www.czechcyclingfederation.com\/wp-content\/uploads\/2020\/10\/CER_5235.jpg 2000w\" sizes=\"auto, (max-width: 1024px) 100vw, 1024px\" \/><\/figure>\n","protected":false},"excerpt":{"rendered":"<p>V elitn\u00ed des\u00edtce se prosadil \u010desk\u00fd biker Ond\u0159ej Cink v \u00favodn\u00edm z\u00e1vod\u011b Sv\u011btov\u00e9ho poh\u00e1ru biker\u016f v Nov\u00e9m M\u011bst\u011b na Morav\u011b. V elitn\u00ed kategorii zv\u00edt\u011bzil D\u00e1n Simon Andreassen. Ond\u0159ej Cink na v\u00edt\u011bzn\u00e9ho d\u00e1nsk\u00e9ho reprezentanta ztratil 1:11. Na 32. m\u00edst\u011b dokon\u010dil Jan \u0160karnitzl.&nbsp; Mezi \u017eenami p\u0159ekvapiv\u011b zv\u00edt\u011bzila francouzsk\u00e1 reprezentantka Loana Lecomte. Jitka \u010c\u00e1belick\u00e1 skon\u010dila na 23. m\u00edst\u011b., [&hellip;]<\/p>\n","protected":false},"author":9,"featured_media":2442,"comment_status":"closed","ping_status":"open","sticky":false,"template":"","format":"standard","meta":{"footnotes":""},"categories":[6,2],"tags":[10],"class_list":["post-2436","post","type-post","status-publish","format-standard","has-post-thumbnail","hentry","category-mtb","category-novinky","tag-mtb"],"_links":{"self":[{"href":"https:\/\/www.czechcyclingfederation.com\/en\/wp-json\/wp\/v2\/posts\/2436","targetHints":{"allow":["GET"]}}],"collection":[{"href":"https:\/\/www.czechcyclingfederation.com\/en\/wp-json\/wp\/v2\/posts"}],"about":[{"href":"https:\/\/www.czechcyclingfederation.com\/en\/wp-json\/wp\/v2\/types\/post"}],"author":[{"embeddable":true,"href":"https:\/\/www.czechcyclingfederation.com\/en\/wp-json\/wp\/v2\/users\/9"}],"replies":[{"embeddable":true,"href":"https:\/\/www.czechcyclingfederation.com\/en\/wp-json\/wp\/v2\/comments?post=2436"}],"version-history":[{"count":4,"href":"https:\/\/www.czechcyclingfederation.com\/en\/wp-json\/wp\/v2\/posts\/2436\/revisions"}],"predecessor-version":[{"id":2504,"href":"https:\/\/www.czechcyclingfederation.com\/en\/wp-json\/wp\/v2\/posts\/2436\/revisions\/2504"}],"wp:featuredmedia":[{"embeddable":true,"href":"https:\/\/www.czechcyclingfederation.com\/en\/wp-json\/wp\/v2\/media\/2442"}],"wp:attachment":[{"href":"https:\/\/www.czechcyclingfederation.com\/en\/wp-json\/wp\/v2\/media?parent=2436"}],"wp:term":[{"taxonomy":"category","embeddable":true,"href":"https:\/\/www.czechcyclingfederation.com\/en\/wp-json\/wp\/v2\/categories?post=2436"},{"taxonomy":"post_tag","embeddable":true,"href":"https:\/\/www.czechcyclingfederation.com\/en\/wp-json\/wp\/v2\/tags?post=2436"}],"curies":[{"name":"wp","href":"https:\/\/api.w.org\/{rel}","templated":true}]}}