{"id":2427,"date":"2020-09-30T22:24:45","date_gmt":"2020-09-30T20:24:45","guid":{"rendered":"http:\/\/www.czechcyclingfederation.com\/?p=2427"},"modified":"2020-09-30T22:24:45","modified_gmt":"2020-09-30T20:24:45","slug":"sampiony-v-kolove-u23-jsou-vavrusa-s-vanou","status":"publish","type":"post","link":"https:\/\/www.czechcyclingfederation.com\/en\/sampiony-v-kolove-u23-jsou-vavrusa-s-vanou\/","title":{"rendered":"\u0160ampiony v kolov\u00e9 U23 jsou Vavru\u0161a s V\u00e1\u0148ou"},"content":{"rendered":"\n<p>Mistrovsk\u00fd titul v kategorii U23 slav\u00ed v kolov\u00e9 kombinovan\u00fd t\u00fdm Zl\u00edna a P\u0159erova ve slo\u017een\u00ed Radim Vavru\u0161a \u2013 Filip V\u00e1\u0148a. Fin\u00e1lov\u00fd turnaj leto\u0161n\u00edho mistrovstv\u00ed \u010cesk\u00e9 Republiky se uskute\u010dnil za p\u0159\u00edsn\u00fdch hygienick\u00fdch podm\u00ednek a po\u0159adatelem akce byl brn\u011bnsk\u00fd Favorit.<\/p>\n\n\n\n<p>Fin\u00e1lov\u00fd turnaj nab\u00edzel nejen boj o samotn\u00fd titul, ale tak\u00e9 se zde bojovalo o kvalifika\u010dn\u00ed body pro leto\u0161n\u00ed mistrovstv\u00ed Evropy, kter\u00e9 je zat\u00edm st\u00e1le v pl\u00e1nu v term\u00ednu 31. \u0159\u00edjna ve \u0161v\u00fdcarsk\u00e9m Mosnangu. Situace v \u010cR i v zahrani\u010d\u00ed v\u0161ak bohu\u017eel nenapov\u00edd\u00e1 tomu, \u017ee by se tato jedin\u00e1 mezin\u00e1rodn\u00ed akce leto\u0161n\u00edho roku m\u011bla uskute\u010dnit. Hr\u00e1\u010di i organiza\u010dn\u00ed t\u00fdm v\u0161ak pevn\u011b v\u011b\u0159\u00ed, \u017ee se situace b\u011bhem n\u00e1sleduj\u00edc\u00edho m\u011bs\u00edce zlep\u0161\u00ed a ME se hr\u00e1t bude.<\/p>\n\n\n\n<p>Po\u010det div\u00e1k\u016f byl omezen na minimum, aby se co nejv\u00edce zabr\u00e1nilo shroma\u017e\u010fov\u00e1n\u00ed lid\u00ed. Z tohoto d\u016fvodu byl tak\u00e9 cel\u00fd turnaj p\u0159en\u00e1\u0161en \u017eiv\u011b, aby si i ti, kte\u0159\u00ed se turnaje p\u0159\u00edmo nez\u00fa\u010dastnili, p\u0159i\u0161li na sv\u00e9 a mohli sledovat svoje obl\u00edben\u00e9 t\u00fdmy v akci. Leto\u0161n\u00ed sezona t\u00e9to v\u011bkov\u00e9 kategorie nab\u00edzela vyrovnan\u00e9 z\u00e1pasy, prvn\u00edch p\u011bt t\u00fdm\u016f bylo opravdu vyrovnan\u00fdch a nedalo se tak p\u0159ed turnajem p\u0159edpov\u00eddat, kdo bude nejv\u011bt\u0161\u00edm favoritem.<\/p>\n\n\n\n<p>V\u00edt\u011bzem fin\u00e1lov\u00e9ho turnaje se stal kombinovan\u00fd t\u00fdm Zl\u00edn\/P\u0159erov, kdy\u017e z p\u011bti z\u00e1pas\u016f prohr\u00e1l pouze jednou. Dvan\u00e1ct bod\u016f za \u010dty\u0159i v\u00fdhry v turnaji sta\u010dilo na prvn\u00ed m\u00edsto, a tak se Vavru\u0161a s V\u00e1\u0148ou mohou nejstar\u0161\u00ed hr\u00e1\u010di t\u00e9to kategorie radovat ze zlat\u00fdch medail\u00ed a mistrovsk\u00e9ho dresu.<\/p>\n\n\n\n<p>D\u00edky t\u00e9to v\u00fdh\u0159e ve fin\u00e1le a v\u00fdh\u0159e na p\u0159edchoz\u00edm semifin\u00e1lov\u00e9m turnaji z\u00edskala dvojice tak\u00e9 nejv\u00edce bod\u016f v kvalifikaci pro ME. Oba hr\u00e1\u010di m\u011bli letos posledn\u00ed \u0161anci na prvenstv\u00ed, kterou maxim\u00e1ln\u011b vyu\u017eili.<\/p>\n\n\n\n<p>T\u00fdmy na druh\u00e9m a\u017e p\u00e1t\u00e9m m\u00edst\u011b spolu hr\u00e1ly vyrovnan\u00e9 z\u00e1pasy a o po\u0159ad\u00ed musel dokonce p\u0159i shodn\u00e9m po\u010dtu bod\u016f rozhodnout a\u017e lep\u0161\u00ed brankov\u00fd rozd\u00edl. Tento kl\u00ed\u010d p\u0159inesl druh\u00e9 m\u00edsto a st\u0159\u00edbrn\u00e9 medaile t\u00fdmu Sokola Zl\u00edn \u2013 Pr\u0161tn\u00e9 (Tom\u00e1\u0161 Hor\u00e1k \u2013 Dominik Ot\u00e1sek).Bronzov\u00e9 medaile pak z\u016fstaly \u201cdoma\u201d, kdy\u017e je vybojoval t\u00fdm Favoritu Brno (Patrik Krej\u010d\u00ed \u2013 Michal Fry\u010dar). Pr\u00e1v\u011b pro brn\u011bnsk\u00e9ho Patrika Krej\u010d\u00edho to byl tak\u00e9 posledn\u00ed turnaj v t\u00e9to v\u011bkov\u00e9 kategorii.<\/p>\n\n\n\n<p>Nejhor\u0161\u00ed brankov\u00fd rozd\u00edl m\u011bl z t\u00e9to trojice t\u00fdm \u0160itbo\u0159ic (Martin Drab\u00e1lek \u2013 \u0160t\u011bp\u00e1n Urb\u00e1nek), kter\u00fd &nbsp;t\u011bsn\u011b pod stupni v\u00edt\u011bz\u016f. T\u00fdm \u0160itbo\u0159ic m\u011bl jist\u011b v\u011bt\u0161\u00ed ambice na um\u00edst\u011bn\u00ed, stejn\u011b tak i kombinovan\u00fd t\u00fdm Praha\/Svit\u00e1vka (Jan Kripner \u2013 Jan Hrdli\u010dka), kter\u00fd ztratil dva z\u00e1pasy nejt\u011bsn\u011bj\u0161\u00edm rozd\u00edlem a musel se tak v sou\u010dtu spokojit s p\u00e1t\u00fdm m\u00edstem. Posledn\u00ed skon\u010dil nov\u00e1\u010dek v sout\u011b\u017ei, juniorsk\u00fd t\u00fdm MO Svit\u00e1vky (David Petr \u2013 Michal Musil), pro kter\u00fd by bylo vzhledem v\u011bku 15 let jin\u00e9 ne\u017e posledn\u00ed m\u00edsto sp\u00ed\u0161e z\u00e1zrakem.<\/p>\n\n\n\n<p>FOTO Ji\u0159\u00ed Hrdli\u010dka<\/p>\n\n\n\n<figure class=\"wp-block-image size-large\"><img loading=\"lazy\" decoding=\"async\" width=\"810\" height=\"500\" src=\"https:\/\/www.czechcyclingfederation.com\/wp-content\/uploads\/2020\/09\/MCR_U23_20-1.jpg\" alt=\"\" class=\"wp-image-2429\" srcset=\"https:\/\/www.czechcyclingfederation.com\/wp-content\/uploads\/2020\/09\/MCR_U23_20-1.jpg 810w, https:\/\/www.czechcyclingfederation.com\/wp-content\/uploads\/2020\/09\/MCR_U23_20-1-300x185.jpg 300w, https:\/\/www.czechcyclingfederation.com\/wp-content\/uploads\/2020\/09\/MCR_U23_20-1-768x474.jpg 768w\" sizes=\"auto, (max-width: 810px) 100vw, 810px\" \/><\/figure>\n","protected":false},"excerpt":{"rendered":"<p>Mistrovsk\u00fd titul v kategorii U23 slav\u00ed v kolov\u00e9 kombinovan\u00fd t\u00fdm Zl\u00edna a P\u0159erova ve slo\u017een\u00ed Radim Vavru\u0161a \u2013 Filip V\u00e1\u0148a. Fin\u00e1lov\u00fd turnaj leto\u0161n\u00edho mistrovstv\u00ed \u010cesk\u00e9 Republiky se uskute\u010dnil za p\u0159\u00edsn\u00fdch hygienick\u00fdch podm\u00ednek a po\u0159adatelem akce byl brn\u011bnsk\u00fd Favorit. Fin\u00e1lov\u00fd turnaj nab\u00edzel nejen boj o samotn\u00fd titul, ale tak\u00e9 se zde bojovalo o kvalifika\u010dn\u00ed body pro [&hellip;]<\/p>\n","protected":false},"author":8,"featured_media":2428,"comment_status":"closed","ping_status":"open","sticky":false,"template":"","format":"standard","meta":{"footnotes":""},"categories":[2,60],"tags":[61],"class_list":["post-2427","post","type-post","status-publish","format-standard","has-post-thumbnail","hentry","category-novinky","category-salovka","tag-salovka"],"_links":{"self":[{"href":"https:\/\/www.czechcyclingfederation.com\/en\/wp-json\/wp\/v2\/posts\/2427","targetHints":{"allow":["GET"]}}],"collection":[{"href":"https:\/\/www.czechcyclingfederation.com\/en\/wp-json\/wp\/v2\/posts"}],"about":[{"href":"https:\/\/www.czechcyclingfederation.com\/en\/wp-json\/wp\/v2\/types\/post"}],"author":[{"embeddable":true,"href":"https:\/\/www.czechcyclingfederation.com\/en\/wp-json\/wp\/v2\/users\/8"}],"replies":[{"embeddable":true,"href":"https:\/\/www.czechcyclingfederation.com\/en\/wp-json\/wp\/v2\/comments?post=2427"}],"version-history":[{"count":1,"href":"https:\/\/www.czechcyclingfederation.com\/en\/wp-json\/wp\/v2\/posts\/2427\/revisions"}],"predecessor-version":[{"id":2430,"href":"https:\/\/www.czechcyclingfederation.com\/en\/wp-json\/wp\/v2\/posts\/2427\/revisions\/2430"}],"wp:featuredmedia":[{"embeddable":true,"href":"https:\/\/www.czechcyclingfederation.com\/en\/wp-json\/wp\/v2\/media\/2428"}],"wp:attachment":[{"href":"https:\/\/www.czechcyclingfederation.com\/en\/wp-json\/wp\/v2\/media?parent=2427"}],"wp:term":[{"taxonomy":"category","embeddable":true,"href":"https:\/\/www.czechcyclingfederation.com\/en\/wp-json\/wp\/v2\/categories?post=2427"},{"taxonomy":"post_tag","embeddable":true,"href":"https:\/\/www.czechcyclingfederation.com\/en\/wp-json\/wp\/v2\/tags?post=2427"}],"curies":[{"name":"wp","href":"https:\/\/api.w.org\/{rel}","templated":true}]}}