{"id":2419,"date":"2020-09-29T20:19:32","date_gmt":"2020-09-29T18:19:32","guid":{"rendered":"http:\/\/www.czechcyclingfederation.com\/?p=2419"},"modified":"2020-10-04T22:59:11","modified_gmt":"2020-10-04T20:59:11","slug":"terminy-vrcholnych-soutezi-mtb-v-roce-2021","status":"publish","type":"post","link":"https:\/\/www.czechcyclingfederation.com\/en\/terminy-vrcholnych-soutezi-mtb-v-roce-2021\/","title":{"rendered":"Term\u00edny vrcholn\u00fdch sout\u011b\u017e\u00ed MTB v roce 2021!"},"content":{"rendered":"\n<p><strong>Pod\u00edvejte se na term\u00edny vrcholn\u00fdch sout\u011b\u017e\u00ed MTB v roce 2021.<\/strong><\/p>\n\n\n\n<p><strong>Mercedes-Benz XCO \/ DHI World Cup 2021<\/strong><\/p>\n\n\n\n<ul class=\"wp-block-list\"><li>24.-25.04.2021 \u2013 Maribor \/ SLO<\/li><li>07.-09.05.2021 \u2013 Albstadt \/ GER<\/li><li>14.-16.05.2021 \u2013 Nove Mesto na Morave \/ CZE<\/li><li>04.-06.06.2021 \u2013 Leogang \/ AUT<\/li><li>12.-13.06.2021 \u2013 Fort William \/ GBR<\/li><li>02.-04.07.2021 \u2013 Les Gets \/ FRA<\/li><li>03.-05.09.2021 \u2013 Lenzerheide \/ SUI<\/li><li>17.-19.09.2021 \u2013 Snowshoe (WV) \/ USA<\/li><\/ul>\n\n\n\n<p><strong>Dal\u0161\u00ed d\u016fle\u017eit\u00e9 mezin\u00e1rodn\u00ed podniky horsk\u00fdch kol&nbsp;<\/strong><\/p>\n\n\n\n<ul class=\"wp-block-list\"><li>08.-11.07.2021 \u2013 Mistrovstv\u00ed Evropy&nbsp;(organiz\u00e1tor nen\u00ed stanoven)<\/li><li>26.-27.07.2021 \u2013 Olympijsk\u00e9 hry \u2013 Tokio \/ JPN<\/li><li>25.-29.08.2021 \u2013 Mistrovstv\u00ed sv\u011bta XCO \/ DHI \u2013&nbsp;Val di Sole \/ ITA<\/li><\/ul>\n\n\n\n<p><strong>Nadch\u00e1zej\u00edc\u00ed mistrovstv\u00ed sv\u011bta horsk\u00fdch kol XCO \/ DHI<\/strong><\/p>\n\n\n\n<ul class=\"wp-block-list\"><li>2021 \u2013 Val di Sole \/ ITA<\/li><li>2022 \u2013 Les Gets \/ FRA<\/li><li>2023 \u2013 Glasgow \/ GBR (alle Radsport-Diszplinen)<\/li><li>2024 \u2013 Vallnord \/ AND<\/li><li>2025 \u2013 Wallis \/&nbsp;SUI<\/li><li>2026 \u2013 Val di Sole \/ ITA<\/li><\/ul>\n\n\n\n<p><strong>Nadch\u00e1zej\u00edc\u00ed mistrovstv\u00ed sv\u011bta horsk\u00fdch kol v XCM<\/strong><\/p>\n\n\n\n<ul class=\"wp-block-list\"><li>2020 \u2013 Sakarya \/ TUR<\/li><li>2021 \u2013 Elba \/ ITA<\/li><li>2022 \u2013 Haderslev \/ DEN<\/li><li>2023 \u2013 Glasgow \/ GBR<\/li><li>2024 \u2013 Snowshoe \/ USA<\/li><li>2025 \u2013 Verbier \/ Wallis \/ SUI<\/li><\/ul>\n","protected":false},"excerpt":{"rendered":"<p>Pod\u00edvejte se na term\u00edny vrcholn\u00fdch sout\u011b\u017e\u00ed MTB v roce 2021. Mercedes-Benz XCO \/ DHI World Cup 2021 24.-25.04.2021 \u2013 Maribor \/ SLO 07.-09.05.2021 \u2013 Albstadt \/ GER 14.-16.05.2021 \u2013 Nove Mesto na Morave \/ CZE 04.-06.06.2021 \u2013 Leogang \/ AUT 12.-13.06.2021 \u2013 Fort William \/ GBR 02.-04.07.2021 \u2013 Les Gets \/ FRA 03.-05.09.2021 \u2013 Lenzerheide [&hellip;]<\/p>\n","protected":false},"author":9,"featured_media":2420,"comment_status":"closed","ping_status":"open","sticky":false,"template":"","format":"standard","meta":{"footnotes":""},"categories":[6,2],"tags":[10],"class_list":["post-2419","post","type-post","status-publish","format-standard","has-post-thumbnail","hentry","category-mtb","category-novinky","tag-mtb"],"_links":{"self":[{"href":"https:\/\/www.czechcyclingfederation.com\/en\/wp-json\/wp\/v2\/posts\/2419","targetHints":{"allow":["GET"]}}],"collection":[{"href":"https:\/\/www.czechcyclingfederation.com\/en\/wp-json\/wp\/v2\/posts"}],"about":[{"href":"https:\/\/www.czechcyclingfederation.com\/en\/wp-json\/wp\/v2\/types\/post"}],"author":[{"embeddable":true,"href":"https:\/\/www.czechcyclingfederation.com\/en\/wp-json\/wp\/v2\/users\/9"}],"replies":[{"embeddable":true,"href":"https:\/\/www.czechcyclingfederation.com\/en\/wp-json\/wp\/v2\/comments?post=2419"}],"version-history":[{"count":1,"href":"https:\/\/www.czechcyclingfederation.com\/en\/wp-json\/wp\/v2\/posts\/2419\/revisions"}],"predecessor-version":[{"id":2421,"href":"https:\/\/www.czechcyclingfederation.com\/en\/wp-json\/wp\/v2\/posts\/2419\/revisions\/2421"}],"wp:featuredmedia":[{"embeddable":true,"href":"https:\/\/www.czechcyclingfederation.com\/en\/wp-json\/wp\/v2\/media\/2420"}],"wp:attachment":[{"href":"https:\/\/www.czechcyclingfederation.com\/en\/wp-json\/wp\/v2\/media?parent=2419"}],"wp:term":[{"taxonomy":"category","embeddable":true,"href":"https:\/\/www.czechcyclingfederation.com\/en\/wp-json\/wp\/v2\/categories?post=2419"},{"taxonomy":"post_tag","embeddable":true,"href":"https:\/\/www.czechcyclingfederation.com\/en\/wp-json\/wp\/v2\/tags?post=2419"}],"curies":[{"name":"wp","href":"https:\/\/api.w.org\/{rel}","templated":true}]}}