{"id":2415,"date":"2020-09-29T20:33:31","date_gmt":"2020-09-29T18:33:31","guid":{"rendered":"http:\/\/www.czechcyclingfederation.com\/?p=2415"},"modified":"2020-10-04T22:57:34","modified_gmt":"2020-10-04T20:57:34","slug":"sp-nmnm-cabelicka-v-short-tracku-13-cink-20","status":"publish","type":"post","link":"https:\/\/www.czechcyclingfederation.com\/en\/sp-nmnm-cabelicka-v-short-tracku-13-cink-20\/","title":{"rendered":"SP NMNM: \u010c\u00e1belick\u00e1 v Short Tracku 13., Cink 20."},"content":{"rendered":"\n<p><strong>Short Trackem odstartoval Sv\u011btov\u00fd poh\u00e1r v Nov\u00e9m M\u011bst\u011b na Morav\u011b a jedin\u00ed dva \u010de\u0161t\u00ed reprezentanti si ve smutn\u00e9 a tich\u00e9 atmosf\u00e9\u0159e bez div\u00e1k\u016f nevedli \u0161patn\u011b.<\/strong><\/p>\n\n\n\n<p>Start \u00favodn\u00edho sv\u011btov\u00e9ho poh\u00e1ru to nebyl zrovna p\u0159\u00edzniv\u00fd, kdy\u017e z\u00e1vod doprov\u00e1zel chladn\u00fd d\u00e9\u0161\u0165. V z\u00e1vod\u011b elitn\u00edch \u017een zv\u00edt\u011bzila Britka Evie Richards a u mu\u017e\u016f mexick\u00fd reprezentant Jose Gerardo Ulloa Arevalo.<\/p>\n\n\n\n<p>V z\u00e1vod\u011b nejlep\u0161\u00edch 40 \u017een sv\u011bta v \u017eeb\u0159\u00ed\u010dku UCI se ve dvacetiminutov\u00e9m z\u00e1vod\u011b na 13. m\u00edst\u011b p\u0159edvedla Jitka \u010c\u00e1belick\u00e1. 20. m\u00edsto si na \u010dtvrte\u010dn\u00ed z\u00e1vod cross County vyjel \u00fa\u0159aduj\u00edc\u00ed \u010desk\u00fd \u0161ampion Ond\u0159ej Cink.&nbsp;<\/p>\n\n\n\n<p>Sv\u011btov\u00fd poh\u00e1r biker\u016f pokra\u010duje a\u017e do ned\u011ble 4. \u0159\u00edjna, kdy se v r\u00e1mci tohoto t\u00fddne uskute\u010dn\u00ed dva sv\u011btov\u00e9 poh\u00e1ry. Z\u00e1vody m\u016f\u017eete sledovat online na \u010cT Sport nebo Red Bull TV.<\/p>\n\n\n\n<p>V\u00fdsledky:<\/p>\n\n\n\n<p><span style=\"text-decoration: underline;\">\u017deny Elite:<\/span><\/p>\n\n\n\n<p>1. Evie Richards (Brit.) 20:52 min., 2. Pauline Ferrand Prevot (Fr.) +0:00, 3. Loana Lecomte (Fr.) +0:01, &#8230; <strong>13. Jitka \u010c\u00e1belick\u00e1 (\u010cR) +0:12<\/strong>.<\/p>\n\n\n\n<p><span style=\"text-decoration: underline;\">Mu\u017ei Elite:<\/span><\/p>\n\n\n\n<p>1. Jose Gerardo Ulloa Arevalo (Mex.) 20:15 min., 2. Victor Koretzky (Fr.) +0:02, 3. Maxime Marotte (Fr.) +0:02, &#8230; <strong>20. Ond\u0159ej Cink (\u010cR)<\/strong>.<\/p>\n\n\n\n<figure class=\"wp-block-image size-large\"><img loading=\"lazy\" decoding=\"async\" width=\"1024\" height=\"682\" src=\"http:\/\/www.czechcyclingfederation.com\/wp-content\/uploads\/2020\/09\/CEM_0575-1024x682.jpg\" alt=\"\" class=\"wp-image-2417\" srcset=\"https:\/\/www.czechcyclingfederation.com\/wp-content\/uploads\/2020\/09\/CEM_0575-1024x682.jpg 1024w, https:\/\/www.czechcyclingfederation.com\/wp-content\/uploads\/2020\/09\/CEM_0575-300x200.jpg 300w, https:\/\/www.czechcyclingfederation.com\/wp-content\/uploads\/2020\/09\/CEM_0575-768x512.jpg 768w, https:\/\/www.czechcyclingfederation.com\/wp-content\/uploads\/2020\/09\/CEM_0575-1536x1024.jpg 1536w, https:\/\/www.czechcyclingfederation.com\/wp-content\/uploads\/2020\/09\/CEM_0575-1320x880.jpg 1320w, https:\/\/www.czechcyclingfederation.com\/wp-content\/uploads\/2020\/09\/CEM_0575.jpg 2000w\" sizes=\"auto, (max-width: 1024px) 100vw, 1024px\" \/><figcaption><em>Ond\u0159ej Cink &#8211; Kross Racing Team, SP NMNM, foto: Michal \u010cerven\u00fd<\/em><\/figcaption><\/figure>\n\n\n\n<figure class=\"wp-block-image size-large\"><img loading=\"lazy\" decoding=\"async\" width=\"1024\" height=\"683\" src=\"http:\/\/www.czechcyclingfederation.com\/wp-content\/uploads\/2020\/09\/CER_1242-1024x683.jpg\" alt=\"\" class=\"wp-image-2416\" srcset=\"https:\/\/www.czechcyclingfederation.com\/wp-content\/uploads\/2020\/09\/CER_1242-1024x683.jpg 1024w, https:\/\/www.czechcyclingfederation.com\/wp-content\/uploads\/2020\/09\/CER_1242-300x200.jpg 300w, https:\/\/www.czechcyclingfederation.com\/wp-content\/uploads\/2020\/09\/CER_1242-768x512.jpg 768w, https:\/\/www.czechcyclingfederation.com\/wp-content\/uploads\/2020\/09\/CER_1242-1536x1025.jpg 1536w, https:\/\/www.czechcyclingfederation.com\/wp-content\/uploads\/2020\/09\/CER_1242-1320x880.jpg 1320w, https:\/\/www.czechcyclingfederation.com\/wp-content\/uploads\/2020\/09\/CER_1242.jpg 2000w\" sizes=\"auto, (max-width: 1024px) 100vw, 1024px\" \/><figcaption><em>z\u00e1vod \u017eeny Elite, SP NMNM, foto: Michal \u010cerven\u00fd<\/em><\/figcaption><\/figure>\n","protected":false},"excerpt":{"rendered":"<p>Short Trackem odstartoval Sv\u011btov\u00fd poh\u00e1r v Nov\u00e9m M\u011bst\u011b na Morav\u011b a jedin\u00ed dva \u010de\u0161t\u00ed reprezentanti si ve smutn\u00e9 a tich\u00e9 atmosf\u00e9\u0159e bez div\u00e1k\u016f nevedli \u0161patn\u011b. Start \u00favodn\u00edho sv\u011btov\u00e9ho poh\u00e1ru to nebyl zrovna p\u0159\u00edzniv\u00fd, kdy\u017e z\u00e1vod doprov\u00e1zel chladn\u00fd d\u00e9\u0161\u0165. V z\u00e1vod\u011b elitn\u00edch \u017een zv\u00edt\u011bzila Britka Evie Richards a u mu\u017e\u016f mexick\u00fd reprezentant Jose Gerardo Ulloa Arevalo. [&hellip;]<\/p>\n","protected":false},"author":9,"featured_media":2417,"comment_status":"closed","ping_status":"open","sticky":false,"template":"","format":"standard","meta":{"footnotes":""},"categories":[6,2],"tags":[10],"class_list":["post-2415","post","type-post","status-publish","format-standard","has-post-thumbnail","hentry","category-mtb","category-novinky","tag-mtb"],"_links":{"self":[{"href":"https:\/\/www.czechcyclingfederation.com\/en\/wp-json\/wp\/v2\/posts\/2415","targetHints":{"allow":["GET"]}}],"collection":[{"href":"https:\/\/www.czechcyclingfederation.com\/en\/wp-json\/wp\/v2\/posts"}],"about":[{"href":"https:\/\/www.czechcyclingfederation.com\/en\/wp-json\/wp\/v2\/types\/post"}],"author":[{"embeddable":true,"href":"https:\/\/www.czechcyclingfederation.com\/en\/wp-json\/wp\/v2\/users\/9"}],"replies":[{"embeddable":true,"href":"https:\/\/www.czechcyclingfederation.com\/en\/wp-json\/wp\/v2\/comments?post=2415"}],"version-history":[{"count":2,"href":"https:\/\/www.czechcyclingfederation.com\/en\/wp-json\/wp\/v2\/posts\/2415\/revisions"}],"predecessor-version":[{"id":2423,"href":"https:\/\/www.czechcyclingfederation.com\/en\/wp-json\/wp\/v2\/posts\/2415\/revisions\/2423"}],"wp:featuredmedia":[{"embeddable":true,"href":"https:\/\/www.czechcyclingfederation.com\/en\/wp-json\/wp\/v2\/media\/2417"}],"wp:attachment":[{"href":"https:\/\/www.czechcyclingfederation.com\/en\/wp-json\/wp\/v2\/media?parent=2415"}],"wp:term":[{"taxonomy":"category","embeddable":true,"href":"https:\/\/www.czechcyclingfederation.com\/en\/wp-json\/wp\/v2\/categories?post=2415"},{"taxonomy":"post_tag","embeddable":true,"href":"https:\/\/www.czechcyclingfederation.com\/en\/wp-json\/wp\/v2\/tags?post=2415"}],"curies":[{"name":"wp","href":"https:\/\/api.w.org\/{rel}","templated":true}]}}