{"id":2396,"date":"2020-09-27T19:20:53","date_gmt":"2020-09-27T17:20:53","guid":{"rendered":"http:\/\/www.czechcyclingfederation.com\/?p=2396"},"modified":"2020-10-02T14:31:37","modified_gmt":"2020-10-02T12:31:37","slug":"polak-stosz-vyhral-skoda-cup-regionem-kyjovskeho-slovacka","status":"publish","type":"post","link":"https:\/\/www.czechcyclingfederation.com\/en\/polak-stosz-vyhral-skoda-cup-regionem-kyjovskeho-slovacka\/","title":{"rendered":"Pol\u00e1k Stosz vyhr\u00e1l \u0160koda Cup Regionem Kyjovsk\u00e9ho Slov\u00e1cka"},"content":{"rendered":"\n<p>Teprve t\u0159et\u00ed d\u00edl \u0160koda Cupu &#8211; \u010cesk\u00e9ho poh\u00e1ru na silnici, kter\u00fdm byl z\u00e1vod Regionem Kyjovsk\u00e9ho Slov\u00e1cka na trati dlouh\u00e9 123,5 km, vyhr\u00e1l polsk\u00fd jezdec Patryk Stosz ze st\u00e1je Voster Ats Team. Ve spurtu porazil t\u011bsn\u011b Mat\u011bje Zah\u00e1lku z Elkov Kasper a t\u0159et\u00ed byl Dominik Neuman, rovn\u011b\u017e jezdec t\u00fdmu Elkov Kasper. Trikot vedouc\u00ed jezdce seri\u00e1lu uh\u00e1jil Vojt\u011bch \u0158epa (Topforex &#8211; Lapierre Pro Cycling Team), kter\u00fd dojel \u0161est\u00fd.<\/p>\n\n\n\n<p>Ji\u017e na dvac\u00e1t\u00e9m kilometru se pustil do odv\u00e1\u017en\u00e9ho s\u00f3lov\u00e9ho \u00faniku polsk\u00fd jezdec Piotr Brozyna (Voster Ats Team) a vydr\u017eel v n\u011bm dal\u0161\u00edch t\u00e9m\u011b\u0159 sto kilometr\u016f. Soupe\u0159i jej v\u0161ak nenechali z\u00edskat n\u00e1skok jen do dvou minut, kdy\u017e v\u0161e kontrolovali p\u0159edev\u0161\u00edm jezdci Elkov Kasper, nikdo z dal\u0161\u00edch nem\u011bl snahu \u00fanik sj\u00ed\u017ed\u011bt.<\/p>\n\n\n\n<p>Zostra z\u00e1vodit se opravdu za\u010dalo a\u017e na posledn\u00edch dvou desetikilometrov\u00fdch okruz\u00edch, kter\u00e9 byly n\u00e1ro\u010dn\u00e9 sv\u00fdm stoup\u00e1n\u00ed a p\u0159itom i technick\u00e9, pot\u00e9 co Brozynu peloton dojel. Nejprve odjela dvojice Zah\u00e1lka a Pavel Bittner (Mapei Merida Ka\u0148kovsk\u00fd), k nim se postupn\u011b p\u0159idali Stozs, jeho t\u00fdmov\u00fd kolega Adam Stachowiak, Michal Schlegel, Dominik Neumann (oba Elkov Kasper), \u0158epa a Pol\u00e1k Pawel Sz\u00f3stka (Wibatech Merx Wroc\u0142aw Cycling).<\/p>\n\n\n\n<p>Rozhodovalo se a\u017e ve spurtu t\u00e9to vedouc\u00ed osmi\u010dlenn\u00e9 skupiny. Mezi z\u00e1vodn\u00edky Elkov Kasper, kte\u0159\u00ed p\u0159ipravovali z\u00e1v\u011br pro jejich nejl\u00e9pe postaven\u00e9ho mu\u017ee v po\u0159ad\u00ed \u0160koda Cupu Zah\u00e1lku v\u0161ak vl\u00e9tl rychle Stosz a radoval se z v\u00fdhry. \u0158epa vedle zelen\u00e9ho trikotu po vedouc\u00ed jezdce seri\u00e1lu m\u00e1 i \u010derven\u00fd trikot pro nejlep\u0161\u00edho jezdce kategrie U23 a i t\u0159et\u00ed trikot pro nejlep\u0161\u00edho nov\u00e1\u010dka m\u00e1 jezdec st\u00e1je Topforex &#8211; Lapierre Pro Cycling Team Jakub Bou\u010dek.<\/p>\n\n\n\n<p>V\u00fdsledky:<\/p>\n\n\n\n<p>1. Stosz (Pol.\/Voster Ats Team) 2:58:18, 2. Zah\u00e1lka (Elkov Kasper) stejn\u00fd \u010das, 3. Neuman (oba Elkov Kasper +3, 4. Bittner (Mapei Merida Ka\u0148kovsk\u00fd), 5. Szostka (Pol.\/Wibatech Merx Wroc\u0142aw Cycling Team) oba +4, 6. \u0158epa (Topforex &#8211; Lapierre Pro Cycling Team) +6, 7. Stachowiak (Pol.\/Voster Ats Team) +10, 8. Schlegel (Elkov Kasper) +37, 9. Fiala (AC Sparta Praha) +45, 10. Pietrula (Dukla Praha) +45.<\/p>\n\n\n\n<p>FOTO Jan Brychta<\/p>\n\n\n\n<figure class=\"wp-block-image size-large\"><img loading=\"lazy\" decoding=\"async\" width=\"1024\" height=\"680\" src=\"https:\/\/www.czechcyclingfederation.com\/wp-content\/uploads\/2020\/09\/IMG-20200927-WA0042-1024x680.jpg\" alt=\"\" class=\"wp-image-2398\" srcset=\"https:\/\/www.czechcyclingfederation.com\/wp-content\/uploads\/2020\/09\/IMG-20200927-WA0042-1024x680.jpg 1024w, https:\/\/www.czechcyclingfederation.com\/wp-content\/uploads\/2020\/09\/IMG-20200927-WA0042-300x200.jpg 300w, https:\/\/www.czechcyclingfederation.com\/wp-content\/uploads\/2020\/09\/IMG-20200927-WA0042-768x510.jpg 768w, https:\/\/www.czechcyclingfederation.com\/wp-content\/uploads\/2020\/09\/IMG-20200927-WA0042-1536x1020.jpg 1536w, https:\/\/www.czechcyclingfederation.com\/wp-content\/uploads\/2020\/09\/IMG-20200927-WA0042-1320x877.jpg 1320w, https:\/\/www.czechcyclingfederation.com\/wp-content\/uploads\/2020\/09\/IMG-20200927-WA0042.jpg 1600w\" sizes=\"auto, (max-width: 1024px) 100vw, 1024px\" \/><\/figure>\n\n\n\n<figure class=\"wp-block-image size-large\"><img loading=\"lazy\" decoding=\"async\" width=\"1024\" height=\"680\" src=\"https:\/\/www.czechcyclingfederation.com\/wp-content\/uploads\/2020\/09\/IMG-20200927-WA0043-1024x680.jpg\" alt=\"\" class=\"wp-image-2399\" srcset=\"https:\/\/www.czechcyclingfederation.com\/wp-content\/uploads\/2020\/09\/IMG-20200927-WA0043-1024x680.jpg 1024w, https:\/\/www.czechcyclingfederation.com\/wp-content\/uploads\/2020\/09\/IMG-20200927-WA0043-300x200.jpg 300w, https:\/\/www.czechcyclingfederation.com\/wp-content\/uploads\/2020\/09\/IMG-20200927-WA0043-768x510.jpg 768w, https:\/\/www.czechcyclingfederation.com\/wp-content\/uploads\/2020\/09\/IMG-20200927-WA0043-1536x1020.jpg 1536w, https:\/\/www.czechcyclingfederation.com\/wp-content\/uploads\/2020\/09\/IMG-20200927-WA0043-1320x877.jpg 1320w, https:\/\/www.czechcyclingfederation.com\/wp-content\/uploads\/2020\/09\/IMG-20200927-WA0043.jpg 1600w\" sizes=\"auto, (max-width: 1024px) 100vw, 1024px\" \/><\/figure>\n","protected":false},"excerpt":{"rendered":"<p>Teprve t\u0159et\u00ed d\u00edl \u0160koda Cupu &#8211; \u010cesk\u00e9ho poh\u00e1ru na silnici, kter\u00fdm byl z\u00e1vod Regionem Kyjovsk\u00e9ho Slov\u00e1cka na trati dlouh\u00e9 123,5 km, vyhr\u00e1l polsk\u00fd jezdec Patryk Stosz ze st\u00e1je Voster Ats Team. Ve spurtu porazil t\u011bsn\u011b Mat\u011bje Zah\u00e1lku z Elkov Kasper a t\u0159et\u00ed byl Dominik Neuman, rovn\u011b\u017e jezdec t\u00fdmu Elkov Kasper. Trikot vedouc\u00ed jezdce seri\u00e1lu uh\u00e1jil [&hellip;]<\/p>\n","protected":false},"author":8,"featured_media":2397,"comment_status":"closed","ping_status":"open","sticky":false,"template":"","format":"standard","meta":{"footnotes":""},"categories":[2,18],"tags":[11],"class_list":["post-2396","post","type-post","status-publish","format-standard","has-post-thumbnail","hentry","category-novinky","category-silnice","tag-silnice"],"_links":{"self":[{"href":"https:\/\/www.czechcyclingfederation.com\/en\/wp-json\/wp\/v2\/posts\/2396","targetHints":{"allow":["GET"]}}],"collection":[{"href":"https:\/\/www.czechcyclingfederation.com\/en\/wp-json\/wp\/v2\/posts"}],"about":[{"href":"https:\/\/www.czechcyclingfederation.com\/en\/wp-json\/wp\/v2\/types\/post"}],"author":[{"embeddable":true,"href":"https:\/\/www.czechcyclingfederation.com\/en\/wp-json\/wp\/v2\/users\/8"}],"replies":[{"embeddable":true,"href":"https:\/\/www.czechcyclingfederation.com\/en\/wp-json\/wp\/v2\/comments?post=2396"}],"version-history":[{"count":1,"href":"https:\/\/www.czechcyclingfederation.com\/en\/wp-json\/wp\/v2\/posts\/2396\/revisions"}],"predecessor-version":[{"id":2400,"href":"https:\/\/www.czechcyclingfederation.com\/en\/wp-json\/wp\/v2\/posts\/2396\/revisions\/2400"}],"wp:featuredmedia":[{"embeddable":true,"href":"https:\/\/www.czechcyclingfederation.com\/en\/wp-json\/wp\/v2\/media\/2397"}],"wp:attachment":[{"href":"https:\/\/www.czechcyclingfederation.com\/en\/wp-json\/wp\/v2\/media?parent=2396"}],"wp:term":[{"taxonomy":"category","embeddable":true,"href":"https:\/\/www.czechcyclingfederation.com\/en\/wp-json\/wp\/v2\/categories?post=2396"},{"taxonomy":"post_tag","embeddable":true,"href":"https:\/\/www.czechcyclingfederation.com\/en\/wp-json\/wp\/v2\/tags?post=2396"}],"curies":[{"name":"wp","href":"https:\/\/api.w.org\/{rel}","templated":true}]}}