{"id":2388,"date":"2020-09-27T16:27:50","date_gmt":"2020-09-27T14:27:50","guid":{"rendered":"http:\/\/www.czechcyclingfederation.com\/?p=2388"},"modified":"2020-10-02T14:32:41","modified_gmt":"2020-10-02T12:32:41","slug":"boros-a-stepanova-druzi-na-holych-vrsich","status":"publish","type":"post","link":"https:\/\/www.czechcyclingfederation.com\/en\/boros-a-stepanova-druzi-na-holych-vrsich\/","title":{"rendered":"Boro\u0161 a \u0160t\u011bp\u00e1nov\u00e1 druz\u00ed na Hol\u00fdch vr\u0161\u00edch"},"content":{"rendered":"\n<p>T\u0159i podiov\u00e1 um\u00edst\u011bn\u00ed vybojovali \u010de\u0161t\u00ed cyklokrosa\u0159i ve druh\u00e9m d\u00edlu seri\u00e1lu Toi Toi Cup dnes na Hol\u00fdch Vr\u0161\u00edch. Na druh\u00e9 v\u00edt\u011bzstv\u00ed v \u0159ad\u011b nedos\u00e1hl Michael Boro\u0161 (\u010cEZ Cyklo Team T\u00e1bor), kter\u00e9ho dnes p\u0159ed\u010dil Lander Loockx z Begie. Spolu s nimi vystoupil na stupn\u011b v\u00edt\u011bz\u016f francouzsk\u00fd krosa\u0159 Antoine Benoist. Ale mezi \u017eenami za v\u00edt\u011bznou Italkou Sara Casasolovou dojely Karla \u0160t\u011bp\u00e1nov\u00e1 (Maloja Pushbikers Team) a mladi\u010dk\u00e1 Tereza Tvar\u016f\u017ekov\u00e1 (Expres Cz &#8211; Tufo Team Kol\u00edn).<\/p>\n\n\n\n<p>Dv\u011b cenn\u00e1 prvenstv\u00ed&nbsp; podnic\u00edch druh\u00e9 kategorie si do It\u00e1lie odveze Casasolov\u00e1. Po triumfu na bahnit\u00e9 trati v Mlad\u00e9 Boleslavi nena\u0161la p\u0159emo\u017eitelku ani dnes na okruhu na Hol\u00fdch Vr\u0161\u00edch. A to se jelo na zcela jin\u00e9 trati. Ze zdej\u0161\u00edch kopc\u016f vody odplavala, tak\u017ee okruh byl prakticky such\u00fd, ale jak zn\u00e1mo &#8211; z t\u011bch \u010desk\u00fdch je rozhodn\u011b nejn\u00e1ro\u010dn\u011bj\u0161\u00ed sv\u00fdmi tvrd\u00fdmi stoup\u00e1n\u00edmi.<\/p>\n\n\n\n<p>Proto ani tak nep\u0159ekvapilo, \u017ee za n\u00ed skon\u010dily dv\u011b dom\u00e1c\u00ed z\u00e1vodnice, kter\u00e9 jsou sp\u00ed\u0161e ne\u017e krosa\u0159kami, vyznava\u010dkami horsk\u00fdch kol. V minulosti na t\u00e9to trati&nbsp; \u0160t\u011bp\u00e1nov\u00e1 dok\u00e1zala i vyhr\u00e1t, dnes jej\u00ed v\u00fdkon sta\u010dil na druh\u00e9 m\u00edsto p\u0159ed Tvar\u016f\u017ekovou, ob\u011b z\u00edskaly skalp \u00fa\u0159aduj\u00edc\u00ed evropsk\u00e9 \u0161ampionky kategorie U23 Marion Norbert Riberolleov\u00e9 z Francie, kter\u00e1 se musela spokojit se \u010dtvrt\u00fdm m\u00edstem. Ani sobotn\u00ed nejlep\u0161\u00ed \u010desk\u00e1 \u017eena Pavla Havl\u00edkov\u00e1 (KC Kooperativa Jablonec nad Nisou), kter\u00e9 naopak zdej\u0161\u00ed okruh v\u016fbec nesed\u00ed, nejela \u0161patn\u011b a dokon\u010dila na \u0161est\u00e9 pozici.<\/p>\n\n\n\n<p>Casasolov\u00e1 se hned po v\u00fdjezdu od startu po asfaltov\u00e9 rovince dostala do na prvn\u00ed m\u00edsto a soupe\u0159k\u00e1m v\u016fbec nedovolilaaby ji ohrozily. D\u00e1 se \u0159\u00edci, \u017ee jak se vytvo\u0159ilo po\u0159ad\u00ed hned v prvn\u00edm kole, tak v n\u011bm z\u00e1vodnice dojely, a\u017e na mal\u00e9 v\u00fdjimky, do c\u00edle.&nbsp;<\/p>\n\n\n\n<p>&#8220;Ne\u010dekala jsem tak kvalitn\u00ed konkurenci o to jsem v\u00edce p\u0159ekvapen\u00e1 jak jsem dopadla. V\u00edc jsem si snad ani nemohla p\u0159\u00e1t. Jsem nad\u0161en\u00e1 a mus\u00edm p\u0159iznat, \u017ee se mi jelo dob\u0159e i technicky, ud\u011blalo mi to obrovskou radost. Pro m\u011b je to super. Z\u00edtra odj\u00ed\u017ed\u00edm na z\u00e1vody Sv\u011btov\u00e9ho poh\u00e1ru do Nov\u00e9ho M\u011bsta na Morav\u011b, tak\u017ee jsem se snad skv\u011ble rozjela,&#8221; \u0159\u00edkala v c\u00edli Karla \u0160t\u011bp\u00e1nov\u00e1.<\/p>\n\n\n\n<p>Po bl\u00e1tiv\u00e9 Mlad\u00e9 Boleslavi dnes museli jezdci zvl\u00e1dat p\u0159edev\u0161\u00edm n\u00e1ro\u010dn\u00e9 v\u00fdjezdy a v nich kraloval Loockx. P\u0159ekvapiv\u011b za to vzal hned po startu a soupe\u0159\u016fm dok\u00e1zal poodjet. S\u00e1m projel c\u00edlem prvn\u00edho kola, za n\u00edm s mal\u00fdm odstupem skupina osmi pron\u00e1sledovatel\u016f. Zat\u00edmco Belgi\u010dan se ka\u017ed\u00fdm okruhem o n\u011bkolik vte\u0159in soupe\u0159\u016fm vzdaloval, ti po sob\u011b sp\u00ed\u0161e koukali kdo pojede m\u00edsto toho aby spolupracovali a sna\u017eili se jej dojet.<\/p>\n\n\n\n<p>Po t\u0159ech okruz\u00edch m\u011bl Loocks n\u00e1skok dev\u011bt vte\u0159in, pak patn\u00e1ct, t\u0159iadvacet. Z\u00e1jem jet m\u011bl ze skupiny pouze Boro\u0161, kter\u00e9ho se dr\u017eeli Francouzi Benoist a Steve Chainel a \u010d\u00e1ste\u010dn\u011b je\u0161t\u011b dal\u0161\u00ed belgick\u00fd jezdec Seppe Rombouts, kter\u00fd v\u0161ak odpadal a zase se dotahoval, zat\u00edmco dal\u0161\u00ed ji\u017e ztr\u00e1celi v\u00edce.<\/p>\n\n\n\n<p>Strojov\u00e9 tempo udr\u017eel Loockx i nad\u00e1le a p\u0159i n\u00e1jezdu do z\u00e1v\u011bre\u010dn\u00e9ho kola m\u011bl k dobru p\u0159ed Boro\u0161em, za n\u00edm\u017e se udr\u017eel ji\u017e jen Benoist, p\u016fl minuty. I proto si mohl dovolit v z\u00e1v\u011bru trochu polevit, ale bezprobl\u00e9mov\u00e9 v\u00edt\u011bzstv\u00ed si jasn\u011b pohl\u00eddal. Boro\u0161 si zase s p\u0159ehledem dojel pro druh\u00e9 m\u00edsto, tak\u017ee si sv\u00e1 po\u0159ad\u00ed vym\u011bnili, ale v sobotu t\u0159et\u00ed Mickael Crispin z Francie na n\u00e1ro\u010dn\u00e9m okruhu dnes nesta\u010dil a dojel a\u017e osm\u00fd.<\/p>\n\n\n\n<p>\u201eDnes to na v\u00edt\u011bzstv\u00ed nebylo, nem\u011bl jsem tak dobr\u00e9 nohy jako v\u010dera. Loocks za to vzal hned od za\u010d\u00e1tku a odjel n\u00e1m v\u0161em. Kluci spolupracovat necht\u011bli, v\u0161e nech\u00e1vali na m\u011b a s\u00e1m jsem na to, se na n\u011bj dot\u00e1hnout, nem\u011bl. Celkov\u011b ale v\u00edkend mohu hodnotit kladn\u011b, prvn\u00ed a druh\u00e9 m\u00edsto je na \u00favod sezony dobr\u00e9,&#8221; \u0159ekl Michael Boro\u0161.<\/p>\n\n\n\n<p>V\u00fdsledky:<\/p>\n\n\n\n<p>\u017deny:<\/p>\n\n\n\n<p>1. Casasolov\u00e1 (It.) 43:51, 2. \u0160t\u011bp\u00e1nov\u00e1 (Maloja Pushbikers Team) +28, 3. Tvar\u016f\u017ekov\u00e1 (Expres Cz &#8211; Tufo Team Kol\u00edn) +48, 4. Norbert Riberolleov\u00e1 (Fr.) +1:34, 5. Vanderbekenov\u00e1 (Belg.) +1:47, 6. Havl\u00edkov\u00e1 (KC Kooperativa Jablonec nad Nisou) +2:10.<\/p>\n\n\n\n<p>1. Loockx (Belg.) 1:03:08, 3. Boro\u0161 (\u010cEZ Cyklo Team T\u00e1bor) +16, 3. Benoist (Fr.) +29, 4. Chainel (Fr.) +43, 5. Rombouts (Belg.) +48, 6. Lelandais (Fr.) +54, &#8230;11. \u0158\u00edman (Auto \u0160koda Mlad\u00e1 Boleslav) +1:51, 13. Camrda (\u010cEZ Cyklo Team T\u00e1bor) +2:25.<\/p>\n\n\n\n<p>Junio\u0159i:<\/p>\n\n\n\n<p>1. Str\u00e1nsk\u00fd (IVAR CS &#8211; Author Team) 38:53, 2. Vanderlinden (Belg.) +9, 3. M. Kopeck\u00fd (Galant &#8211; Pauwels Sauzen) +15.<\/p>\n\n\n\n<p>Juniorky:<\/p>\n\n\n\n<p>1.Kopecky (LRTV Swift) 40:22, 2. Hlad\u00edkov\u00e1 (IVAR CS &#8211; Author Team) +34, 3. Cancianiov\u00e1 (It.) +1:13.<\/p>\n\n\n\n<p>FOTO Ji\u0159\u00ed Hol\u00fd<\/p>\n\n\n\n<figure class=\"wp-block-image size-large\"><img loading=\"lazy\" decoding=\"async\" width=\"1024\" height=\"577\" src=\"https:\/\/www.czechcyclingfederation.com\/wp-content\/uploads\/2020\/09\/Mu\u017ei-_DSC5318-2-1024x577.jpg\" alt=\"\" class=\"wp-image-2390\" srcset=\"https:\/\/www.czechcyclingfederation.com\/wp-content\/uploads\/2020\/09\/Mu\u017ei-_DSC5318-2-1024x577.jpg 1024w, https:\/\/www.czechcyclingfederation.com\/wp-content\/uploads\/2020\/09\/Mu\u017ei-_DSC5318-2-300x169.jpg 300w, https:\/\/www.czechcyclingfederation.com\/wp-content\/uploads\/2020\/09\/Mu\u017ei-_DSC5318-2-768x433.jpg 768w, https:\/\/www.czechcyclingfederation.com\/wp-content\/uploads\/2020\/09\/Mu\u017ei-_DSC5318-2-1536x865.jpg 1536w, https:\/\/www.czechcyclingfederation.com\/wp-content\/uploads\/2020\/09\/Mu\u017ei-_DSC5318-2-2048x1154.jpg 2048w, https:\/\/www.czechcyclingfederation.com\/wp-content\/uploads\/2020\/09\/Mu\u017ei-_DSC5318-2-1320x744.jpg 1320w\" sizes=\"auto, (max-width: 1024px) 100vw, 1024px\" \/><\/figure>\n","protected":false},"excerpt":{"rendered":"<p>T\u0159i podiov\u00e1 um\u00edst\u011bn\u00ed vybojovali \u010de\u0161t\u00ed cyklokrosa\u0159i ve druh\u00e9m d\u00edlu seri\u00e1lu Toi Toi Cup dnes na Hol\u00fdch Vr\u0161\u00edch. Na druh\u00e9 v\u00edt\u011bzstv\u00ed v \u0159ad\u011b nedos\u00e1hl Michael Boro\u0161 (\u010cEZ Cyklo Team T\u00e1bor), kter\u00e9ho dnes p\u0159ed\u010dil Lander Loockx z Begie. Spolu s nimi vystoupil na stupn\u011b v\u00edt\u011bz\u016f francouzsk\u00fd krosa\u0159 Antoine Benoist. Ale mezi \u017eenami za v\u00edt\u011bznou Italkou Sara Casasolovou [&hellip;]<\/p>\n","protected":false},"author":8,"featured_media":2389,"comment_status":"closed","ping_status":"open","sticky":false,"template":"","format":"standard","meta":{"footnotes":""},"categories":[58,2],"tags":[59],"class_list":["post-2388","post","type-post","status-publish","format-standard","has-post-thumbnail","hentry","category-cyklokros","category-novinky","tag-cyklokros"],"_links":{"self":[{"href":"https:\/\/www.czechcyclingfederation.com\/en\/wp-json\/wp\/v2\/posts\/2388","targetHints":{"allow":["GET"]}}],"collection":[{"href":"https:\/\/www.czechcyclingfederation.com\/en\/wp-json\/wp\/v2\/posts"}],"about":[{"href":"https:\/\/www.czechcyclingfederation.com\/en\/wp-json\/wp\/v2\/types\/post"}],"author":[{"embeddable":true,"href":"https:\/\/www.czechcyclingfederation.com\/en\/wp-json\/wp\/v2\/users\/8"}],"replies":[{"embeddable":true,"href":"https:\/\/www.czechcyclingfederation.com\/en\/wp-json\/wp\/v2\/comments?post=2388"}],"version-history":[{"count":1,"href":"https:\/\/www.czechcyclingfederation.com\/en\/wp-json\/wp\/v2\/posts\/2388\/revisions"}],"predecessor-version":[{"id":2391,"href":"https:\/\/www.czechcyclingfederation.com\/en\/wp-json\/wp\/v2\/posts\/2388\/revisions\/2391"}],"wp:featuredmedia":[{"embeddable":true,"href":"https:\/\/www.czechcyclingfederation.com\/en\/wp-json\/wp\/v2\/media\/2389"}],"wp:attachment":[{"href":"https:\/\/www.czechcyclingfederation.com\/en\/wp-json\/wp\/v2\/media?parent=2388"}],"wp:term":[{"taxonomy":"category","embeddable":true,"href":"https:\/\/www.czechcyclingfederation.com\/en\/wp-json\/wp\/v2\/categories?post=2388"},{"taxonomy":"post_tag","embeddable":true,"href":"https:\/\/www.czechcyclingfederation.com\/en\/wp-json\/wp\/v2\/tags?post=2388"}],"curies":[{"name":"wp","href":"https:\/\/api.w.org\/{rel}","templated":true}]}}