{"id":2365,"date":"2020-09-26T16:22:18","date_gmt":"2020-09-26T14:22:18","guid":{"rendered":"http:\/\/www.czechcyclingfederation.com\/?p=2365"},"modified":"2020-10-02T14:33:32","modified_gmt":"2020-10-02T12:33:32","slug":"boros-vyhral-prvni-toi-toi-cup-havlikova-ctvrta","status":"publish","type":"post","link":"https:\/\/www.czechcyclingfederation.com\/en\/boros-vyhral-prvni-toi-toi-cup-havlikova-ctvrta\/","title":{"rendered":"Boro\u0161 vyhr\u00e1l prvn\u00ed Toi Toi Cup, Havl\u00edkov\u00e1 \u010dtvrt\u00e1"},"content":{"rendered":"\n<p>V hlavn\u00edm z\u00e1vod\u011b \u00favodn\u00edho d\u00edlu seri\u00e1lu Toi Toi Cupu v&nbsp;cyklokrou v&nbsp;Mlad\u00e9 Boleslavi zah\u00e1jil dom\u00e1c\u00ed sezonu v\u00edt\u011bzstv\u00edm Michael Boro\u0161 z \u010cEZ Cyklo Team T\u00e1bor, kdy\u017e za sebou nechal celou velice kvalitn\u00ed zahrani\u010dn\u00ed konkurenci. Mezi \u017eenami kralovala Italka Sara Casasolov\u00e1, na\u0161e Pavla Havl\u00edkov\u00e1 (KC Kooperativa Jablonec nad Nisou) skon\u010dila \u010dtvrt\u00e1.<\/p>\n\n\n\n<p>Ani p\u0159i z\u00e1vod\u011b mu\u017e\u016f d\u00e9\u0161\u0165 neustal, tak\u017ee hned v c\u00edli prvn\u00edho kola byli jezdci k nepozn\u00e1n\u00ed, od bahna byli od hlavy k pat\u011b. V \u00favodu byl ve veden\u00ed David van der Poel z Nizozem\u00ed, ale rychle \u010delo z\u00e1vodu opustil a pom\u011brn\u011b z\u00e1hy dokonce odstoupil. Na \u010dele se usadila dvojice Lander Loockx z Belgie a evropsk\u00fd \u0161ampion kategorie U23 Micka\u00ebl Crispin v Francie. Ve t\u0159et\u00edm kole se na n\u011b dot\u00e1hl Boro\u0161, zat\u00edmco \u00fa\u0159aduj\u00edc\u00ed \u010desk\u00fd \u0161ampion Emil Hekele od za\u010d\u00e1tku ztr\u00e1cel a na t\u011b\u017ek\u00e9m okruhu se nedok\u00e1zal dostat do spr\u00e1vn\u00e9ho tempa.<\/p>\n\n\n\n<p>Boro\u0161 se okam\u017eit\u011b chopil taktovky, ud\u00e1val tempo a poda\u0159ilo se mu set\u0159\u00e1st Loockxe, ov\u0161em Crispin se vz\u00e1t nehodlal. Necel\u00e9 t\u0159i kola p\u0159ed c\u00edlem se do boje o v\u00edt\u011bzstv\u00ed zase Loockx zapojil. Trio spolu je\u0161t\u011b najelo do posledn\u00edho okruhu v n\u011bm\u017e to prvn\u00ed hned na jeho za\u010d\u00e1tku zkusil belgick\u00fd z\u00e1vodn\u00edk, ov\u0161em Boro\u0161 uk\u00e1zal, \u017ee je dnes hodn\u011b siln\u00fd. Zav\u011bsil se za n\u011bj a naopak na jeho \u00fatok ji\u017e soupe\u0159i odpov\u011b\u010f nena\u0161li.<\/p>\n\n\n\n<p>Trojn\u00e1sobn\u00fd \u010desk\u00fd \u0161ampion rychle z\u00edskal n\u00e1skok n\u011bkolika des\u00edtek metr\u016f a nik\u00fdm neohro\u017eov\u00e1n si dojel pro jasn\u00e9 prvenstv\u00ed. &#8220;V posledn\u00edm kole jsem se ze skupinky c\u00edtil nejsiln\u011bj\u0161\u00ed, a tak jsem to zkusil a jsem r\u00e1d, \u017ee to vy\u0161lo. Bylo to d\u00edky bl\u00e1tu hodn\u011b t\u011b\u017ek\u00e9, ale c\u00edtil jsem se dob\u0159e. Byla to silov\u00e1 tra\u0165, rozhodovala v\u00fdkonnost. Pro m\u011b toto v\u00edt\u011bzstv\u00ed je jist\u011b povzbuzen\u00edm do dal\u0161\u00ed sezony, takov\u00fd za\u010d\u00e1tek poh\u00e1ru jsem je\u0161t\u011b neza\u017eil. Vyhr\u00e1val jsem i loni, ale za tak siln\u00e9 konkurence moc ne,&#8221; p\u0159iznal spokojen\u00fd Michael Boro\u0161.<\/p>\n\n\n\n<p>Boj nejen se soupe\u0159kami, ale hlavn\u011b i s bahnem na cel\u00e9m okruhu, tak lze charakterizovat z\u00e1vod \u017een. A v\u00edt\u011bzkou se stala v nep\u0159\u00edjemn\u00e9m po\u010das\u00ed Casasolov\u00e1, p\u0159ed \u00fa\u0159aduj\u00edc\u00ed mistryn\u00ed sv\u011bta kategorie U23 Marion Norbert Riberolleovou z Francie. Zahrani\u010dn\u00ed stupn\u011b v\u00edt\u011bzek zkompletovala Raku\u0161anka Nadja Heiglov\u00e1. Hned za trojic\u00ed nejlep\u0161\u00edch skon\u010dilo \u010desk\u00e9 duo Havl\u00edkov\u00e1 (KC Kooperativa Jablonec n. Nisou) a Nikola Bajgerov\u00e1 (Dukla Praha).<\/p>\n\n\n\n<p>Nejv\u011bt\u0161\u00ed favoritkou byla Riberolleov\u00e1 a v \u00favodu z\u00e1vodu to vypadalo, \u017ee svou roli spln\u00ed. C\u00edlem prvn\u00edho kola projela s mal\u00fdm n\u00e1skokem p\u0159ed Casasolovou a pak jely ka\u017ed\u00e1 ze z\u00e1vodnic prakticky osamocen\u011b. Za t\u0159et\u00ed Heiglovou se usadila Bajgerov\u00e1, Havl\u00edkov\u00e1 po nep\u0159esv\u011bd\u010div\u00e9m startu byla \u0161est\u00e1.<\/p>\n\n\n\n<p>Ve druh\u00e9m kole se posunula na p\u00e1t\u00e9 m\u00edsto Havl\u00edkov\u00e1 a na Francouzsku se dot\u00e1hla Casasolov\u00e1, ale dlouho spolu na \u010dele nejely. Italka p\u0159ekvapiv\u011b sv\u00e9 soupe\u0159ce poodjela a pot\u00e9 ji\u017e sv\u016fj n\u00e1skok jen navy\u0161ovala a\u017e do c\u00edle. Nej\u00fasp\u011b\u0161n\u011bj\u0161\u00ed krosa\u0159ka na dom\u00e1c\u00edch trat\u00edch v posledn\u00edch letech Havl\u00edkov\u00e1 se st\u00e1le lep\u0161ila a nakonec \u00fato\u010dila, ale marn\u011b, i na stupn\u011b v\u00edt\u011bzek.<\/p>\n\n\n\n<p>&#8220;Start se mi opravdu nepovedl, ale postupn\u011b jsem se rozjela. Na soupe\u0159ky jsem moc nekoukala, ka\u017ed\u00e1 z n\u00e1s toho v bahn\u011b m\u011bla dost sama se sebou. \u0160koda, \u017ee se mi nepoda\u0159ilo dostat na stupn\u011b v\u00edt\u011bzek, Heiglovou jsem m\u011bla na dost\u0159el, kdyby se snad jelo o kolo v\u00edce&#8230;,&#8221; \u0159ekla vl\u00e1dkyn\u011b Toi Toi Cupu posledn\u00edho desetilet\u00ed Pavla Havl\u00edkov\u00e1.<\/p>\n\n\n\n<p>Do z\u00e1vodu junior\u016f nejl\u00e9pe odstartoval Mat\u011bj Str\u00e1nsk\u00fd (IVAR CS &#8211; Author Team), kter\u00fd c\u00edlem prvn\u00edho kola jen osamocen na \u010dele s n\u00e1skokem \u0161esti vte\u0159in p\u0159ed Maty\u00e1\u0161em Kopeck\u00fdm (Callant &#8211; Pauwels Sauzen), t\u0159et\u00ed Pavel Jind\u0159ich (TJ Stadion Louny) se dr\u017eel t\u011bsn\u011b za n\u00edm. Str\u00e1nsk\u00fd dr\u017eel sv\u00e9 pravideln\u00e9 tempo a v ka\u017ed\u00e9m okruhu sv\u016fj n\u00e1skok sice pomalu, ale jist\u011b navy\u0161oval. Druhou pozici si hl\u00eddal Kopeck\u00fd, na bronzov\u00fd stupe\u0148 se posunul francouzsk\u00fd jezdec Eliote Ponchon a sv\u00e9 um\u00edst\u011bn\u00ed si za dvojic\u00ed \u010desk\u00fdch reprezentant\u016f pohl\u00eddal. &#8220;Zkusil jsem to hned od za\u010d\u00e1tku a kdy\u017e se tam ud\u011blala d\u00edra, tak jsem pokra\u010doval a hl\u00eddal jsem si sv\u00e9 tempo. Byl to dost t\u011b\u017ek\u00fd z\u00e1vod, ale bahno a takov\u00e9to po\u010das\u00ed mi nevad\u00ed, naopak to m\u00e1m r\u00e1d,&#8221; \u0159\u00edkal v c\u00edli po sv\u00e9m premi\u00e9rov\u00e9m v\u00edt\u011bzstv\u00ed v kategorii junior\u016f Toi Toi Cupu Mat\u011bj Str\u00e1nsk\u00fd.<\/p>\n\n\n\n<p>V kategorii juniorek p\u0159es polovinu z\u00e1vodu jely spolu vep\u0159edu Julia Kopecky (LRTV Swift) a Kate\u0159ina Hlad\u00edkov\u00e1 (IVAR CS &#8211; Author Team). Ve t\u0159et\u00edm okruhu ale se poda\u0159ilo Julii \u017e\u00edj\u00edc\u00ed v Nizozem\u00ed z\u00edskat mal\u00fd n\u00e1skok a ten si pot\u00e9 ji\u017e pohl\u00eddala a\u017e do c\u00edlov\u00e9 p\u00e1sky. Hlad\u00edkov\u00e1 za n\u00ed p\u0159ijela s odstupem 19 vte\u0159in. Ze siln\u00e9 sestavy Italek skon\u010dila nejlep\u0161\u00ed Elisa Rumacov\u00e1 t\u0159et\u00ed, v prvn\u00ed \u0161estici byly hned t\u0159i Italky.<\/p>\n\n\n\n<p>V\u00fdsledky:<\/p>\n\n\n\n<p>Mu\u017ei:<\/p>\n\n\n\n<p>1. Boro\u0161 (\u010cEZ Cyklo Team T\u00e1bor) 54:52, 2. Loockx (Belg.) +12, 3. Crispin (It.) +18, 4. Rombouts (Belg.) +33, 5. Benoist +37, 6. Menut (oba Fr.) +51, &#8230;10. Van\u00ed\u010dek (\u010cEZ Cyklo Team T\u00e1bor) +2:23.<\/p>\n\n\n\n<p>\u017deny:<\/p>\n\n\n\n<p>1. Casasolov\u00e1 (It.) 45:27, 2. Norbert Riberolleov\u00e1 (F.) +38, 3. Heiglov\u00e1 (Rak.) +1:43, 4. Havl\u00edkov\u00e1 (KC Kooperativa Jablonec nad Nisou) +1:57, 5. Bajgerov\u00e1 (Dukla Praha) +2:10, 6. Vanderbekenov\u00e1 (Belg.) +2:18, 7. \u0160t\u011bp\u00e1nov\u00e1 (Maloja Pushbikers Team) +2:26, &#8230;9. Tavr\u016f\u017ekov\u00e1 (Expres Cz &#8211; Tufo Team Kol\u00edn) +3:05.<\/p>\n\n\n\n<p>Junio\u0159i:<\/p>\n\n\n\n<p>1. Str\u00e1nsk\u00fd (IVAR CS &#8211; Aauthor Team) 39:20, 2. M. Kopeck\u00fd (Callant &#8211; Pauwels Sauzen) +17, 3. Ponchon (Fr.) +50.&nbsp;&nbsp;&nbsp;&nbsp;&nbsp;&nbsp;<\/p>\n\n\n\n<p>Juniorky:<\/p>\n\n\n\n<p>1.Kopecky (LRTV Swift) 36:24, 2. Hlad\u00edkov\u00e1 (IVAR CS &#8211; Author Team) +19, 3. Rumacov\u00e1 (It.) +1:10.<\/p>\n\n\n\n<p>FOTO Ji\u0159\u00ed Hol\u00fd<\/p>\n\n\n\n<figure class=\"wp-block-image size-large\"><img loading=\"lazy\" decoding=\"async\" width=\"1024\" height=\"577\" src=\"https:\/\/www.czechcyclingfederation.com\/wp-content\/uploads\/2020\/09\/\u017eeny-_DSC4999-1024x577.jpg\" alt=\"\" class=\"wp-image-2367\" srcset=\"https:\/\/www.czechcyclingfederation.com\/wp-content\/uploads\/2020\/09\/\u017eeny-_DSC4999-1024x577.jpg 1024w, https:\/\/www.czechcyclingfederation.com\/wp-content\/uploads\/2020\/09\/\u017eeny-_DSC4999-300x169.jpg 300w, https:\/\/www.czechcyclingfederation.com\/wp-content\/uploads\/2020\/09\/\u017eeny-_DSC4999-768x433.jpg 768w, https:\/\/www.czechcyclingfederation.com\/wp-content\/uploads\/2020\/09\/\u017eeny-_DSC4999-1536x865.jpg 1536w, https:\/\/www.czechcyclingfederation.com\/wp-content\/uploads\/2020\/09\/\u017eeny-_DSC4999-2048x1154.jpg 2048w, https:\/\/www.czechcyclingfederation.com\/wp-content\/uploads\/2020\/09\/\u017eeny-_DSC4999-1320x744.jpg 1320w\" sizes=\"auto, (max-width: 1024px) 100vw, 1024px\" \/><\/figure>\n","protected":false},"excerpt":{"rendered":"<p>V hlavn\u00edm z\u00e1vod\u011b \u00favodn\u00edho d\u00edlu seri\u00e1lu Toi Toi Cupu v&nbsp;cyklokrou v&nbsp;Mlad\u00e9 Boleslavi zah\u00e1jil dom\u00e1c\u00ed sezonu v\u00edt\u011bzstv\u00edm Michael Boro\u0161 z \u010cEZ Cyklo Team T\u00e1bor, kdy\u017e za sebou nechal celou velice kvalitn\u00ed zahrani\u010dn\u00ed konkurenci. Mezi \u017eenami kralovala Italka Sara Casasolov\u00e1, na\u0161e Pavla Havl\u00edkov\u00e1 (KC Kooperativa Jablonec nad Nisou) skon\u010dila \u010dtvrt\u00e1. Ani p\u0159i z\u00e1vod\u011b mu\u017e\u016f d\u00e9\u0161\u0165 neustal, tak\u017ee [&hellip;]<\/p>\n","protected":false},"author":8,"featured_media":2366,"comment_status":"closed","ping_status":"open","sticky":false,"template":"","format":"standard","meta":{"footnotes":""},"categories":[58,2,46],"tags":[59],"class_list":["post-2365","post","type-post","status-publish","format-standard","has-post-thumbnail","hentry","category-cyklokros","category-novinky","category-novinky-sportovni-centra","tag-cyklokros"],"_links":{"self":[{"href":"https:\/\/www.czechcyclingfederation.com\/en\/wp-json\/wp\/v2\/posts\/2365","targetHints":{"allow":["GET"]}}],"collection":[{"href":"https:\/\/www.czechcyclingfederation.com\/en\/wp-json\/wp\/v2\/posts"}],"about":[{"href":"https:\/\/www.czechcyclingfederation.com\/en\/wp-json\/wp\/v2\/types\/post"}],"author":[{"embeddable":true,"href":"https:\/\/www.czechcyclingfederation.com\/en\/wp-json\/wp\/v2\/users\/8"}],"replies":[{"embeddable":true,"href":"https:\/\/www.czechcyclingfederation.com\/en\/wp-json\/wp\/v2\/comments?post=2365"}],"version-history":[{"count":2,"href":"https:\/\/www.czechcyclingfederation.com\/en\/wp-json\/wp\/v2\/posts\/2365\/revisions"}],"predecessor-version":[{"id":2413,"href":"https:\/\/www.czechcyclingfederation.com\/en\/wp-json\/wp\/v2\/posts\/2365\/revisions\/2413"}],"wp:featuredmedia":[{"embeddable":true,"href":"https:\/\/www.czechcyclingfederation.com\/en\/wp-json\/wp\/v2\/media\/2366"}],"wp:attachment":[{"href":"https:\/\/www.czechcyclingfederation.com\/en\/wp-json\/wp\/v2\/media?parent=2365"}],"wp:term":[{"taxonomy":"category","embeddable":true,"href":"https:\/\/www.czechcyclingfederation.com\/en\/wp-json\/wp\/v2\/categories?post=2365"},{"taxonomy":"post_tag","embeddable":true,"href":"https:\/\/www.czechcyclingfederation.com\/en\/wp-json\/wp\/v2\/tags?post=2365"}],"curies":[{"name":"wp","href":"https:\/\/api.w.org\/{rel}","templated":true}]}}