{"id":2341,"date":"2020-09-22T14:50:37","date_gmt":"2020-09-22T12:50:37","guid":{"rendered":"http:\/\/www.czechcyclingfederation.com\/?p=2341"},"modified":"2020-09-22T14:50:37","modified_gmt":"2020-09-22T12:50:37","slug":"v-mlade-boleslavi-startuje-toi-toi-cup","status":"publish","type":"post","link":"https:\/\/www.czechcyclingfederation.com\/en\/v-mlade-boleslavi-startuje-toi-toi-cup\/","title":{"rendered":"V Mlad\u00e9 Boleslavi startuje Toi Toi Cup"},"content":{"rendered":"\n<p>V sobotu v Mlad\u00e9 Boleslavi, o den pozd\u011bji na Hol\u00fdch Vr\u0161\u00edch se rozto\u010d\u00ed cyklokrosov\u00fd seri\u00e1l Toi Toi Cupu. Stejn\u011b jako v minul\u00e9m ro\u010dn\u00edku bude \u010d\u00edtat sedm z\u00e1vod\u016f a vyvrchol\u00ed v Kol\u00edn\u011b 12. prosince, o mistrovsk\u00e9 tituly se bude pak bojovat 9. ledna v Jabkenic\u00edch. V\u0161echny z\u00e1vody Toi Toi Cupu jsou za\u0159azen\u00e9 do kategorie C2.<\/p>\n\n\n\n<p>Sout\u011b\u017ei prop\u016fj\u010dila spole\u010dnost Toi Toi sv\u016fj n\u00e1zev ji\u017e po \u010dtrn\u00e1ct\u00e9 a seri\u00e1l op\u011bt p\u0159in\u00e1\u0161\u00ed n\u011bco nov\u00e9ho, v leto\u0161n\u00edm ro\u010dn\u00edku roz\u0161i\u0159uje po\u010det z\u00e1vodn\u00edch kategori\u00ed o mlad\u0161\u00ed \u017e\u00e1ky, mlad\u0161\u00ed \u017e\u00e1kyn\u011b, star\u0161\u00ed \u017e\u00e1kyn\u011b a juniorky, tedy o poh\u00e1r se pojede v deseti kategori\u00edch. Nav\u00edc se budou samostatn\u011b vyhla\u0161ovat t\u0159i nejlep\u0161\u00ed jezdci a \u017eeny kategori\u00ed U23.<\/p>\n\n\n\n<p>\u201ePo \u0161patn\u00fdch v\u00fdsledc\u00edch na MS jsme p\u0159em\u00fd\u0161leli jak po organiza\u010dn\u00ed i sportovn\u00ed str\u00e1nce se dostat tam, kde jsme byli d\u0159\u00edve, kdy\u017e jsme vozili medaile. Od jara je cyklokrosov\u00e1 komise neb\u00fdvale aktivn\u00ed, tolik setk\u00e1n\u00ed a videokonferenc\u00ed jsme dlouho nem\u011bli. Podpo\u0159\u00edme hlavn\u011b z\u00e1vody juniorek, tam vid\u00edme velk\u00fd potenci\u00e1l k medail\u00edm,\u201c \u0159ekl p\u0159edseda komise cyklokrosu \u010cSC Petr Balogh.<\/p>\n\n\n\n<p>\u201eV\u011bt\u0161inu ze z\u00e1vod\u016f uvid\u00edme v p\u0159\u00edm\u00fdch televizn\u00edch p\u0159enosech, tak tomu m\u011blo b\u00fdt i v p\u0159\u00edpad\u011b prvn\u00edho v Mlad\u00e9 Boleslavi, ale do tohoto term\u00ednu se p\u0159esunulo silni\u010dn\u00ed MS, tak\u017ee budeme m\u00edt vstupy ze z\u00e1vodu \u017een a ve 20:30 osmdes\u00e1t minut z\u00e1znamu. I z dal\u0161\u00edch z\u00e1vod\u016f se m\u016f\u017eeme t\u011b\u0161it na p\u016flhodinov\u00e9 z\u00e1znamy. D\u00e1 se \u0159\u00edci, \u017ee cyklokros je op\u011bt televizn\u00ed sport,\u201c \u0159\u00edk\u00e1 v tomto sm\u011bru spokojen\u00fd Balogh.<\/p>\n\n\n\n<p>Balogh zbilancoval i zaj\u00edmav\u00e1 \u010d\u00edsla z lo\u0148sk\u00e9 sezony. Na podnic\u00edch Toi Toi Cupu startovalo 2700 jezdc\u016f ze 14 st\u00e1t\u016f. \u201eV hlav\u00e1ch m\u00e1me ji\u017e i MS 2024 v T\u00e1bo\u0159e. V\u011b\u0159\u00edme, \u017ee se poda\u0159\u00ed nastartovat generaci, kter\u00e1 ji\u017e na tomto MS usp\u011bje, usilovn\u011b na tom pracujeme. To sam\u00e9 plat\u00ed sm\u011brem k z\u00e1vodu SP, kter\u00fd se pojede 15. listopadu v T\u00e1bo\u0159e. V\u011b\u0159\u00edme, \u017ee se nestane nic, pro\u010d bychom jet nemohli. A na\u0161\u00ed snahou je jet z\u00e1vody za ka\u017edou cenu i kdybychom to museli d\u011blat bez div\u00e1k\u016f,\u201c dodal Balogh.<\/p>\n\n\n\n<p>Prezident \u010cesk\u00e9ho vazu cyklistiky Petr Marek zd\u016fraznil, \u017ee cyklokros m\u00e1 stabiln\u011b v rodin\u011b cyklistick\u00fdch odv\u011btv\u00ed v \u010cSC velmi dobr\u00e9 postaven\u00ed. \u201eVn\u00edm\u00e1me jej jako jednu ze st\u011b\u017eejn\u00edch discipl\u00edn, po\u0159adatel\u00e9 d\u011blaj\u00ed z\u00e1vody n\u00e1rodn\u00ed i mezin\u00e1rodn\u00ed na velmi vysok\u00e9 \u00farovni a z\u00e1rove\u0148 jezdci p\u0159in\u00e1\u0161ej\u00ed v\u00fdsledky,\u201c \u0159ekl Marek.<\/p>\n\n\n\n<p>Organiza\u010dn\u00edmu t\u00fdmu z\u00e1vodu v Mlad\u00e9 Boleslavi dlouhodob\u011b vel\u00ed Anton\u00edn Ungerman. \u201eZa sou\u010dasn\u00fdch hygienick\u00fdch podm\u00ednek jsou to po\u0159\u00e1dn\u00e9 stresy. Pojede se na trati, kde se bojovalo o medaile p\u0159i ME 2013 a na mistrovstv\u00ed \u010cR o p\u011bt let pozd\u011bji. Okruh je rovinat\u00fd, ale kdy\u017e zapr\u0161\u00ed tak p\u011bkn\u011b t\u011b\u017ek\u00fd. P\u0159ihl\u00e1\u0161eno je ji\u017e nyn\u00ed 370 z\u00e1vodn\u00edk\u016f ze 13 zem\u00ed. Prvn\u00ed vyjedou na tra\u0165 kadetky v 9:40, hlavn\u00ed kategorie odstartuj\u00ed ve 13:25 (\u017eeny) a ve 14:35 (mu\u017ei). Pros\u00edme div\u00e1ky aby d\u016fsledn\u011b dbali bezpe\u010dnostn\u00edch opat\u0159en\u00ed a k trati p\u0159i\u0161li nejl\u00e9pe s rou\u0161kami,\u201c zd\u016fraznil Ungerman.<\/p>\n\n\n\n<p>Na z\u00e1jem zahrani\u010dn\u00edch jezdc\u016f upozornil i reprezenta\u010dn\u00ed kou\u010d Petr Dlask. \u201eO na\u0161e z\u00e1vody je v cizin\u011b z\u00e1jem nejen pro elitn\u00ed kategorie, ale pro ml\u00e1de\u017enick\u00e9. P\u0159ihl\u00e1\u0161eno je 77 cizinc\u016f a mezi nimi nap\u0159\u00edklad Francouzka Marion Norbert Riborolleov\u00e1, \u00fa\u0159aduj\u00edc\u00ed mistryn\u011b sv\u011bta U23, nizozemsk\u00fd krosa\u0159 David van der Poel, jezdci z Francie, z It\u00e1lie p\u0159iveze z\u00e1vodn\u00edky b\u00fdval\u00fd mistr sv\u011bta Daniele Pontoni,\u201c \u0159ekl Petr Dlask.<\/p>\n\n\n\n<p>P\u0159\u00edpravu se sv\u00fdmi sv\u011b\u0159enci se sna\u017eil p\u0159es jaro hodn\u011b \u0159e\u0161it. \u201eNen\u00ed n\u00e1m sou\u010dasn\u00e1 situace lhostejn\u00e1, proto v\u00edt\u00e1m, \u017ee do Toi Toi Cupu se za\u010dlenilo v\u00edce kategori\u00ed. Ur\u010dit\u011b to bude zpest\u0159en\u00ed, z\u00e1vodn\u00edky to bude posouvat. Dva na\u0161i nejlep\u0161\u00ed Emil Heleke a Michael Boro\u0161 s n\u00e1mi absolvovali soust\u0159ed\u011bn\u00ed v z\u00e1\u0159\u00ed v B\u011bl\u00e9 pod Bezd\u011bzem, kde se tr\u00e9novalo na p\u00edsku, tedy na trat\u00edch na nich\u017e se pojede ME&nbsp; v nizozemsk\u00e9m Romalenu (7. a 8. listopadu) i mistrovstv\u00ed sv\u011bta v belgick\u00e9m&nbsp; Ostende 30. \u2013 31. ledna. Cel\u00e1 skupina t\u00e1hne spolu a tr\u00e9ninky byly hodn\u011b zaj\u00edmav\u00e9,\u201c \u0159ekl Petr Dlask, kter\u00fd lituje, \u017ee se\u0161lo z pl\u00e1novan\u00fdch v\u00fdjezd\u016f na krit\u00e9ria do Belgie, ale radost mu ud\u011blala obhajoba t\u00fdmov\u00e9ho v\u00edt\u011bzstv\u00ed mlad\u00fdch cyklokrosa\u0159\u016f na mezin\u00e1rodn\u00edm silni\u010dn\u00edm kl\u00e1n\u00ed Regionem Orlicka Lan\u0161kroun 2020.&nbsp;&nbsp;<\/p>\n\n\n\n<p>Po zru\u0161en\u00ed z\u00e1vod\u016f Sv\u011btov\u00e9ho poh\u00e1ru v USA a Irsku, tak prvn\u00ed spole\u010dnou reprezenta\u010dn\u00ed akc\u00ed mlad\u00fdch cyklokrosa\u0159\u016f bude zm\u00edn\u011bn\u00e9 ME v Rosmalenu, hned pot\u00e9 n\u00e1sleduje SP v T\u00e1bo\u0159e. \u201ePro reprezentanty je tak vrchol hned na za\u010d\u00e1tku sezony. Pot\u00e9 n\u00e1sleduje SP v Besanconu, ale mlad\u00ed jezdci maj\u00ed bohu\u017eel pouze \u010dty\u0159i z\u00e1vody, proto budeme r\u00e1di za ka\u017ed\u00fd start,\u201c pokra\u010doval Dlask.<\/p>\n\n\n\n<p>S prvn\u00ed sezonou po n\u00e1vratu z Belgie rozhodn\u011b na \u010desk\u00fdch okruz\u00edch nebyl spokojen Michael Boro\u0161. \u201eBohu\u017eel moc \u00fasp\u011b\u0161n\u00e1 nebyla, naopak byla jedna z nejhor\u0161\u00edch. P\u0159es l\u00e9to jsem toho hodn\u011b ud\u011blal, za sebou m\u00e1m ji\u017e i prvn\u00ed velk\u00fd z\u00e1vod ve \u0161v\u00fdcarsk\u00e9m Badenu.\u201c K prvn\u00edmu reprezenta\u010dn\u00edmu soust\u0159ed\u011bn\u00ed dodal. \u201eJ\u00e1 si mysl\u00edm, \u017ee pro v\u0161echny to bylo pozitivn\u00ed hlavn\u011b tr\u00e9ninkem na p\u00edsku, kter\u00fd se u n\u00e1s t\u011b\u017eko hled\u00e1. V\u0161echny to bavilo a douf\u00e1m, \u017ee to pom\u016f\u017ee. A kde bych se cht\u011bl pohybovat. Chci se znovu poprat o prvenstv\u00ed v Toi Toi Cup a zabojovat o mistrovsk\u00fd titul. Na mezin\u00e1rodn\u00ed sc\u00e9n\u011b bych se cht\u011bl dostat tam, kde jsem se pohyboval d\u0159\u00edve, tedy kolem des\u00edtky.\u201c<\/p>\n\n\n\n<p>Kalend\u00e1\u0159 Toi Toi Cupu:<\/p>\n\n\n\n<p>26. z\u00e1\u0159\u00ed: Mlad\u00e1 Boleslav,<\/p>\n\n\n\n<p>27. z\u00e1\u0159\u00ed: Hol\u00e9 Vrchy,<\/p>\n\n\n\n<p>17. \u0159\u00edjna: Hlinsko,<\/p>\n\n\n\n<p>28. \u0159\u00edjna: Ji\u010d\u00edn,<\/p>\n\n\n\n<p>17. listopadu: R\u00fdma\u0159ov,<\/p>\n\n\n\n<p>5. prosince: \u010c\u00e1slav,<\/p>\n\n\n\n<p>12. prosince: Kol\u00edn.<\/p>\n\n\n\n<p>Mistrovstv\u00ed \u010cR:<\/p>\n\n\n\n<p>9. ledna 2021: Jabkenice (nen\u00ed sou\u010d\u00e1st\u00ed \u010cP).<\/p>\n\n\n\n<p>FOTO Agentura cyklistika<\/p>\n\n\n\n<figure class=\"wp-block-image size-large\"><img loading=\"lazy\" decoding=\"async\" width=\"1000\" height=\"563\" src=\"https:\/\/www.czechcyclingfederation.com\/wp-content\/uploads\/2020\/09\/IMG_20200922_102953.jpg\" alt=\"\" class=\"wp-image-2343\" srcset=\"https:\/\/www.czechcyclingfederation.com\/wp-content\/uploads\/2020\/09\/IMG_20200922_102953.jpg 1000w, https:\/\/www.czechcyclingfederation.com\/wp-content\/uploads\/2020\/09\/IMG_20200922_102953-300x169.jpg 300w, https:\/\/www.czechcyclingfederation.com\/wp-content\/uploads\/2020\/09\/IMG_20200922_102953-768x432.jpg 768w\" sizes=\"auto, (max-width: 1000px) 100vw, 1000px\" \/><\/figure>\n","protected":false},"excerpt":{"rendered":"<p>V sobotu v Mlad\u00e9 Boleslavi, o den pozd\u011bji na Hol\u00fdch Vr\u0161\u00edch se rozto\u010d\u00ed cyklokrosov\u00fd seri\u00e1l Toi Toi Cupu. Stejn\u011b jako v minul\u00e9m ro\u010dn\u00edku bude \u010d\u00edtat sedm z\u00e1vod\u016f a vyvrchol\u00ed v Kol\u00edn\u011b 12. prosince, o mistrovsk\u00e9 tituly se bude pak bojovat 9. ledna v Jabkenic\u00edch. V\u0161echny z\u00e1vody Toi Toi Cupu jsou za\u0159azen\u00e9 do kategorie C2. Sout\u011b\u017ei [&hellip;]<\/p>\n","protected":false},"author":8,"featured_media":2342,"comment_status":"closed","ping_status":"open","sticky":false,"template":"","format":"standard","meta":{"footnotes":""},"categories":[58,2],"tags":[59],"class_list":["post-2341","post","type-post","status-publish","format-standard","has-post-thumbnail","hentry","category-cyklokros","category-novinky","tag-cyklokros"],"_links":{"self":[{"href":"https:\/\/www.czechcyclingfederation.com\/en\/wp-json\/wp\/v2\/posts\/2341","targetHints":{"allow":["GET"]}}],"collection":[{"href":"https:\/\/www.czechcyclingfederation.com\/en\/wp-json\/wp\/v2\/posts"}],"about":[{"href":"https:\/\/www.czechcyclingfederation.com\/en\/wp-json\/wp\/v2\/types\/post"}],"author":[{"embeddable":true,"href":"https:\/\/www.czechcyclingfederation.com\/en\/wp-json\/wp\/v2\/users\/8"}],"replies":[{"embeddable":true,"href":"https:\/\/www.czechcyclingfederation.com\/en\/wp-json\/wp\/v2\/comments?post=2341"}],"version-history":[{"count":1,"href":"https:\/\/www.czechcyclingfederation.com\/en\/wp-json\/wp\/v2\/posts\/2341\/revisions"}],"predecessor-version":[{"id":2344,"href":"https:\/\/www.czechcyclingfederation.com\/en\/wp-json\/wp\/v2\/posts\/2341\/revisions\/2344"}],"wp:featuredmedia":[{"embeddable":true,"href":"https:\/\/www.czechcyclingfederation.com\/en\/wp-json\/wp\/v2\/media\/2342"}],"wp:attachment":[{"href":"https:\/\/www.czechcyclingfederation.com\/en\/wp-json\/wp\/v2\/media?parent=2341"}],"wp:term":[{"taxonomy":"category","embeddable":true,"href":"https:\/\/www.czechcyclingfederation.com\/en\/wp-json\/wp\/v2\/categories?post=2341"},{"taxonomy":"post_tag","embeddable":true,"href":"https:\/\/www.czechcyclingfederation.com\/en\/wp-json\/wp\/v2\/tags?post=2341"}],"curies":[{"name":"wp","href":"https:\/\/api.w.org\/{rel}","templated":true}]}}