{"id":2328,"date":"2020-09-21T10:59:01","date_gmt":"2020-09-21T08:59:01","guid":{"rendered":"http:\/\/www.czechcyclingfederation.com\/?p=2328"},"modified":"2020-09-21T11:16:41","modified_gmt":"2020-09-21T09:16:41","slug":"csc-hleda-poradatele-ankety-kral-cyklistiky-2020","status":"publish","type":"post","link":"https:\/\/www.czechcyclingfederation.com\/en\/csc-hleda-poradatele-ankety-kral-cyklistiky-2020\/","title":{"rendered":"\u010cSC hled\u00e1 po\u0159adatele slavnostn\u00edho ve\u010dera vyhl\u00e1\u0161en\u00ed ankety Kr\u00e1l cyklistiky 2020"},"content":{"rendered":"\n<p>Prezidium \u010cesk\u00e9ho svazu cyklistiky vyhla\u0161uje v\u00fdzvu pro z\u00e1jemce o po\u0159\u00e1d\u00e1n\u00ed slavnostn\u00edho ve\u010dera a vyhl\u00e1\u0161en\u00ed ankety Kr\u00e1l cyklistiky 2020.<\/p>\n\n\n\n<p>Krit\u00e9ria zad\u00e1n\u00ed:<\/p>\n\n\n\n<ul class=\"wp-block-list\"><li>term\u00edn slavnostn\u00edho ve\u010dera \u2013 3. t\u00fdden 2021<\/li><li>kapacita host\u016f ve\u010dera \u2013 250 &#8211; 300 osob<\/li><li>p\u0159edlo\u017een\u00ed dramaturgie ve\u010dera v&nbsp;d\u00e9lce 120 minut, zaji\u0161t\u011bn\u00ed nejl\u00e9pe p\u0159\u00edm\u00fd TV p\u0159enos hlavn\u00ed \u010d\u00e1sti slavnostn\u00edho ve\u010dera tzn. cca 60min.<\/li><li>prezentace partner\u016f \u010cSC. \/ \u0160koda auto, STRABAG, Kala\u0161\/<\/li><li>z\u00e1v\u011bre\u010dn\u00fd raut<\/li><\/ul>\n\n\n\n<p>Term\u00edn p\u0159edlo\u017een\u00ed p\u00edsemn\u00e9 nab\u00eddky k organizaci slavnostn\u00edho ve\u010dera Kr\u00e1l cyklistiky 2020 &nbsp;do 10.10.2020 na email&nbsp;<a rel=\"noreferrer noopener\" href=\"mailto:bemova@ceskysvazcyklistiky.cz\" target=\"_blank\">bemova@ceskysvazcyklistiky.cz<\/a><\/p>\n\n\n<div class=\"wp-block-file\">\r\n                <a target=\"_blank\" rel=\"noopener\" href=\"https:\/\/www.czechcyclingfederation.com\/wp-content\/uploads\/2020\/09\/Krit\u00e9ria-zad\u00e1n\u00ed-pro-po\u0159adatele-Kral-cyklistiky-2020.pdf\" class=\"wp-block-file__button wp-element-button\">\r\n                    <span class=\"wp-block-file__icon\"><\/span>\r\n                    Krit\u00e9ria-zad\u00e1n\u00ed-pro-po\u0159adatele-Kral-cyklistiky-2020\r\n                <\/a>\r\n            <\/div>\n\n\n<figure class=\"wp-block-image size-large\"><img loading=\"lazy\" decoding=\"async\" width=\"1000\" height=\"667\" src=\"http:\/\/www.czechcyclingfederation.com\/wp-content\/uploads\/2020\/09\/IMG_9535.jpg\" alt=\"\" class=\"wp-image-2330\" srcset=\"https:\/\/www.czechcyclingfederation.com\/wp-content\/uploads\/2020\/09\/IMG_9535.jpg 1000w, https:\/\/www.czechcyclingfederation.com\/wp-content\/uploads\/2020\/09\/IMG_9535-300x200.jpg 300w, https:\/\/www.czechcyclingfederation.com\/wp-content\/uploads\/2020\/09\/IMG_9535-768x512.jpg 768w\" sizes=\"auto, (max-width: 1000px) 100vw, 1000px\" \/><\/figure>\n","protected":false},"excerpt":{"rendered":"<p>Prezidium \u010cesk\u00e9ho svazu cyklistiky vyhla\u0161uje v\u00fdzvu pro z\u00e1jemce o po\u0159\u00e1d\u00e1n\u00ed slavnostn\u00edho ve\u010dera a vyhl\u00e1\u0161en\u00ed ankety Kr\u00e1l cyklistiky 2020. Krit\u00e9ria zad\u00e1n\u00ed: term\u00edn slavnostn\u00edho ve\u010dera \u2013 3. t\u00fdden 2021 kapacita host\u016f ve\u010dera \u2013 250 &#8211; 300 osob p\u0159edlo\u017een\u00ed dramaturgie ve\u010dera v&nbsp;d\u00e9lce 120 minut, zaji\u0161t\u011bn\u00ed nejl\u00e9pe p\u0159\u00edm\u00fd TV p\u0159enos hlavn\u00ed \u010d\u00e1sti slavnostn\u00edho ve\u010dera tzn. cca 60min. prezentace partner\u016f [&hellip;]<\/p>\n","protected":false},"author":3,"featured_media":461,"comment_status":"closed","ping_status":"open","sticky":false,"template":"","format":"standard","meta":{"footnotes":""},"categories":[28,2],"tags":[119],"class_list":["post-2328","post","type-post","status-publish","format-standard","has-post-thumbnail","hentry","category-cesky-svaz-cyklistiky","category-novinky","tag-csc"],"_links":{"self":[{"href":"https:\/\/www.czechcyclingfederation.com\/en\/wp-json\/wp\/v2\/posts\/2328","targetHints":{"allow":["GET"]}}],"collection":[{"href":"https:\/\/www.czechcyclingfederation.com\/en\/wp-json\/wp\/v2\/posts"}],"about":[{"href":"https:\/\/www.czechcyclingfederation.com\/en\/wp-json\/wp\/v2\/types\/post"}],"author":[{"embeddable":true,"href":"https:\/\/www.czechcyclingfederation.com\/en\/wp-json\/wp\/v2\/users\/3"}],"replies":[{"embeddable":true,"href":"https:\/\/www.czechcyclingfederation.com\/en\/wp-json\/wp\/v2\/comments?post=2328"}],"version-history":[{"count":2,"href":"https:\/\/www.czechcyclingfederation.com\/en\/wp-json\/wp\/v2\/posts\/2328\/revisions"}],"predecessor-version":[{"id":2333,"href":"https:\/\/www.czechcyclingfederation.com\/en\/wp-json\/wp\/v2\/posts\/2328\/revisions\/2333"}],"wp:featuredmedia":[{"embeddable":true,"href":"https:\/\/www.czechcyclingfederation.com\/en\/wp-json\/wp\/v2\/media\/461"}],"wp:attachment":[{"href":"https:\/\/www.czechcyclingfederation.com\/en\/wp-json\/wp\/v2\/media?parent=2328"}],"wp:term":[{"taxonomy":"category","embeddable":true,"href":"https:\/\/www.czechcyclingfederation.com\/en\/wp-json\/wp\/v2\/categories?post=2328"},{"taxonomy":"post_tag","embeddable":true,"href":"https:\/\/www.czechcyclingfederation.com\/en\/wp-json\/wp\/v2\/tags?post=2328"}],"curies":[{"name":"wp","href":"https:\/\/api.w.org\/{rel}","templated":true}]}}