{"id":2316,"date":"2020-09-21T08:50:51","date_gmt":"2020-09-21T06:50:51","guid":{"rendered":"http:\/\/www.czechcyclingfederation.com\/?p=2316"},"modified":"2020-09-21T11:08:31","modified_gmt":"2020-09-21T09:08:31","slug":"adel-a-pichlikova-vitezi-kross-harrachov","status":"publish","type":"post","link":"https:\/\/www.czechcyclingfederation.com\/en\/adel-a-pichlikova-vitezi-kross-harrachov\/","title":{"rendered":"Adel a Pichl\u00edkov\u00e1 v\u00edt\u011bzi Kross Harrachov!"},"content":{"rendered":"\n<p><strong>Osm\u00fd d\u00edl seri\u00e1lu NOVA CUP a sou\u010dasn\u011b z\u00e1v\u011bre\u010dn\u00fd z\u00e1vod \u0160KODA AUTO \u010cesk\u00fd poh\u00e1r horsk\u00fdch kol v maratonu Kross Harrachov ovl\u00e1dli Filip Adel a Jana Pichl\u00edkov\u00e1.<\/strong><\/p>\n\n\n\n<div class=\"wp-block-image\"><figure class=\"aligncenter size-large\"><img loading=\"lazy\" decoding=\"async\" width=\"1024\" height=\"682\" src=\"https:\/\/www.czechcyclingfederation.com\/wp-content\/uploads\/2020\/09\/119967251_2748121448779679_7420031789480258170_o-1-1024x682.jpg\" alt=\"\" class=\"wp-image-2325\" srcset=\"https:\/\/www.czechcyclingfederation.com\/wp-content\/uploads\/2020\/09\/119967251_2748121448779679_7420031789480258170_o-1-1024x682.jpg 1024w, https:\/\/www.czechcyclingfederation.com\/wp-content\/uploads\/2020\/09\/119967251_2748121448779679_7420031789480258170_o-1-300x200.jpg 300w, https:\/\/www.czechcyclingfederation.com\/wp-content\/uploads\/2020\/09\/119967251_2748121448779679_7420031789480258170_o-1-768x512.jpg 768w, https:\/\/www.czechcyclingfederation.com\/wp-content\/uploads\/2020\/09\/119967251_2748121448779679_7420031789480258170_o-1-1536x1024.jpg 1536w, https:\/\/www.czechcyclingfederation.com\/wp-content\/uploads\/2020\/09\/119967251_2748121448779679_7420031789480258170_o-1-1320x880.jpg 1320w, https:\/\/www.czechcyclingfederation.com\/wp-content\/uploads\/2020\/09\/119967251_2748121448779679_7420031789480258170_o-1.jpg 1994w\" sizes=\"auto, (max-width: 1024px) 100vw, 1024px\" \/><\/figure><\/div>\n\n\n\n<p>\u010ctvrt\u00e9 v\u00edt\u011bzstv\u00ed v Harrachov\u011b si p\u0159ipsal na t\u00e9to trati neporaziteln\u00fd Filip Adel (Superior Velsbike).&nbsp;<\/p>\n\n\n\n<div class=\"wp-block-image\"><figure class=\"aligncenter size-large\"><img loading=\"lazy\" decoding=\"async\" width=\"1024\" height=\"799\" src=\"http:\/\/www.czechcyclingfederation.com\/wp-content\/uploads\/2020\/09\/120013548_2748121078779716_624056711763645357_o-1024x799.jpg\" alt=\"\" class=\"wp-image-2321\" srcset=\"https:\/\/www.czechcyclingfederation.com\/wp-content\/uploads\/2020\/09\/120013548_2748121078779716_624056711763645357_o-1024x799.jpg 1024w, https:\/\/www.czechcyclingfederation.com\/wp-content\/uploads\/2020\/09\/120013548_2748121078779716_624056711763645357_o-256x200.jpg 256w, https:\/\/www.czechcyclingfederation.com\/wp-content\/uploads\/2020\/09\/120013548_2748121078779716_624056711763645357_o-768x599.jpg 768w, https:\/\/www.czechcyclingfederation.com\/wp-content\/uploads\/2020\/09\/120013548_2748121078779716_624056711763645357_o-1320x1030.jpg 1320w, https:\/\/www.czechcyclingfederation.com\/wp-content\/uploads\/2020\/09\/120013548_2748121078779716_624056711763645357_o.jpg 1329w\" sizes=\"auto, (max-width: 1024px) 100vw, 1024px\" \/><\/figure><\/div>\n\n\n\n<p>V sobotn\u00edm z\u00e1vod\u011b zdolal jako prvn\u00ed nejn\u00e1ro\u010dn\u011bj\u0161\u00ed trasu o d\u00e9lce 125 kilometr\u016f s p\u0159ev\u00fd\u0161en\u00edm p\u0159es 4.000 v\u00fd\u0161kov\u00fdch metr\u016f za 5 hodin a 53 minut. P\u0159esto\u017ee jeho \u00favod neza\u010dal na trase Corny j\u00edzda dle p\u0159edstav, kdy\u017e po brzk\u00e9m chladn\u00e9m startu v 7:00 a p\u00e1r \u00favodn\u00edch kilometrech \u0159e\u0161il defekt zadn\u00edho kola, kdy ztratil na \u010delo z\u00e1vodu v\u00edce jak \u010dty\u0159i minuty, dok\u00e1zal d\u00edky skv\u011bl\u00e9 form\u011b a znalosti trati v Krkono\u0161sk\u00e9m n\u00e1rodn\u00edm parku nemalou ztr\u00e1tu v pr\u016fb\u011bhu z\u00e1vodu dohnat. <\/p>\n\n\n\n<div class=\"wp-block-image\"><figure class=\"aligncenter size-large\"><img loading=\"lazy\" decoding=\"async\" width=\"1024\" height=\"682\" src=\"http:\/\/www.czechcyclingfederation.com\/wp-content\/uploads\/2020\/09\/119931594_2748120348779789_77663488989498848_o-1024x682.jpg\" alt=\"\" class=\"wp-image-2319\" srcset=\"https:\/\/www.czechcyclingfederation.com\/wp-content\/uploads\/2020\/09\/119931594_2748120348779789_77663488989498848_o-1024x682.jpg 1024w, https:\/\/www.czechcyclingfederation.com\/wp-content\/uploads\/2020\/09\/119931594_2748120348779789_77663488989498848_o-300x200.jpg 300w, https:\/\/www.czechcyclingfederation.com\/wp-content\/uploads\/2020\/09\/119931594_2748120348779789_77663488989498848_o-768x512.jpg 768w, https:\/\/www.czechcyclingfederation.com\/wp-content\/uploads\/2020\/09\/119931594_2748120348779789_77663488989498848_o-1536x1024.jpg 1536w, https:\/\/www.czechcyclingfederation.com\/wp-content\/uploads\/2020\/09\/119931594_2748120348779789_77663488989498848_o-1320x880.jpg 1320w, https:\/\/www.czechcyclingfederation.com\/wp-content\/uploads\/2020\/09\/119931594_2748120348779789_77663488989498848_o.jpg 1994w\" sizes=\"auto, (max-width: 1024px) 100vw, 1024px\" \/><\/figure><\/div>\n\n\n\n<p>V c\u00edli v biatlonov\u00e9m are\u00e1lu Na Kole\u010dku porazil o v\u00edce ne\u017e minutu Michala Kan\u011bru (Ghost Team) a Michala Bub\u00edlka (Kross Bike Ranch Team, +3:20).&nbsp;<\/p>\n\n\n\n<div class=\"wp-block-image\"><figure class=\"aligncenter size-large\"><img loading=\"lazy\" decoding=\"async\" width=\"682\" height=\"1024\" src=\"http:\/\/www.czechcyclingfederation.com\/wp-content\/uploads\/2020\/09\/119951874_2748124368779387_3355391259114539194_o-682x1024.jpg\" alt=\"\" class=\"wp-image-2320\" srcset=\"https:\/\/www.czechcyclingfederation.com\/wp-content\/uploads\/2020\/09\/119951874_2748124368779387_3355391259114539194_o-682x1024.jpg 682w, https:\/\/www.czechcyclingfederation.com\/wp-content\/uploads\/2020\/09\/119951874_2748124368779387_3355391259114539194_o-133x200.jpg 133w, https:\/\/www.czechcyclingfederation.com\/wp-content\/uploads\/2020\/09\/119951874_2748124368779387_3355391259114539194_o-768x1152.jpg 768w, https:\/\/www.czechcyclingfederation.com\/wp-content\/uploads\/2020\/09\/119951874_2748124368779387_3355391259114539194_o-1024x1536.jpg 1024w, https:\/\/www.czechcyclingfederation.com\/wp-content\/uploads\/2020\/09\/119951874_2748124368779387_3355391259114539194_o-1320x1980.jpg 1320w, https:\/\/www.czechcyclingfederation.com\/wp-content\/uploads\/2020\/09\/119951874_2748124368779387_3355391259114539194_o.jpg 1329w\" sizes=\"auto, (max-width: 682px) 100vw, 682px\" \/><\/figure><\/div>\n\n\n\n<p>Mezi \u017eenami si pro suver\u00e9nn\u00ed v\u00edt\u011bzstv\u00ed v \u010dase 6 hodin a 29 minut p\u0159ijela Jana Pichl\u00edkov\u00e1 (Kross Bike Ranch Team) s n\u00e1skokem p\u011bta\u010dty\u0159iceti minut na Nikol Fla\u0161arovou (Bike Hero) a Lenku Fridrichovou (Ghost Team).<\/p>\n\n\n\n<div class=\"wp-block-image\"><figure class=\"aligncenter size-large\"><img loading=\"lazy\" decoding=\"async\" width=\"1024\" height=\"682\" src=\"http:\/\/www.czechcyclingfederation.com\/wp-content\/uploads\/2020\/09\/119986439_2748124158779408_2078832696838853033_o-1024x682.jpg\" alt=\"\" class=\"wp-image-2318\" srcset=\"https:\/\/www.czechcyclingfederation.com\/wp-content\/uploads\/2020\/09\/119986439_2748124158779408_2078832696838853033_o-1024x682.jpg 1024w, https:\/\/www.czechcyclingfederation.com\/wp-content\/uploads\/2020\/09\/119986439_2748124158779408_2078832696838853033_o-300x200.jpg 300w, https:\/\/www.czechcyclingfederation.com\/wp-content\/uploads\/2020\/09\/119986439_2748124158779408_2078832696838853033_o-768x512.jpg 768w, https:\/\/www.czechcyclingfederation.com\/wp-content\/uploads\/2020\/09\/119986439_2748124158779408_2078832696838853033_o-1536x1024.jpg 1536w, https:\/\/www.czechcyclingfederation.com\/wp-content\/uploads\/2020\/09\/119986439_2748124158779408_2078832696838853033_o-1320x880.jpg 1320w, https:\/\/www.czechcyclingfederation.com\/wp-content\/uploads\/2020\/09\/119986439_2748124158779408_2078832696838853033_o.jpg 1994w\" sizes=\"auto, (max-width: 1024px) 100vw, 1024px\" \/><\/figure><\/div>\n\n\n\n<p>B\u00e9\u010dkovou tra\u0165 o d\u00e9lce 42 kilometr\u016f ovl\u00e1dli Adam L\u00e1vi\u010dka z Kross Bike Ranch team a Krist\u00fdna Pej\u0161ov\u00e1 z Ghost Team.<\/p>\n\n\n\n<p>Na trase Nova j\u00edzda se z v\u00edt\u011bzstv\u00ed radoval Jakub Tesa\u0159 (ACT lerak Blansko) a Zuzka Kr\u00e1tk\u00e1 v barv\u00e1ch t\u00fdmu Bike Freaks Holice.<\/p>\n\n\n\n<div class=\"wp-block-image\"><figure class=\"aligncenter size-large\"><img loading=\"lazy\" decoding=\"async\" width=\"1024\" height=\"682\" src=\"http:\/\/www.czechcyclingfederation.com\/wp-content\/uploads\/2020\/09\/119952781_2748121272113030_3751638414531373661_o-1024x682.jpg\" alt=\"\" class=\"wp-image-2317\" srcset=\"https:\/\/www.czechcyclingfederation.com\/wp-content\/uploads\/2020\/09\/119952781_2748121272113030_3751638414531373661_o-1024x682.jpg 1024w, https:\/\/www.czechcyclingfederation.com\/wp-content\/uploads\/2020\/09\/119952781_2748121272113030_3751638414531373661_o-300x200.jpg 300w, https:\/\/www.czechcyclingfederation.com\/wp-content\/uploads\/2020\/09\/119952781_2748121272113030_3751638414531373661_o-768x512.jpg 768w, https:\/\/www.czechcyclingfederation.com\/wp-content\/uploads\/2020\/09\/119952781_2748121272113030_3751638414531373661_o-1536x1024.jpg 1536w, https:\/\/www.czechcyclingfederation.com\/wp-content\/uploads\/2020\/09\/119952781_2748121272113030_3751638414531373661_o-1320x880.jpg 1320w, https:\/\/www.czechcyclingfederation.com\/wp-content\/uploads\/2020\/09\/119952781_2748121272113030_3751638414531373661_o.jpg 1994w\" sizes=\"auto, (max-width: 1024px) 100vw, 1024px\" \/><\/figure><\/div>\n\n\n\n<p>\u00da\u010dast na z\u00e1vod\u011b nevynechal hejtman Libereck\u00e9ho kraje Martin P\u016fta, ten slavnostn\u011b odstartoval z\u00e1vody d\u011bt\u00ed a prost\u0159edn\u00ed trasu na 42 kilometr\u016f.<\/p>\n\n\n\n<p>Seri\u00e1l NOVA CUP pokra\u010duje 28. z\u00e1\u0159\u00ed z\u00e1vodem Mitas Go\u010d\u00e1rovy schody a 3. \u0159\u00edjna vyhl\u00e1\u0161en\u00fdm z\u00e1vodem v Mikulov\u011b. 17. \u0159\u00edjna se pak uskute\u010dn\u00ed z\u00e1v\u011bre\u010dn\u00fd podnik Alpa Hradec Kr\u00e1lov\u00e9.<\/p>\n\n\n\n<ul class=\"wp-block-list\"><li><a rel=\"noreferrer noopener\" href=\"https:\/\/results.onlinesystem.cz\/ResultsOverall\/Index\/1973\" target=\"_blank\"><strong>Kompletn\u00ed v\u00fdsledky z\u00e1vodu Kross Harrachov &#8211; 19. 9. 2020<\/strong><\/a><\/li><li><a rel=\"noreferrer noopener\" href=\"http:\/\/www.novacup.cz\/gocarovyschody20\" target=\"_blank\">Informace Mitas Go\u010d\u00e1rovy schody &#8211; 28. 9. 2020<\/a><\/li><li><a rel=\"noreferrer noopener\" href=\"http:\/\/www.novacup.cz\/mikulov20\/\" target=\"_blank\">Informace Mikulov &#8211; 3. 10. 2020<\/a><\/li><li><a rel=\"noreferrer noopener\" href=\"http:\/\/www.novacup.cz\/hradec20\/\" target=\"_blank\">Informace Alpa Hradec Kr\u00e1lov\u00e9 &#8211; 17. 10. 2020<\/a><\/li><\/ul>\n\n\n\n<p><em>Zdroj: TZ NOVA CUP, Foto: Ond\u0159ej Littera<\/em><\/p>\n","protected":false},"excerpt":{"rendered":"<p>Osm\u00fd d\u00edl seri\u00e1lu NOVA CUP a sou\u010dasn\u011b z\u00e1v\u011bre\u010dn\u00fd z\u00e1vod \u0160KODA AUTO \u010cesk\u00fd poh\u00e1r horsk\u00fdch kol v maratonu Kross Harrachov ovl\u00e1dli Filip Adel a Jana Pichl\u00edkov\u00e1. \u010ctvrt\u00e9 v\u00edt\u011bzstv\u00ed v Harrachov\u011b si p\u0159ipsal na t\u00e9to trati neporaziteln\u00fd Filip Adel (Superior Velsbike).&nbsp; V sobotn\u00edm z\u00e1vod\u011b zdolal jako prvn\u00ed nejn\u00e1ro\u010dn\u011bj\u0161\u00ed trasu o d\u00e9lce 125 kilometr\u016f s p\u0159ev\u00fd\u0161en\u00edm p\u0159es 4.000 [&hellip;]<\/p>\n","protected":false},"author":9,"featured_media":2323,"comment_status":"closed","ping_status":"open","sticky":false,"template":"","format":"standard","meta":{"footnotes":""},"categories":[6,2],"tags":[],"class_list":["post-2316","post","type-post","status-publish","format-standard","has-post-thumbnail","hentry","category-mtb","category-novinky"],"_links":{"self":[{"href":"https:\/\/www.czechcyclingfederation.com\/en\/wp-json\/wp\/v2\/posts\/2316","targetHints":{"allow":["GET"]}}],"collection":[{"href":"https:\/\/www.czechcyclingfederation.com\/en\/wp-json\/wp\/v2\/posts"}],"about":[{"href":"https:\/\/www.czechcyclingfederation.com\/en\/wp-json\/wp\/v2\/types\/post"}],"author":[{"embeddable":true,"href":"https:\/\/www.czechcyclingfederation.com\/en\/wp-json\/wp\/v2\/users\/9"}],"replies":[{"embeddable":true,"href":"https:\/\/www.czechcyclingfederation.com\/en\/wp-json\/wp\/v2\/comments?post=2316"}],"version-history":[{"count":2,"href":"https:\/\/www.czechcyclingfederation.com\/en\/wp-json\/wp\/v2\/posts\/2316\/revisions"}],"predecessor-version":[{"id":2327,"href":"https:\/\/www.czechcyclingfederation.com\/en\/wp-json\/wp\/v2\/posts\/2316\/revisions\/2327"}],"wp:featuredmedia":[{"embeddable":true,"href":"https:\/\/www.czechcyclingfederation.com\/en\/wp-json\/wp\/v2\/media\/2323"}],"wp:attachment":[{"href":"https:\/\/www.czechcyclingfederation.com\/en\/wp-json\/wp\/v2\/media?parent=2316"}],"wp:term":[{"taxonomy":"category","embeddable":true,"href":"https:\/\/www.czechcyclingfederation.com\/en\/wp-json\/wp\/v2\/categories?post=2316"},{"taxonomy":"post_tag","embeddable":true,"href":"https:\/\/www.czechcyclingfederation.com\/en\/wp-json\/wp\/v2\/tags?post=2316"}],"curies":[{"name":"wp","href":"https:\/\/api.w.org\/{rel}","templated":true}]}}