{"id":2297,"date":"2020-09-16T10:55:46","date_gmt":"2020-09-16T08:55:46","guid":{"rendered":"http:\/\/www.czechcyclingfederation.com\/?p=2297"},"modified":"2020-09-16T10:55:46","modified_gmt":"2020-09-16T08:55:46","slug":"grand-prix-inkomo-v-plzni-vyhral-michal-boros","status":"publish","type":"post","link":"https:\/\/www.czechcyclingfederation.com\/en\/grand-prix-inkomo-v-plzni-vyhral-michal-boros\/","title":{"rendered":"Grand Prix INKOMO v Plzni vyhr\u00e1l Michal Boro\u0161"},"content":{"rendered":"\n<p><\/p>\n\n\n\n<p>P\u00e1t\u00fd a z\u00e1rove\u0148 fin\u00e1lov\u00fd d\u00edl Giant ligy v Plzni na Rapidu se jel op\u011bt za p\u011bkn\u00e9ho letn\u00edho po\u010das\u00ed a div\u00e1ci i z\u00e1vodn\u00edci si tak mohli dop\u0159\u00e1t h\u0159ejiv\u00e9 paprsky z\u00e1\u0159ijov\u00e9ho slun\u00ed\u010dka. A ty nejv\u00edce vyhovovaly Michaelu Boro\u0161ovi (\u010cEZ Cyklo Team T\u00e1bor), kter\u00fd nasb\u00edral 31 bod\u016f a Petru Kelemenovi (CCC Sprandy) s 22 body. T\u0159et\u00ed skon\u010dil se 17 body Martin Boubal (CT Weber).<\/p>\n\n\n\n<p>Z\u00e1vod se jel ve vysok\u00e9m tempu, kdy odskakovaly skupinky, kde nechyb\u011bl jak Kelemen, tak Boro\u0161. Tihle dva borci vyu\u017eili dokonale taktick\u00e9 hry mezi t\u00fdmy AC Sparta Praha a CT WEBER, kde fini\u0161oval boj mezi Janem Rybou a Martinem Boubalem o celkov\u00e9 prvenstv\u00ed. V polovin\u011b z\u00e1vodu se za\u010dal prosazovat i Henri Uhlig z N\u011bmecka a bodov\u011b mu to tentokr\u00e1t sta\u010dilo v nabit\u00e9 konkurenci na celkov\u00e9 p\u00e1t\u00e9 m\u00edsto.<\/p>\n\n\n\n<p>\u017den\u00e1m tentokr\u00e1t kralovala Krist\u00fdna Burlov\u00e1 (Dukla Praha), junior\u016fm Stanislav Proch\u00e1zka (Roman Kreuziger Cycling Academy). Celkov\u00fdm v\u00edt\u011bzem seri\u00e1lu se stal zaslou\u017een\u011b Jan Ryba (AC Sparta Praha).<\/p>\n\n\n\n<p>V\u00fdsledky:<\/p>\n\n\n\n<p>1. Boro\u0161 (\u010cEZ Cyklo Team T\u00e1bor) 31, 2. Petr Kelemen (CCC Sprandy) 22, 3. Boubal (CT Weber) 17, 4. Ryba (AC Sparta Praha) 13, 5. Uhlig (N\u011bm.) 12, 6. Habermann (Topforex Lapierre) 12.<\/p>\n\n\n\n<p>\u017deny:<\/p>\n\n\n\n<p>1. Burlov\u00e1, 2. Kohoutkov\u00e1, 3. Bajgerov\u00e1 (v\u0161echny Dukla Praha).<\/p>\n\n\n\n<p>FOTO Tereza Kotalov\u00e1<\/p>\n\n\n\n<figure class=\"wp-block-image size-large\"><img loading=\"lazy\" decoding=\"async\" width=\"1024\" height=\"729\" src=\"https:\/\/www.czechcyclingfederation.com\/wp-content\/uploads\/2020\/09\/boro\u0161-a-kelemen.jpg\" alt=\"\" class=\"wp-image-2300\" srcset=\"https:\/\/www.czechcyclingfederation.com\/wp-content\/uploads\/2020\/09\/boro\u0161-a-kelemen.jpg 1024w, https:\/\/www.czechcyclingfederation.com\/wp-content\/uploads\/2020\/09\/boro\u0161-a-kelemen-281x200.jpg 281w, https:\/\/www.czechcyclingfederation.com\/wp-content\/uploads\/2020\/09\/boro\u0161-a-kelemen-768x547.jpg 768w\" sizes=\"auto, (max-width: 1024px) 100vw, 1024px\" \/><\/figure>\n\n\n\n<figure class=\"wp-block-image size-large\"><img loading=\"lazy\" decoding=\"async\" width=\"1024\" height=\"683\" src=\"https:\/\/www.czechcyclingfederation.com\/wp-content\/uploads\/2020\/09\/celkov\u011b-GIANT-LIGA-2020-v\u00edt\u011bz-Ryba.jpg\" alt=\"\" class=\"wp-image-2299\" srcset=\"https:\/\/www.czechcyclingfederation.com\/wp-content\/uploads\/2020\/09\/celkov\u011b-GIANT-LIGA-2020-v\u00edt\u011bz-Ryba.jpg 1024w, https:\/\/www.czechcyclingfederation.com\/wp-content\/uploads\/2020\/09\/celkov\u011b-GIANT-LIGA-2020-v\u00edt\u011bz-Ryba-300x200.jpg 300w, https:\/\/www.czechcyclingfederation.com\/wp-content\/uploads\/2020\/09\/celkov\u011b-GIANT-LIGA-2020-v\u00edt\u011bz-Ryba-768x512.jpg 768w\" sizes=\"auto, (max-width: 1024px) 100vw, 1024px\" \/><figcaption>Celkov\u00e9 po\u0159ad\u00ed<br><\/figcaption><\/figure>\n\n\n\n<p> <\/p>\n","protected":false},"excerpt":{"rendered":"<p>P\u00e1t\u00fd a z\u00e1rove\u0148 fin\u00e1lov\u00fd d\u00edl Giant ligy v Plzni na Rapidu se jel op\u011bt za p\u011bkn\u00e9ho letn\u00edho po\u010das\u00ed a div\u00e1ci i z\u00e1vodn\u00edci si tak mohli dop\u0159\u00e1t h\u0159ejiv\u00e9 paprsky z\u00e1\u0159ijov\u00e9ho slun\u00ed\u010dka. A ty nejv\u00edce vyhovovaly Michaelu Boro\u0161ovi (\u010cEZ Cyklo Team T\u00e1bor), kter\u00fd nasb\u00edral 31 bod\u016f a Petru Kelemenovi (CCC Sprandy) s 22 body. T\u0159et\u00ed skon\u010dil se [&hellip;]<\/p>\n","protected":false},"author":8,"featured_media":2298,"comment_status":"closed","ping_status":"open","sticky":false,"template":"","format":"standard","meta":{"footnotes":""},"categories":[2,18],"tags":[11],"class_list":["post-2297","post","type-post","status-publish","format-standard","has-post-thumbnail","hentry","category-novinky","category-silnice","tag-silnice"],"_links":{"self":[{"href":"https:\/\/www.czechcyclingfederation.com\/en\/wp-json\/wp\/v2\/posts\/2297","targetHints":{"allow":["GET"]}}],"collection":[{"href":"https:\/\/www.czechcyclingfederation.com\/en\/wp-json\/wp\/v2\/posts"}],"about":[{"href":"https:\/\/www.czechcyclingfederation.com\/en\/wp-json\/wp\/v2\/types\/post"}],"author":[{"embeddable":true,"href":"https:\/\/www.czechcyclingfederation.com\/en\/wp-json\/wp\/v2\/users\/8"}],"replies":[{"embeddable":true,"href":"https:\/\/www.czechcyclingfederation.com\/en\/wp-json\/wp\/v2\/comments?post=2297"}],"version-history":[{"count":1,"href":"https:\/\/www.czechcyclingfederation.com\/en\/wp-json\/wp\/v2\/posts\/2297\/revisions"}],"predecessor-version":[{"id":2301,"href":"https:\/\/www.czechcyclingfederation.com\/en\/wp-json\/wp\/v2\/posts\/2297\/revisions\/2301"}],"wp:featuredmedia":[{"embeddable":true,"href":"https:\/\/www.czechcyclingfederation.com\/en\/wp-json\/wp\/v2\/media\/2298"}],"wp:attachment":[{"href":"https:\/\/www.czechcyclingfederation.com\/en\/wp-json\/wp\/v2\/media?parent=2297"}],"wp:term":[{"taxonomy":"category","embeddable":true,"href":"https:\/\/www.czechcyclingfederation.com\/en\/wp-json\/wp\/v2\/categories?post=2297"},{"taxonomy":"post_tag","embeddable":true,"href":"https:\/\/www.czechcyclingfederation.com\/en\/wp-json\/wp\/v2\/tags?post=2297"}],"curies":[{"name":"wp","href":"https:\/\/api.w.org\/{rel}","templated":true}]}}