{"id":2292,"date":"2020-09-15T15:17:06","date_gmt":"2020-09-15T13:17:06","guid":{"rendered":"http:\/\/www.czechcyclingfederation.com\/?p=2292"},"modified":"2020-09-15T15:17:06","modified_gmt":"2020-09-15T13:17:06","slug":"finalove-zavody-v-libusi-rozhodly-o-vitezich-skoda-tomket-prazskeho-mtb-poharu","status":"publish","type":"post","link":"https:\/\/www.czechcyclingfederation.com\/en\/finalove-zavody-v-libusi-rozhodly-o-vitezich-skoda-tomket-prazskeho-mtb-poharu\/","title":{"rendered":"Fin\u00e1lov\u00e9 z\u00e1vody v Libu\u0161i rozhodly o v\u00edt\u011bz\u00edch \u0160KODA TOMKET Pra\u017esk\u00e9ho MTB poh\u00e1ru"},"content":{"rendered":"\n<p><\/p>\n\n\n\n<p>\u0160KODA TOMKET Pra\u017esk\u00fd MTB poh\u00e1r zn\u00e1 celkov\u00e9 v\u00edt\u011bze pro rok 2020. Rozhodly o tom dva fin\u00e1lov\u00e9 z\u00e1vody v Praze Libu\u0161i. V hlavn\u00edch kategori\u00edch \u017een a mu\u017e\u016f vybojovali celkov\u00e9 v\u00edt\u011bzstv\u00ed, v\u011bkem je\u0161t\u011b juniorka Zuzana Kadlecov\u00e1 (ADASTRA Cycling Team) a zku\u0161en\u00fd Ond\u0159ej Zelen\u00fd (ELEVEN Mercedes Black.ET Team). Presti\u017en\u00ed a vyrovnanou sout\u011b\u017e t\u00fdm\u016f ovl\u00e1dli St\u0159edo\u010de\u0161i z t\u00fdmu (Expres CZ Tufo Team Kol\u00edn).<\/p>\n\n\n\n<p>Slune\u010dn\u00fdm po\u010das\u00edm p\u0159iv\u00edtala pra\u017esk\u00e1 Libu\u0161 \u00fa\u010dastn\u00edky dvou v\u00edkendov\u00fdch z\u00e1vod\u016f horsk\u00fdch kol v olympijsk\u00e9m cross country pro \u0161irokou ve\u0159ejnost. Sou\u010d\u00e1st\u00ed sobotn\u00edho z\u00e1vodu mu\u017e\u016f a \u017een bylo Akademick\u00e9 Mistrovstv\u00ed \u010cesk\u00e9 republiky, kter\u00e9 nejl\u00e9pe zvl\u00e1dli reprezentanti \u010cesk\u00e9 republiky, Tereza S\u00e1skov\u00e1 (Vysok\u00e1 \u0161kola finan\u010dn\u00ed a spr\u00e1vn\u00ed\/ROUVY Specialized Cycling Team) a Mat\u011bj Pr\u016fdek (Masarykova univerzita\/Multicraft MTB Team).<\/p>\n\n\n\n<p>Na jezdce \u010dekal tradi\u010dn\u00ed p\u0159\u00edrodn\u00ed okruh, vylep\u0161en\u00fd nov\u00fdm skokem s p\u0159\u00edv\u011btiv\u00fdm n\u00e1zvem \u201edrop\u00edk\u201c. Zvl\u00e1dnout dvakr\u00e1t po sob\u011b z\u00e1vod na fyzicky n\u00e1ro\u010dn\u00e9 trati nebylo jednoduch\u00e9, nav\u00edc minim\u00e1ln\u00ed bodov\u00e9 odstupy mezi favority na celkov\u00e9 v\u00edt\u011bzstv\u00ed slibovaly od po\u010d\u00e1tku vyrovnan\u00e9 souboje ve v\u0161ech vypsan\u00fdch kategori\u00edch. Atraktivitu fin\u00e1lov\u00e9ho dvojz\u00e1vodu umocnilo i dvojn\u00e1sobn\u00e9 bodov\u00e1n\u00ed a \u00fa\u010dast \u0159ady reprezentant\u016f v \u010dele s olympionikem Janem \u0160karnitzlem (Cyklostar Trek Mercedes Benz Praha), kte\u0159\u00ed se postarali o rychl\u00e9 tempo z\u00e1vodu.&nbsp;&nbsp;<\/p>\n\n\n\n<p>V minul\u00e9m roce byl fin\u00e1lov\u00fd dvojz\u00e1vod \u0160KODA TOMKET Pra\u017esk\u00e9ho MTB poh\u00e1ru doslova pohromou vedouc\u00edch jezdc\u016f pr\u016fb\u011b\u017en\u00e9ho po\u0159ad\u00ed. Leto\u0161n\u00ed libu\u0161sk\u00e9 fin\u00e1le u\u017e ale bylo ve v\u011bt\u0161in\u011b v re\u017eii favorit\u016f jednotliv\u00fdch kategori\u00ed, kte\u0159\u00ed si po oba z\u00e1vodn\u00ed dny pe\u010dliv\u011b hl\u00eddali sv\u00e9 hlavn\u00ed soupe\u0159e a velmi dob\u0159e zvl\u00e1dli z\u00e1vodn\u00ed taktiku.<\/p>\n\n\n\n<p>Drama ale p\u0159inesla presti\u017en\u00ed sout\u011b\u017e t\u00fdm\u016f. Pr\u016fb\u011b\u017en\u011b \u010dtvrt\u00fd t\u00fdm sout\u011b\u017ee, NUTREND Specialized Racing, nov\u011b u\u017e i s uzdraven\u00fdm juniorsk\u00fdm talentem Janem Zatloukalem, p\u0159edvedl bezchybn\u00fd v\u00fdkon po cel\u00fd z\u00e1vodn\u00ed v\u00edkend a d\u00edky 100% bodov\u00e9mu zisku dokonale zam\u00edchal pr\u016fb\u011b\u017en\u00fdm po\u0159ad\u00edm a od celkov\u00e9ho v\u00edt\u011bzstv\u00ed zaostal o pouh\u00e9 t\u0159i body. Z\u00e1vod naopak nevy\u0161el formaci Skiandbike Kundratice Team, kter\u00e1 klesla z druh\u00e9ho m\u00edsta na nepopul\u00e1rn\u00ed \u010dtvrtou p\u0159\u00ed\u010dku. Bronz uh\u00e1jil t\u00fdm ADASTRA Cycling Team.<\/p>\n\n\n\n<p>Celkov\u00fdmi v\u00edt\u011bzi \u0160KODA TOMKET Pra\u017esk\u00e9ho MTB poh\u00e1ru 2020 se stali:&nbsp;&nbsp;&nbsp;<\/p>\n\n\n\n<p>odr\u00e1\u017eedla: David Kov\u00e1\u0159 (Expres CZ Tufo Team Kol\u00edn)<\/p>\n\n\n\n<p>d\u011bti 3-4 roky: Martin Dost\u00e1l (Akademie cyklistick\u00fdch sport\u016f)<\/p>\n\n\n\n<p>kluci 5-6 let: Daniel Kov\u00e1\u0159 (Expres CZ Tufo Team Kol\u00edn)<\/p>\n\n\n\n<p>holky 5-6 let: Andrea Dost\u00e1lov\u00e1 (Akademie cyklistick\u00fdch sport\u016f)<\/p>\n\n\n\n<p>kluci 7-8 let: Marek Semer\u00e1d (Cyklostar Trek Mercedes Benz Praha)<\/p>\n\n\n\n<p>holky 7-8 let: Pavl\u00edna Kejzlarov\u00e1<\/p>\n\n\n\n<p>kluci 9-10 let: Vojt\u011bch Rada (Skiandbike Kundratice Team)<\/p>\n\n\n\n<p>holky 9-10 let: Nela Dr\u00e1bkov\u00e1 (\u010cist\u00fd sport Kids Racing)<\/p>\n\n\n\n<p>\u017e\u00e1ci I: David Svoboda (ADASTRA Cycling Team)<\/p>\n\n\n\n<p>\u017e\u00e1kyn\u011b I: Lucie Grohov\u00e1 (Author Team Stupno)<\/p>\n\n\n\n<p>\u017e\u00e1ci II: Kry\u0161tof Ba\u017eant (TJ Sokol Plavy-Cyklo Benda)<\/p>\n\n\n\n<p>\u017e\u00e1kyn\u011b II: Kate\u0159ina Du\u0161kov\u00e1 (TJ Sokol Plavy-Cyklo Benda)&nbsp;&nbsp;&nbsp;<\/p>\n\n\n\n<p>kadeti: Libor Vencl (ELEVEN Mercedes Black.ET Team)<\/p>\n\n\n\n<p>kadetky: Hana \u0160indel\u00e1\u0159ov\u00e1 (Jaroslav Kulhav\u00fd Cycling team)<\/p>\n\n\n\n<p>junio\u0159i: Tom\u00e1\u0161 Tlamka (NUTREND SPECIALIZED Racing)<\/p>\n\n\n\n<p>\u017eeny\/juniorky: Zuzana Kadlecov\u00e1 (ADASTRA Cycling Team)<\/p>\n\n\n\n<p>mu\u017ei OPEN\/ELITE: Ond\u0159ej Zelen\u00fd (ELEVEN Mercedes Black.ET Team)&nbsp;&nbsp;&nbsp;<\/p>\n\n\n\n<p>MASTERS I: Ji\u0159\u00ed Chyba (NUTREND SPECIALIZED Racing)&nbsp;&nbsp;<\/p>\n\n\n\n<p>MASTERS II: Viktor Zapletal (NUTREND SPECIALIZED Racing)<\/p>\n\n\n\n<p>MASTERS III: V\u00e1clav Nov\u00e1k (BTK EURO Bike Praha)<\/p>\n\n\n\n<p>SUPERMASTERS: Miroslav Svoboda (Kbely Cycling Team)<\/p>\n\n\n\n<p>Sluchov\u011b posti\u017een\u00ed: Jan \u010capek (Rohozec Amulet Team)<\/p>\n\n\n\n<p>T\u011blesn\u011b posti\u017een\u00ed: Martin \u0160t\u011bp\u00e1nek (Kross Bikeranch Team)&nbsp;<\/p>\n\n\n\n<p>Nejlep\u0161\u00ed jezdce i t\u00fdmy nyn\u00ed \u010dek\u00e1 p\u0159\u00edjemn\u00e9 setk\u00e1n\u00ed, kter\u00fdm je Slavnostn\u00ed ve\u010der \u0160KODA TOMKET Pra\u017esk\u00e9ho MTB poh\u00e1ru 2020, kter\u00fd se uskute\u010dn\u00ed v p\u00e1tek 13. listopadu v Lidov\u00e9m dom\u011b Kbely, kde p\u0159evezmou unik\u00e1tn\u00ed poh\u00e1ry s pra\u017eskou dla\u017eebn\u00ed kostkou.&nbsp;&nbsp;&nbsp;&nbsp;&nbsp;&nbsp;&nbsp;&nbsp;&nbsp;&nbsp;<\/p>\n\n\n\n<p>FOTO Barbora Klap<\/p>\n\n\n","protected":false},"excerpt":{"rendered":"<p>\u0160KODA TOMKET Pra\u017esk\u00fd MTB poh\u00e1r zn\u00e1 celkov\u00e9 v\u00edt\u011bze pro rok 2020. Rozhodly o tom dva fin\u00e1lov\u00e9 z\u00e1vody v Praze Libu\u0161i. V hlavn\u00edch kategori\u00edch \u017een a mu\u017e\u016f vybojovali celkov\u00e9 v\u00edt\u011bzstv\u00ed, v\u011bkem je\u0161t\u011b juniorka Zuzana Kadlecov\u00e1 (ADASTRA Cycling Team) a zku\u0161en\u00fd Ond\u0159ej Zelen\u00fd (ELEVEN Mercedes Black.ET Team). Presti\u017en\u00ed a vyrovnanou sout\u011b\u017e t\u00fdm\u016f ovl\u00e1dli St\u0159edo\u010de\u0161i z t\u00fdmu (Expres [&hellip;]<\/p>\n","protected":false},"author":8,"featured_media":2293,"comment_status":"closed","ping_status":"open","sticky":false,"template":"","format":"standard","meta":{"footnotes":""},"categories":[6,2],"tags":[10],"class_list":["post-2292","post","type-post","status-publish","format-standard","has-post-thumbnail","hentry","category-mtb","category-novinky","tag-mtb"],"_links":{"self":[{"href":"https:\/\/www.czechcyclingfederation.com\/en\/wp-json\/wp\/v2\/posts\/2292","targetHints":{"allow":["GET"]}}],"collection":[{"href":"https:\/\/www.czechcyclingfederation.com\/en\/wp-json\/wp\/v2\/posts"}],"about":[{"href":"https:\/\/www.czechcyclingfederation.com\/en\/wp-json\/wp\/v2\/types\/post"}],"author":[{"embeddable":true,"href":"https:\/\/www.czechcyclingfederation.com\/en\/wp-json\/wp\/v2\/users\/8"}],"replies":[{"embeddable":true,"href":"https:\/\/www.czechcyclingfederation.com\/en\/wp-json\/wp\/v2\/comments?post=2292"}],"version-history":[{"count":1,"href":"https:\/\/www.czechcyclingfederation.com\/en\/wp-json\/wp\/v2\/posts\/2292\/revisions"}],"predecessor-version":[{"id":2295,"href":"https:\/\/www.czechcyclingfederation.com\/en\/wp-json\/wp\/v2\/posts\/2292\/revisions\/2295"}],"wp:featuredmedia":[{"embeddable":true,"href":"https:\/\/www.czechcyclingfederation.com\/en\/wp-json\/wp\/v2\/media\/2293"}],"wp:attachment":[{"href":"https:\/\/www.czechcyclingfederation.com\/en\/wp-json\/wp\/v2\/media?parent=2292"}],"wp:term":[{"taxonomy":"category","embeddable":true,"href":"https:\/\/www.czechcyclingfederation.com\/en\/wp-json\/wp\/v2\/categories?post=2292"},{"taxonomy":"post_tag","embeddable":true,"href":"https:\/\/www.czechcyclingfederation.com\/en\/wp-json\/wp\/v2\/tags?post=2292"}],"curies":[{"name":"wp","href":"https:\/\/api.w.org\/{rel}","templated":true}]}}