{"id":2289,"date":"2020-09-15T15:00:07","date_gmt":"2020-09-15T13:00:07","guid":{"rendered":"http:\/\/www.czechcyclingfederation.com\/?p=2289"},"modified":"2020-09-15T15:00:07","modified_gmt":"2020-09-15T13:00:07","slug":"kyjov-privita-skoda-cup-i-techniserv-cup","status":"publish","type":"post","link":"https:\/\/www.czechcyclingfederation.com\/en\/kyjov-privita-skoda-cup-i-techniserv-cup\/","title":{"rendered":"Kyjov p\u0159iv\u00edt\u00e1 \u0160koda Cup i Techniserv Cup"},"content":{"rendered":"\n<p><\/p>\n\n\n\n<p>Bohat\u00fd cyklistick\u00fd program se uskute\u010dn\u00ed v ned\u011bli 27. z\u00e1\u0159\u00ed v Kyjov\u011b. Pojede se tam fin\u00e1lov\u00fd podnik Techniserv Cupu ml\u00e1de\u017ee a \u017een \u201eNa kole regionem Kyjovsk\u00e9ho Slov\u00e1cka 2020&nbsp; &#8211; Memori\u00e1l Jakuba Mrnky a tak\u00e9 t\u0159et\u00ed d\u00edl presti\u017en\u00edho \u0160koda Cupu &#8211; \u010cesk\u00e9ho poh\u00e1ru na silnici elitn\u00ed kategorie mu\u017e\u016f. Po\u0159adatelem z\u00e1vod\u016f CK Dacom Pharma Kyjov.<\/p>\n\n\n\n<p>Mezi cyklisty se objevily nepravdiv\u00e9 informace, \u017ee v Kyjov\u011b se nepojede. &#8220;Hodn\u011b m\u011b to \u0161tve a nen\u00ed to pravda. Jsme dlouhodob\u00ed organiz\u00e1to\u0159i, ji\u017e v kv\u011btnu se u n\u00e1s m\u011bl jet z\u00e1vod \u0160koda Cupu, ov\u0161em z d\u016fvodu opat\u0159en\u00ed covid-19 byl odlo\u017een a\u017e na z\u00e1\u0159\u00ed. Dopoledne absolvujeme Techniserv Cup a odpoledne po startu mu\u017e\u016f z\u00e1vodu \u0160koda Cupu prob\u011bhne vyhl\u00e1\u0161en\u00ed cel\u00e9ho seri\u00e1lu pro ml\u00e1de\u017e a \u017eeny,\u201c zd\u016fraznil \u0159editel z\u00e1vod\u016f Vladim\u00edr Hu\u0161ek.<\/p>\n\n\n\n<p>Elita a jezdci U23 vyraz\u00ed na tra\u0165 ve 14:30. Pojede se na zkr\u00e1cen\u00e9m okruhu dlouh\u00e9m 9,5 kilometr\u016f kolem Kyjova.\u201c Okruh je to atraktivn\u00ed a zaj\u00edmav\u00fd. St\u00e1lo n\u00e1s to plno \u00fasil\u00ed a st\u00e1le trneme, \u017ee n\u011bkdo zavol\u00e1, \u017ee se nejede. V\u011b\u0159\u00edme v\u0161ak, \u017ee se to nestane a t\u00edm chci zcela dementovat neov\u011b\u0159en\u00e9 zpr\u00e1vy, kter\u00e9 se vyskytuj\u00ed. Nejsou ni\u010d\u00edm podlo\u017een\u00e9 a nen\u00ed to pravda. Kdy\u017e se nic z\u00e1va\u017en\u00e9ho nestane, tak pojedeme i kdy\u017e za zv\u00fd\u0161en\u00fdch hygienick\u00fdch opat\u0159en\u00ed,&#8221; pokra\u010doval \u0159editel z\u00e1vod\u016f Vladim\u00edr Hu\u0161ek.<\/p>\n\n\n\n<p>Okruh pro \u0160koda Cup i Techniserv Cup m\u011b\u0159\u00ed 9,5 km a zvln\u011bn\u00fd. Mu\u017ei jej absolvuj\u00ed t\u0159in\u00e1ctkr\u00e1t, celkem tedy 123,5 kilometru.<\/p>\n\n\n\n<p>Organiz\u00e1to\u0159i ji\u017e s p\u0159edstihem upozor\u0148uj\u00ed na zv\u00fd\u0161en\u00fd hygienick\u00e1 opat\u0159en\u00ed, kter\u00e1 bude nutno dodr\u017eovat. &#8220;Nap\u0159\u00edklad ml\u00e1de\u017e bude m\u00edt svoje parkovi\u0161t\u011b, ab se nesetkali jezdci z elitn\u00edmi cyklisty, vstup do budovy s kancel\u00e1\u0159\u00ed bude umo\u017en\u011bn pouze \u010dlen\u016fm doprovodu za pou\u017eit\u00ed ochrann\u00fdch prost\u0159edk\u016f a desinfekce rukou, bude nutn\u00e9 dodr\u017eovat dvoumetrov\u00e9 rozestupy. I div\u00e1k\u016fm pod\u00e9l trati i v c\u00edli doporu\u010dujeme ochranu d\u00fdchac\u00edch cest a dostate\u010dn\u00e9 rozestupy,&#8221; dodal Vladim\u00edr Hu\u0161ek.<\/p>\n\n\n\n<p>FOTO Jan Brychta<\/p>\n","protected":false},"excerpt":{"rendered":"<p>Bohat\u00fd cyklistick\u00fd program se uskute\u010dn\u00ed v ned\u011bli 27. z\u00e1\u0159\u00ed v Kyjov\u011b. Pojede se tam fin\u00e1lov\u00fd podnik Techniserv Cupu ml\u00e1de\u017ee a \u017een \u201eNa kole regionem Kyjovsk\u00e9ho Slov\u00e1cka 2020&nbsp; &#8211; Memori\u00e1l Jakuba Mrnky a tak\u00e9 t\u0159et\u00ed d\u00edl presti\u017en\u00edho \u0160koda Cupu &#8211; \u010cesk\u00e9ho poh\u00e1ru na silnici elitn\u00ed kategorie mu\u017e\u016f. Po\u0159adatelem z\u00e1vod\u016f CK Dacom Pharma Kyjov. Mezi cyklisty se [&hellip;]<\/p>\n","protected":false},"author":8,"featured_media":2290,"comment_status":"closed","ping_status":"open","sticky":false,"template":"","format":"standard","meta":{"footnotes":""},"categories":[2,18],"tags":[11],"class_list":["post-2289","post","type-post","status-publish","format-standard","has-post-thumbnail","hentry","category-novinky","category-silnice","tag-silnice"],"_links":{"self":[{"href":"https:\/\/www.czechcyclingfederation.com\/en\/wp-json\/wp\/v2\/posts\/2289","targetHints":{"allow":["GET"]}}],"collection":[{"href":"https:\/\/www.czechcyclingfederation.com\/en\/wp-json\/wp\/v2\/posts"}],"about":[{"href":"https:\/\/www.czechcyclingfederation.com\/en\/wp-json\/wp\/v2\/types\/post"}],"author":[{"embeddable":true,"href":"https:\/\/www.czechcyclingfederation.com\/en\/wp-json\/wp\/v2\/users\/8"}],"replies":[{"embeddable":true,"href":"https:\/\/www.czechcyclingfederation.com\/en\/wp-json\/wp\/v2\/comments?post=2289"}],"version-history":[{"count":1,"href":"https:\/\/www.czechcyclingfederation.com\/en\/wp-json\/wp\/v2\/posts\/2289\/revisions"}],"predecessor-version":[{"id":2291,"href":"https:\/\/www.czechcyclingfederation.com\/en\/wp-json\/wp\/v2\/posts\/2289\/revisions\/2291"}],"wp:featuredmedia":[{"embeddable":true,"href":"https:\/\/www.czechcyclingfederation.com\/en\/wp-json\/wp\/v2\/media\/2290"}],"wp:attachment":[{"href":"https:\/\/www.czechcyclingfederation.com\/en\/wp-json\/wp\/v2\/media?parent=2289"}],"wp:term":[{"taxonomy":"category","embeddable":true,"href":"https:\/\/www.czechcyclingfederation.com\/en\/wp-json\/wp\/v2\/categories?post=2289"},{"taxonomy":"post_tag","embeddable":true,"href":"https:\/\/www.czechcyclingfederation.com\/en\/wp-json\/wp\/v2\/tags?post=2289"}],"curies":[{"name":"wp","href":"https:\/\/api.w.org\/{rel}","templated":true}]}}