{"id":2286,"date":"2020-09-15T08:51:56","date_gmt":"2020-09-15T06:51:56","guid":{"rendered":"http:\/\/www.czechcyclingfederation.com\/?p=2286"},"modified":"2020-09-21T17:45:16","modified_gmt":"2020-09-21T15:45:16","slug":"v-mlade-boleslavi-odstartuje-toi-toi-cup","status":"publish","type":"post","link":"https:\/\/www.czechcyclingfederation.com\/en\/v-mlade-boleslavi-odstartuje-toi-toi-cup\/","title":{"rendered":"V Mlad\u00e9 Boleslavi odstartuje Toi Toi Cup"},"content":{"rendered":"\n<p>Zat\u00edmco silni\u010dn\u00ed sezona pomalu sp\u011bje ke sv\u00e9mu z\u00e1v\u011bru, ta cyklokrosov\u00e1 za\u010d\u00edn\u00e1. A 26. z\u00e1\u0159\u00ed se na \u010desk\u00fdch okruz\u00edch rozjede naplno, v Mlad\u00e9 Boleslavi odstartuje \u00favodn\u00edm podnikem Toi Toi Cup, mezin\u00e1rodn\u00edm z\u00e1vodem druh\u00e9 kategorie kalend\u00e1\u0159e Mezin\u00e1rodn\u00ed cyklistick\u00e9 unie.<\/p>\n\n\n\n<p>\u201eP\u0159\u00edprava i v&nbsp;dob\u011b koronavirov\u00e9 krize b\u011b\u017e\u00ed naplno a bez z\u00e1drhel\u016f,\u201c \u0159\u00edk\u00e1 \u0159editel z\u00e1vodu Anton\u00edn Ungerman. Hl\u00e1s\u00ed se i zahrani\u010dn\u00ed \u00fa\u010dastn\u00edci, ale \u2026 \u201eAno hl\u00e1s\u00ed se, ale jejich p\u0159\u00edpadn\u00fd start je limitov\u00e1n sou\u010dasnou situac\u00ed. Rozhoduj\u00edc\u00ed bude, jak se situace vyvine p\u0159\u00ed\u0161t\u00ed t\u00fdden,\u201c pokra\u010duje Ungerman a z\u00e1rove\u0148 d\u011bkuje v\u0161em partner\u016fm, kte\u0159\u00ed po\u0159adatel\u016fm z\u016fstali v\u011brn\u00ed.<\/p>\n\n\n\n<p>Pojede se na klasick\u00e9 trati, na stejn\u00e9 kde se v&nbsp;roce 2013 uskute\u010dnilo mistrovstv\u00ed Evropy. Okruh v&nbsp;lesoparku \u0160t\u011bp\u00e1nka v firmy Compaq m\u011b\u0159\u00ed 2720 metr\u016f a na \u00favod sezony nen\u00ed nijak extr\u00e9mn\u011b t\u011b\u017ek\u00fd.<\/p>\n\n\n\n<p>P\u0159ihl\u00e1\u0161ky se prov\u00e1d\u00ed ke ka\u017ed\u00e9mu z\u00e1vodu seri\u00e1lu Toi Toi Cupu samostatn\u011b elektronickou formou na internetov\u00fdch str\u00e1nk\u00e1ch http:\/\/www.cyklokros.cz\/prihlasky. V p\u0159ihl\u00e1\u0161ce mus\u00ed b\u00fdt uvedeno: jm\u00e9no, p\u0159\u00edjmen\u00ed, n\u00e1zev t\u00fdmu, kategorie a UCI ID. Sou\u010d\u00e1st\u00ed p\u0159ihl\u00e1\u0161en\u00ed je \u00fahrada startovn\u00e9ho, p\u0159ihl\u00e1\u0161en\u00ed nab\u00fdv\u00e1 platnosti po \u00fahrad\u011b startovn\u00e9ho. Platbu je mo\u017en\u00e9 prov\u00e9st n\u00e1sleduj\u00edc\u00edmi zp\u016fsoby a to on-line platebn\u00ed kartou nebo p\u0159evodem z \u00fa\u010dtu.<\/p>\n\n\n\n<p>Prvn\u00ed kategorie vyraz\u00ed na start v 9:40, hlavn\u00ed z\u00e1vod mu\u017e\u016f startuje ve 14:30, \u017eeny vyraz\u00ed na okruh ve 13:25.<\/p>\n\n\n\n\n","protected":false},"excerpt":{"rendered":"<p>Zat\u00edmco silni\u010dn\u00ed sezona pomalu sp\u011bje ke sv\u00e9mu z\u00e1v\u011bru, ta cyklokrosov\u00e1 za\u010d\u00edn\u00e1. A 26. z\u00e1\u0159\u00ed se na \u010desk\u00fdch okruz\u00edch rozjede naplno, v Mlad\u00e9 Boleslavi odstartuje \u00favodn\u00edm podnikem Toi Toi Cup, mezin\u00e1rodn\u00edm z\u00e1vodem druh\u00e9 kategorie kalend\u00e1\u0159e Mezin\u00e1rodn\u00ed cyklistick\u00e9 unie. \u201eP\u0159\u00edprava i v&nbsp;dob\u011b koronavirov\u00e9 krize b\u011b\u017e\u00ed naplno a bez z\u00e1drhel\u016f,\u201c \u0159\u00edk\u00e1 \u0159editel z\u00e1vodu Anton\u00edn Ungerman. Hl\u00e1s\u00ed se i [&hellip;]<\/p>\n","protected":false},"author":8,"featured_media":2287,"comment_status":"closed","ping_status":"open","sticky":false,"template":"","format":"standard","meta":{"footnotes":""},"categories":[58,2],"tags":[59],"class_list":["post-2286","post","type-post","status-publish","format-standard","has-post-thumbnail","hentry","category-cyklokros","category-novinky","tag-cyklokros"],"_links":{"self":[{"href":"https:\/\/www.czechcyclingfederation.com\/en\/wp-json\/wp\/v2\/posts\/2286","targetHints":{"allow":["GET"]}}],"collection":[{"href":"https:\/\/www.czechcyclingfederation.com\/en\/wp-json\/wp\/v2\/posts"}],"about":[{"href":"https:\/\/www.czechcyclingfederation.com\/en\/wp-json\/wp\/v2\/types\/post"}],"author":[{"embeddable":true,"href":"https:\/\/www.czechcyclingfederation.com\/en\/wp-json\/wp\/v2\/users\/8"}],"replies":[{"embeddable":true,"href":"https:\/\/www.czechcyclingfederation.com\/en\/wp-json\/wp\/v2\/comments?post=2286"}],"version-history":[{"count":1,"href":"https:\/\/www.czechcyclingfederation.com\/en\/wp-json\/wp\/v2\/posts\/2286\/revisions"}],"predecessor-version":[{"id":2288,"href":"https:\/\/www.czechcyclingfederation.com\/en\/wp-json\/wp\/v2\/posts\/2286\/revisions\/2288"}],"wp:featuredmedia":[{"embeddable":true,"href":"https:\/\/www.czechcyclingfederation.com\/en\/wp-json\/wp\/v2\/media\/2287"}],"wp:attachment":[{"href":"https:\/\/www.czechcyclingfederation.com\/en\/wp-json\/wp\/v2\/media?parent=2286"}],"wp:term":[{"taxonomy":"category","embeddable":true,"href":"https:\/\/www.czechcyclingfederation.com\/en\/wp-json\/wp\/v2\/categories?post=2286"},{"taxonomy":"post_tag","embeddable":true,"href":"https:\/\/www.czechcyclingfederation.com\/en\/wp-json\/wp\/v2\/tags?post=2286"}],"curies":[{"name":"wp","href":"https:\/\/api.w.org\/{rel}","templated":true}]}}