{"id":2269,"date":"2020-09-14T14:03:07","date_gmt":"2020-09-14T12:03:07","guid":{"rendered":"http:\/\/www.czechcyclingfederation.com\/?p=2269"},"modified":"2020-09-14T17:07:07","modified_gmt":"2020-09-14T15:07:07","slug":"nevrkla-a-bartunkova-sampiony-v-bmx","status":"publish","type":"post","link":"https:\/\/www.czechcyclingfederation.com\/en\/nevrkla-a-bartunkova-sampiony-v-bmx\/","title":{"rendered":"Nevrkla a Bart\u016f\u0148kov\u00e1 \u0161ampiony v BMX"},"content":{"rendered":"\n<p><\/p>\n\n\n\n<p>Mikul\u00e1\u0161 Nevrkla a Eli\u0161ka Bart\u016f\u0148kov\u00e1 se stali v Ben\u00e1tk\u00e1ch nad Jizerou nov\u00fdmi \u0161ampiony ve STRABAG mistrovstv\u00ed \u010cesk\u00e9 republiky v BMX 2020. V juniorsk\u00e9 kategorii d\u00edvek perfektn\u00ed v\u00fdkon podala Michaela H\u00e1jkov\u00e1 a po pr\u00e1vu tak\u00e9 zv\u00edt\u011bzila, mezi juniory byl nejlep\u0161\u00ed Mat\u011bj Fabisz.<\/p>\n\n\n\n<p>Ben\u00e1te\u010dt\u00ed po\u0159adatel\u00e9 nenechali nic n\u00e1hod\u011b a p\u0159ipravili dr\u00e1hu i z\u00e1zem\u00ed na v\u00fdbornou. Pro jezdce nechyb\u011blo m\u00edsto v t\u00fdmov\u00fdch stanech, div\u00e1ci m\u011bli dostatek m\u00edsta na fand\u011bn\u00ed okolo dr\u00e1hy. V leto\u0161n\u00edm roce poprv\u00e9 jely kategorie JUNIOR a ELITE z osmimetrov\u00e9ho startovn\u00edho pahorku, kter\u00fd byl v Ben\u00e1tk\u00e1ch nad Jizerou vybudov\u00e1n v lo\u0148sk\u00e9m roce z finan\u010dn\u00edch prost\u0159edk\u016f M\u011bsta Ben\u00e1tky nad Jizerou, St\u0159edo\u010desk\u00e9ho kraje a \u0160KODA AUTO Nada\u010dn\u00edho fondu. Tento nov\u00fd startovn\u00ed pahorek v\u00fdrazn\u011b p\u0159isp\u011bl ke kvalit\u011b p\u0159\u00edpravy v\u0161ech elitn\u00edch kategori\u00ed a v ben\u00e1teck\u00e9m are\u00e1lu se po celou sezonu piln\u011b p\u0159ipravovali nejen \u010de\u0161t\u00ed jezdci.<\/p>\n\n\n\n<p>Cel\u00fd v\u00edkend bylo n\u00e1dhern\u00e9 po\u010das\u00ed a v sobotu se po slavnostn\u00edm zah\u00e1jen\u00ed okam\u017eit\u011b za\u010dalo z\u00e1vodit. Na start se postavilo p\u0159es 400 jezdc\u016f, kte\u0159\u00ed se s velk\u00fdm nasazen\u00edm pustili do boj\u016f o mistrovsk\u00e9 tituly, kter\u00e9 se rozd\u00e1valy ve 22 kategori\u00edch.<\/p>\n\n\n\n<p>Kategorie mu\u017e\u016f byla po\u010detn\u011b hodn\u011b obsazena a souboj o titul byl velice vyrovnan\u00fd. Ve fin\u00e1lov\u00e9 j\u00edzd\u011b se nejv\u00edce da\u0159ilo Mikul\u00e1\u0161ovi Nevrklovi, kter\u00fd od prvn\u00ed zat\u00e1\u010dky dr\u017eel v\u00edt\u011bzstv\u00ed pevn\u011b ve sv\u00fdch ruk\u00e1ch. Druh\u00e9 m\u00edsto obsadil dosud \u00fa\u0159aduj\u00edc\u00ed mistr \u010cR z lo\u0148sk\u00e9ho roku Dominik Topinka. P\u00f3dium t\u0159et\u00edm m\u00edstem doplnil Luk\u00e1\u0161 Mentl\u00edk. Juniorskou kategorii vyhr\u00e1l Mat\u011bj Fabisz, druh\u00e9 m\u00edsto obsadil, po velice smoln\u00e9 fin\u00e1lov\u00e9 j\u00edzd\u011b, Mat\u011bj Linhart a t\u0159et\u00ed m\u00edsto dojel Adam Moravec.<\/p>\n\n\n\n<p>V ned\u011bli se bojovalo o tituly t\u00fdmov\u00e9. Nejlep\u0161\u00edm t\u00fdmem M\u010cR BMX se stal BMX &amp; 4X team Olympus, druh\u00e9 m\u00edsto pat\u0159ilo dom\u00e1c\u00edm SC BMX Ben\u00e1tky nad Jizerou a t\u0159et\u00ed byl t\u00fdm Bike teamu Vy\u0161kov.<\/p>\n\n\n\n<p>V\u00fdsleky:<\/p>\n\n\n\n<p>\u017deny:<\/p>\n\n\n\n<p>1. Bart\u016f\u0148kov\u00e1, 2. H\u00e1jkov\u00e1 (juniorka), 3. Ber\u00e1kov\u00e1, 4, Wantulokov\u00e1, 5. Schwarzov\u00e1, 6. Kubrov\u00e1.<\/p>\n\n\n\n<p>Mu\u017ei:<\/p>\n\n\n\n<p>1. Nevrkla, 2. Topinka, 3. Mentl\u00edk, 4. Haluza, 5. Fabisz (junior), 6. \u0160vub.<\/p>\n\n\n\n<p>FOTO Luk\u00e1\u0161 Tamme<\/p>\n\n\n\n<figure class=\"wp-block-image size-large\"><img loading=\"lazy\" decoding=\"async\" width=\"943\" height=\"1024\" src=\"https:\/\/www.czechcyclingfederation.com\/wp-content\/uploads\/2020\/09\/ELITE-women-943x1024.jpg\" alt=\"\" class=\"wp-image-2271\" srcset=\"https:\/\/www.czechcyclingfederation.com\/wp-content\/uploads\/2020\/09\/ELITE-women-943x1024.jpg 943w, https:\/\/www.czechcyclingfederation.com\/wp-content\/uploads\/2020\/09\/ELITE-women-184x200.jpg 184w, https:\/\/www.czechcyclingfederation.com\/wp-content\/uploads\/2020\/09\/ELITE-women-768x834.jpg 768w, https:\/\/www.czechcyclingfederation.com\/wp-content\/uploads\/2020\/09\/ELITE-women.jpg 995w\" sizes=\"auto, (max-width: 943px) 100vw, 943px\" \/><\/figure>\n\n\n\n<figure class=\"wp-block-image size-large\"><img loading=\"lazy\" decoding=\"async\" width=\"540\" height=\"960\" src=\"https:\/\/www.czechcyclingfederation.com\/wp-content\/uploads\/2020\/09\/JUNIOR-men.jpg\" alt=\"\" class=\"wp-image-2272\" srcset=\"https:\/\/www.czechcyclingfederation.com\/wp-content\/uploads\/2020\/09\/JUNIOR-men.jpg 540w, https:\/\/www.czechcyclingfederation.com\/wp-content\/uploads\/2020\/09\/JUNIOR-men-113x200.jpg 113w\" sizes=\"auto, (max-width: 540px) 100vw, 540px\" \/><\/figure>\n\n\n\n<figure class=\"wp-block-image size-large\"><img loading=\"lazy\" decoding=\"async\" width=\"1024\" height=\"768\" src=\"https:\/\/www.czechcyclingfederation.com\/wp-content\/uploads\/2020\/09\/Vyhl\u00e1\u0161en\u00ed-Junior-women-1024x768.jpg\" alt=\"\" class=\"wp-image-2273\" srcset=\"https:\/\/www.czechcyclingfederation.com\/wp-content\/uploads\/2020\/09\/Vyhl\u00e1\u0161en\u00ed-Junior-women-1024x768.jpg 1024w, https:\/\/www.czechcyclingfederation.com\/wp-content\/uploads\/2020\/09\/Vyhl\u00e1\u0161en\u00ed-Junior-women-267x200.jpg 267w, https:\/\/www.czechcyclingfederation.com\/wp-content\/uploads\/2020\/09\/Vyhl\u00e1\u0161en\u00ed-Junior-women-768x576.jpg 768w, https:\/\/www.czechcyclingfederation.com\/wp-content\/uploads\/2020\/09\/Vyhl\u00e1\u0161en\u00ed-Junior-women-1536x1152.jpg 1536w, https:\/\/www.czechcyclingfederation.com\/wp-content\/uploads\/2020\/09\/Vyhl\u00e1\u0161en\u00ed-Junior-women-1320x990.jpg 1320w, https:\/\/www.czechcyclingfederation.com\/wp-content\/uploads\/2020\/09\/Vyhl\u00e1\u0161en\u00ed-Junior-women.jpg 1600w\" sizes=\"auto, (max-width: 1024px) 100vw, 1024px\" \/><\/figure>\n\n\n\n<figure class=\"wp-block-image size-large\"><img loading=\"lazy\" decoding=\"async\" width=\"960\" height=\"720\" src=\"https:\/\/www.czechcyclingfederation.com\/wp-content\/uploads\/2020\/09\/Vyhl\u00e1\u0161en\u00ed-dru\u017estva.jpg\" alt=\"\" class=\"wp-image-2274\" srcset=\"https:\/\/www.czechcyclingfederation.com\/wp-content\/uploads\/2020\/09\/Vyhl\u00e1\u0161en\u00ed-dru\u017estva.jpg 960w, https:\/\/www.czechcyclingfederation.com\/wp-content\/uploads\/2020\/09\/Vyhl\u00e1\u0161en\u00ed-dru\u017estva-267x200.jpg 267w, https:\/\/www.czechcyclingfederation.com\/wp-content\/uploads\/2020\/09\/Vyhl\u00e1\u0161en\u00ed-dru\u017estva-768x576.jpg 768w\" sizes=\"auto, (max-width: 960px) 100vw, 960px\" \/><\/figure>\n\n\n<div class=\"wp-block-file\">\r\n                <a target=\"_blank\" rel=\"noopener\" href=\"\" class=\"wp-block-file__button wp-element-button\">\r\n                    <span class=\"wp-block-file__icon\"><\/span>\r\n                    \r\n                <\/a>\r\n            <\/div>\n\n<div class=\"wp-block-file\">\r\n                <a target=\"_blank\" rel=\"noopener\" href=\"https:\/\/www.czechcyclingfederation.com\/wp-content\/uploads\/2020\/09\/20200912-M\u010cR-jednotlivc\u016f-kompletn\u00ed-v\u00fdsledky.pdf\" class=\"wp-block-file__button wp-element-button\">\r\n                    <span class=\"wp-block-file__icon\"><\/span>\r\n                    20200912-M\u010cR-jednotlivc\u016f-kompletn\u00ed-v\u00fdsledky\r\n                <\/a>\r\n            <\/div>","protected":false},"excerpt":{"rendered":"<p>Mikul\u00e1\u0161 Nevrkla a Eli\u0161ka Bart\u016f\u0148kov\u00e1 se stali v Ben\u00e1tk\u00e1ch nad Jizerou nov\u00fdmi \u0161ampiony ve STRABAG mistrovstv\u00ed \u010cesk\u00e9 republiky v BMX 2020. V juniorsk\u00e9 kategorii d\u00edvek perfektn\u00ed v\u00fdkon podala Michaela H\u00e1jkov\u00e1 a po pr\u00e1vu tak\u00e9 zv\u00edt\u011bzila, mezi juniory byl nejlep\u0161\u00ed Mat\u011bj Fabisz. Ben\u00e1te\u010dt\u00ed po\u0159adatel\u00e9 nenechali nic n\u00e1hod\u011b a p\u0159ipravili dr\u00e1hu i z\u00e1zem\u00ed na v\u00fdbornou. Pro jezdce [&hellip;]<\/p>\n","protected":false},"author":8,"featured_media":2270,"comment_status":"closed","ping_status":"open","sticky":false,"template":"","format":"standard","meta":{"footnotes":""},"categories":[57,2],"tags":[55],"class_list":["post-2269","post","type-post","status-publish","format-standard","has-post-thumbnail","hentry","category-bmx","category-novinky","tag-bmx"],"_links":{"self":[{"href":"https:\/\/www.czechcyclingfederation.com\/en\/wp-json\/wp\/v2\/posts\/2269","targetHints":{"allow":["GET"]}}],"collection":[{"href":"https:\/\/www.czechcyclingfederation.com\/en\/wp-json\/wp\/v2\/posts"}],"about":[{"href":"https:\/\/www.czechcyclingfederation.com\/en\/wp-json\/wp\/v2\/types\/post"}],"author":[{"embeddable":true,"href":"https:\/\/www.czechcyclingfederation.com\/en\/wp-json\/wp\/v2\/users\/8"}],"replies":[{"embeddable":true,"href":"https:\/\/www.czechcyclingfederation.com\/en\/wp-json\/wp\/v2\/comments?post=2269"}],"version-history":[{"count":1,"href":"https:\/\/www.czechcyclingfederation.com\/en\/wp-json\/wp\/v2\/posts\/2269\/revisions"}],"predecessor-version":[{"id":2276,"href":"https:\/\/www.czechcyclingfederation.com\/en\/wp-json\/wp\/v2\/posts\/2269\/revisions\/2276"}],"wp:featuredmedia":[{"embeddable":true,"href":"https:\/\/www.czechcyclingfederation.com\/en\/wp-json\/wp\/v2\/media\/2270"}],"wp:attachment":[{"href":"https:\/\/www.czechcyclingfederation.com\/en\/wp-json\/wp\/v2\/media?parent=2269"}],"wp:term":[{"taxonomy":"category","embeddable":true,"href":"https:\/\/www.czechcyclingfederation.com\/en\/wp-json\/wp\/v2\/categories?post=2269"},{"taxonomy":"post_tag","embeddable":true,"href":"https:\/\/www.czechcyclingfederation.com\/en\/wp-json\/wp\/v2\/tags?post=2269"}],"curies":[{"name":"wp","href":"https:\/\/api.w.org\/{rel}","templated":true}]}}