{"id":2263,"date":"2020-09-14T11:40:23","date_gmt":"2020-09-14T09:40:23","guid":{"rendered":"http:\/\/www.czechcyclingfederation.com\/?p=2263"},"modified":"2020-09-21T11:11:58","modified_gmt":"2020-09-21T09:11:58","slug":"2263-2","status":"publish","type":"post","link":"https:\/\/www.czechcyclingfederation.com\/en\/2263-2\/","title":{"rendered":"Ofici\u00e1ln\u00ed nominace: JWS XCO NMNM, MS XCO Leogang, ME XCO Mt. Tamaro, MS XCM Sakarya"},"content":{"rendered":"\n<p>Na z\u00e1klad\u011b Nomina\u010dn\u00edch krit\u00e9ri\u00ed MTB XCO, XCO a souhlasu Komise MTB \u010cSC n\u00ed\u017ee zve\u0159ej\u0148uje reprezenta\u010dn\u00ed tren\u00e9r Viktor Zapletal nominaci k&nbsp;z\u00e1vod\u016fm:&nbsp;<strong>JWS XCO NMNM, MS XCO Leogang, ME XCO Mt. Tamaro, MS XCM Sakarya<\/strong>.<\/p>\n\n\n\n<hr class=\"wp-block-separator\"\/>\n\n\n\n<p><strong><u>1. JWS XCO NMNM:<\/u><\/strong><\/p>\n\n\n\n<p><strong>Juniorky:<\/strong><\/p>\n\n\n\n<p>1. Ad\u00e9la Holubov\u00e1 (kola-bbm.cz), 2002<\/p>\n\n\n\n<p>2. Aneta Novotn\u00e1 (Adastra Cycling Team), 2003<\/p>\n\n\n\n<p>3. Zuzana Kadlecov\u00e1 (Adastra Cycling Team), 2002<\/p>\n\n\n\n<p>4. Tereza Obo\u0159ilov\u00e1 (GT Opportunity Brno), 2002<\/p>\n\n\n\n<p>5. Karol\u00edna Bedrn\u00edkov\u00e1 (Expres CZ \u2013 TUFO Team Kol\u00edn), 2003<\/p>\n\n\n\n<p>6. Kate\u0159ina Vaverkov\u00e1 (COPR TJ P\u0159e\u0161tice), 2002<\/p>\n\n\n\n<p><strong>Junio\u0159i:<\/strong><\/p>\n\n\n\n<p>1. David \u0160ulc (IVAR CS Author Team), 2002&nbsp;&nbsp;<\/p>\n\n\n\n<p>2. Jan S\u00e1ska (Rouvy Specialized Cycling Team), 2002<\/p>\n\n\n\n<p>3. Daniel \u017dvak (Expres CZ \u2013 TUFO Team Kol\u00edn), 2002<\/p>\n\n\n\n<p>4. V\u00e1clav Veverka (KC Kooperativa Jablonec nad Nisou), 2003<\/p>\n\n\n\n<p>5. Tom\u00e1\u0161 Tlamka (NUTREND SPECIALIZED Racing), 2002<\/p>\n\n\n\n<p>6. Martin Vo\u017een\u00edlek (HEAD PRO TEAM OPAVA), 2003<\/p>\n\n\n\n<p>7. Jan Zatloukal (NUTREND SPECIALIZED Racing), 2002<\/p>\n\n\n\n<p><em>(8. Filip Kone\u010dn\u00fd (Bike Team Nov\u00e9 M\u011bsto na Morav\u011b), 2003 \u2013 omluven ze zdravotn\u00edch d\u016fvod\u016f)<\/em><\/p>\n\n\n\n<p><strong>Realiza\u010dn\u00ed t\u00fdm:<\/strong><\/p>\n\n\n\n<p>1. Viktor Zapletal<\/p>\n\n\n\n<p>2. Mat\u011bj Charv\u00e1t<\/p>\n\n\n\n<p>3. Tom\u00e1\u0161 Hr\u016fza<\/p>\n\n\n\n<p>4. Ji\u0159\u00ed \u0160t\u011bpan\u00edk<\/p>\n\n\n\n<p>5. Jakub \u0160ulc<\/p>\n\n\n\n<p>6. Martin Jarou\u0161<\/p>\n\n\n\n<p>7. Ad\u00e9la \u0160af\u00e1\u0159ov\u00e1<\/p>\n\n\n\n<hr class=\"wp-block-separator\"\/>\n\n\n\n<p><strong><u>2. MS XCO, XCR, eBike &#8211; Leogang:<\/u><\/strong><\/p>\n\n\n\n<p><em>(nominace m\u016f\u017ee b\u00fdt roz\u0161\u00ed\u0159ena, p\u0159\u00edpadn\u011b upravena s&nbsp;ohledem na v\u00fdjime\u010dn\u00fd v\u00fdkon v&nbsp;z\u00e1vod\u011b SP a JWS NMNM)<\/em><\/p>\n\n\n\n<p><strong><u>XCO:<\/u><\/strong><\/p>\n\n\n\n<p><strong>Juniorky:<\/strong><\/p>\n\n\n\n<p>1. Novotn\u00e1 Aneta (Adastra Cycling Team), 2003<\/p>\n\n\n\n<p>2. Holubov\u00e1 Ad\u00e9la (kola-bbm.cz), 2002<\/p>\n\n\n\n<p>3. Bedrn\u00edkov\u00e1 Karol\u00edna (Expres CZ \u2013 TUFO Team Kol\u00edn), 2003<\/p>\n\n\n\n<p>4. Obo\u0159ilov\u00e1 Tereza (GT Opportunity Brno), 2002<\/p>\n\n\n\n<p><strong>Junio\u0159i:<\/strong><\/p>\n\n\n\n<p>1. S\u00e1ska Jan (Rouvy Specialized Cycling Team), 2002<\/p>\n\n\n\n<p>2. \u0160ulc David (IVAR CS Author Team), 2002&nbsp;&nbsp;<\/p>\n\n\n\n<p>3. \u017dvak Daniel (Expres CZ \u2013 TUFO Team Kol\u00edn), 2002<\/p>\n\n\n\n<p>4. Veverka V\u00e1clav (KC Kooperativa Jablonec nad Nisou), 2003<\/p>\n\n\n\n<p>5. Zatloukal Jan (NUTREND SPECIALIZED Racing), 2002<\/p>\n\n\n\n<p><strong>\u017deny U23:<\/strong><\/p>\n\n\n\n<p>1. S\u00e1skov\u00e1 Tereza (Rouvy Specialized Cycling Team)<\/p>\n\n\n\n<p>2. Tvar\u016f\u017ekov\u00e1 Tereza (Expres CZ \u2013 TUFO Team Kol\u00edn)<\/p>\n\n\n\n<p>3. Neumanov\u00e1 Tereza (\u010cesk\u00e1 spo\u0159itelna \u2013 Accolade)<\/p>\n\n\n\n<p><strong>Mu\u017ei U23:<\/strong><\/p>\n\n\n\n<p>1. Jel\u00ednek Josef (Cyklostar Trek Mercedes Benz Praha)<\/p>\n\n\n\n<p>2. Sk\u00e1la Jarom\u00edr (Rouvy Specialized Cycling Team)<\/p>\n\n\n\n<p>3. Jirou\u0161 Samuel (Rouvy Specialized Cycling Team)<\/p>\n\n\n\n<p><strong>\u017deny Elite:<\/strong><\/p>\n\n\n\n<p>1. \u010c\u00e1belick\u00e1 Jitka (Gapp System &#8211; KOLOFIX MTB Racing Team)<\/p>\n\n\n\n<p>2. Czeczinkarov\u00e1 Jana (LIV Mistral Cycling)<\/p>\n\n\n\n<p>3. \u0160t\u011bp\u00e1nov\u00e1 Karla (Maloja Pushbikers MTB)<\/p>\n\n\n\n<p><strong>Mu\u017ei Elite:<\/strong><\/p>\n\n\n\n<p>1. Cink Ond\u0159ej (Kross Racing Team)<\/p>\n\n\n\n<p>2. \u0160karnitzl Jan (Cyklostar Trek Mercedes Benz Praha)<\/p>\n\n\n\n<p>3. Vastl Jan (Maloja Pushbikers MTB)<\/p>\n\n\n\n<p>4. Kobes Luk\u00e1\u0161 (Gapp System &#8211; KOLOFIX MTB Racing Team)<\/p>\n\n\n\n<p><strong><u>eBIKE:<\/u><\/strong><\/p>\n\n\n\n<p><strong>\u017deny Elite:<\/strong><\/p>\n\n\n\n<p>1. Neumanov\u00e1 Tereza (\u010cesk\u00e1 spo\u0159itelna \u2013 Accolade)<\/p>\n\n\n\n<p><strong><u>XCR:<\/u><\/strong><\/p>\n\n\n\n<p>1. Cink Ond\u0159ej (Kross Racing Team)<\/p>\n\n\n\n<p>2. Jel\u00ednek Josef (Cyklostar Trek Mercedes Benz Praha)<\/p>\n\n\n\n<p>3.&nbsp;<em>U23 \u017eena bude up\u0159esn\u011bna po SP NMNM<\/em><\/p>\n\n\n\n<p>4. Novotn\u00e1 Aneta (Adastra Cycling Team), 2003<\/p>\n\n\n\n<p>5. \u010c\u00e1belick\u00e1 Jitka (Gapp System &#8211; KOLOFIX MTB Racing Team)<\/p>\n\n\n\n<p>6.&nbsp;<em>junior bude up\u0159esn\u011bn po JWS NMNM<\/em><\/p>\n\n\n\n<p><strong>Realiza\u010dn\u00ed t\u00fdm:<\/strong><\/p>\n\n\n\n<p>1. Viktor Zapletal<\/p>\n\n\n\n<p>2. Mat\u011bj Charv\u00e1t<\/p>\n\n\n\n<p>3. Tom\u00e1\u0161 Hr\u016fza<\/p>\n\n\n\n<p>4. Ji\u0159\u00ed \u0160t\u011bpan\u00edk<\/p>\n\n\n\n<p>5. Jakub \u0160ulc<\/p>\n\n\n\n<p>6. Martin Jarou\u0161<\/p>\n\n\n\n<p>7. Ad\u00e9la \u0160af\u00e1\u0159ov\u00e1<\/p>\n\n\n\n<hr class=\"wp-block-separator\"\/>\n\n\n\n<p><strong><u>3. ME XCO, XCR, XCE Mt. TAMARO:<\/u><\/strong><\/p>\n\n\n\n<p><em>(nominace m\u016f\u017ee b\u00fdt roz\u0161\u00ed\u0159ena, p\u0159\u00edpadn\u011b upravena s&nbsp;ohledem na v\u00fdjime\u010dn\u00fd v\u00fdkon v&nbsp;z\u00e1vod\u011b SP a JWS NMNM)<\/em><\/p>\n\n\n\n<p><strong><u>XCO:<\/u><\/strong><\/p>\n\n\n\n<p><strong>Juniorky:<\/strong><\/p>\n\n\n\n<p>1. Novotn\u00e1 Aneta (Adastra Cycling Team), 2003<\/p>\n\n\n\n<p>2. Holubov\u00e1 Ad\u00e9la (kola-bbm.cz), 2002<\/p>\n\n\n\n<p>3. Bedrn\u00edkov\u00e1 Karol\u00edna (Expres CZ \u2013 TUFO Team Kol\u00edn), 2003<\/p>\n\n\n\n<p>4. Obo\u0159ilov\u00e1 Tereza (GT Opportunity Brno), 2002<\/p>\n\n\n\n<p><strong>Junio\u0159i:<\/strong><\/p>\n\n\n\n<p>1. S\u00e1ska Jan (Rouvy Specialized Cycling Team), 2002<\/p>\n\n\n\n<p>2. \u0160ulc David (IVAR CS Author Team), 2002&nbsp;&nbsp;<\/p>\n\n\n\n<p>3. \u017dvak Daniel (Expres CZ \u2013 TUFO Team Kol\u00edn), 2002<\/p>\n\n\n\n<p>4. Veverka V\u00e1clav (KC Kooperativa Jablonec nad Nisou), 2003<\/p>\n\n\n\n<p>5. Zatloukal Jan (NUTREND SPECIALIZED Racing), 2002<\/p>\n\n\n\n<p><strong>\u017deny U23:<\/strong><\/p>\n\n\n\n<p>1. S\u00e1skov\u00e1 Tereza (Rouvy Specialized Cycling Team)<\/p>\n\n\n\n<p>2. Tvar\u016f\u017ekov\u00e1 Tereza (Expres CZ \u2013 TUFO Team Kol\u00edn)<\/p>\n\n\n\n<p>3. Neumanov\u00e1 Tereza (\u010cesk\u00e1 spo\u0159itelna \u2013 Accolade)<\/p>\n\n\n\n<p><strong>Mu\u017ei U23:<\/strong><\/p>\n\n\n\n<p>1. Jel\u00ednek Josef (Cyklostar Trek Mercedes Benz Praha)<\/p>\n\n\n\n<p>2. Sk\u00e1la Jarom\u00edr (Rouvy Specialized Cycling Team)<\/p>\n\n\n\n<p>3. Jirou\u0161 Samuel (Rouvy Specialized Cycling Team)<\/p>\n\n\n\n<p><strong>\u017deny Elite:<\/strong><\/p>\n\n\n\n<p>1. \u010c\u00e1belick\u00e1 Jitka (Gapp System &#8211; KOLOFIX MTB Racing Team)<\/p>\n\n\n\n<p>2. Czeczinkarov\u00e1 Jana (LIV Mistral Cycling)<\/p>\n\n\n\n<p>3. \u0160t\u011bp\u00e1nov\u00e1 Karla (Maloja Pushbikers MTB)<\/p>\n\n\n\n<p><strong>Mu\u017ei Elite:<\/strong><\/p>\n\n\n\n<p>1. Cink Ond\u0159ej (Kross Racing Team)<\/p>\n\n\n\n<p>2. \u0160karnitzl Jan (Cyklostar Trek Mercedes Benz Praha)<\/p>\n\n\n\n<p>3. Vastl Jan (Maloja Pushbikers MTB)<\/p>\n\n\n\n<p>4. Kobes Luk\u00e1\u0161 (Gapp System &#8211; KOLOFIX MTB Racing Team)<\/p>\n\n\n\n<p><strong><u>XCE:<\/u><\/strong><\/p>\n\n\n\n<p><em>bude up\u0159esn\u011bno<\/em><\/p>\n\n\n\n<p><strong><u>XCR:<\/u><\/strong><\/p>\n\n\n\n<p>1. Cink Ond\u0159ej (Kross Racing Team)<\/p>\n\n\n\n<p>2. Jel\u00ednek Josef (Cyklostar Trek Mercedes Benz Praha)<\/p>\n\n\n\n<p>3.&nbsp;<em>U23 \u017eena bude up\u0159esn\u011bna po SP NMNM<\/em><\/p>\n\n\n\n<p>4. Novotn\u00e1 Aneta (Adastra Cycling Team), 2003<\/p>\n\n\n\n<p>5. \u010c\u00e1belick\u00e1 Jitka (Gapp System &#8211; KOLOFIX MTB Racing Team)<\/p>\n\n\n\n<p>6.&nbsp;<em>junior bude up\u0159esn\u011bn po JWS NMNM<\/em><\/p>\n\n\n\n<p><strong>Realiza\u010dn\u00ed t\u00fdm:<\/strong><\/p>\n\n\n\n<p>1. Viktor Zapletal<\/p>\n\n\n\n<p>2. Mat\u011bj Charv\u00e1t<\/p>\n\n\n\n<p>3. Tom\u00e1\u0161 Hr\u016fza<\/p>\n\n\n\n<p>4. Ji\u0159\u00ed \u0160t\u011bpan\u00edk<\/p>\n\n\n\n<p>5. Jakub \u0160ulc<\/p>\n\n\n\n<p>6. Martin Jarou\u0161<\/p>\n\n\n\n<p>7. Ad\u00e9la \u0160af\u00e1\u0159ov\u00e1<\/p>\n\n\n\n<hr class=\"wp-block-separator\"\/>\n\n\n\n<p><strong><u>4. MS XCM Sakarya:<\/u><\/strong><\/p>\n\n\n\n<p><strong>\u017deny Elite:<\/strong><\/p>\n\n\n\n<p>1. \u010c\u00e1belick\u00e1 Jitka (Gapp System &#8211; KOLOFIX MTB Racing Team)<\/p>\n\n\n\n<p>2. Czeczinkarov\u00e1 Jana (LIV Mistral Cycling)<\/p>\n\n\n\n<p>3. \u0160t\u011bp\u00e1nov\u00e1 Karla (Maloja Pushbikers MTB)<\/p>\n\n\n\n<p>4. Pichl\u00edkov\u00e1 Jana (Kross Bikeranch)<\/p>\n\n\n\n<p><strong>Mu\u017ei Elite:<\/strong><\/p>\n\n\n\n<p>1. Cink Ond\u0159ej (Kross Racing Team)<\/p>\n\n\n\n<p>2. Sto\u0161ek Martin (Future Cycling &#8211; Northwave)<\/p>\n\n\n\n<p>3. Hynek Kristian (Future Cycling &#8211; Northwave)<\/p>\n\n\n\n<p>4. Kulhav\u00fd Jaroslav (Jaroslav Kulhav\u00fd Cycling Team)<\/p>\n\n\n\n<p>5. Adel Filip (Superior Velsbike)<\/p>\n\n\n\n<p>6. Ulman Matou\u0161 (\u010cesk\u00e1 spo\u0159itelna \u2013 Accolade)<\/p>\n\n\n\n<p><strong>Realiza\u010dn\u00ed t\u00fdm:<\/strong><\/p>\n\n\n\n<p>1. Viktor Zapletal<\/p>\n\n\n\n<p>2. Mat\u011bj Charv\u00e1t<\/p>\n\n\n\n<p>3. Tom\u00e1\u0161 Hr\u016fza<\/p>\n\n\n\n<p>4. Ji\u0159\u00ed \u0160t\u011bpan\u00edk<\/p>\n\n\n\n<p>5. Jakub \u0160ulc<\/p>\n\n\n\n<p>6. Martin Jarou\u0161<\/p>\n\n\n\n<p>7. Robert Novotn\u00fd<\/p>\n\n\n\n<hr class=\"wp-block-separator\"\/>\n\n\n\n<p><em>Foto: Michal \u010cerven\u00fd<\/em><\/p>\n","protected":false},"excerpt":{"rendered":"<p>Na z\u00e1klad\u011b Nomina\u010dn\u00edch krit\u00e9ri\u00ed MTB XCO, XCO a souhlasu Komise MTB \u010cSC n\u00ed\u017ee zve\u0159ej\u0148uje reprezenta\u010dn\u00ed tren\u00e9r Viktor Zapletal nominaci k&nbsp;z\u00e1vod\u016fm:&nbsp;JWS XCO NMNM, MS XCO Leogang, ME XCO Mt. Tamaro, MS XCM Sakarya. 1. JWS XCO NMNM: Juniorky: 1. Ad\u00e9la Holubov\u00e1 (kola-bbm.cz), 2002 2. Aneta Novotn\u00e1 (Adastra Cycling Team), 2003 3. Zuzana Kadlecov\u00e1 (Adastra Cycling Team), [&hellip;]<\/p>\n","protected":false},"author":9,"featured_media":2264,"comment_status":"closed","ping_status":"open","sticky":false,"template":"","format":"standard","meta":{"footnotes":""},"categories":[17,110,109,6,2,103],"tags":[10],"class_list":["post-2263","post","type-post","status-publish","format-standard","has-post-thumbnail","hentry","category-discipliny","category-mtb-xco-xcm","category-mtb-trial-reprezentace","category-mtb","category-novinky","category-reprezentace","tag-mtb"],"_links":{"self":[{"href":"https:\/\/www.czechcyclingfederation.com\/en\/wp-json\/wp\/v2\/posts\/2263","targetHints":{"allow":["GET"]}}],"collection":[{"href":"https:\/\/www.czechcyclingfederation.com\/en\/wp-json\/wp\/v2\/posts"}],"about":[{"href":"https:\/\/www.czechcyclingfederation.com\/en\/wp-json\/wp\/v2\/types\/post"}],"author":[{"embeddable":true,"href":"https:\/\/www.czechcyclingfederation.com\/en\/wp-json\/wp\/v2\/users\/9"}],"replies":[{"embeddable":true,"href":"https:\/\/www.czechcyclingfederation.com\/en\/wp-json\/wp\/v2\/comments?post=2263"}],"version-history":[{"count":5,"href":"https:\/\/www.czechcyclingfederation.com\/en\/wp-json\/wp\/v2\/posts\/2263\/revisions"}],"predecessor-version":[{"id":2285,"href":"https:\/\/www.czechcyclingfederation.com\/en\/wp-json\/wp\/v2\/posts\/2263\/revisions\/2285"}],"wp:featuredmedia":[{"embeddable":true,"href":"https:\/\/www.czechcyclingfederation.com\/en\/wp-json\/wp\/v2\/media\/2264"}],"wp:attachment":[{"href":"https:\/\/www.czechcyclingfederation.com\/en\/wp-json\/wp\/v2\/media?parent=2263"}],"wp:term":[{"taxonomy":"category","embeddable":true,"href":"https:\/\/www.czechcyclingfederation.com\/en\/wp-json\/wp\/v2\/categories?post=2263"},{"taxonomy":"post_tag","embeddable":true,"href":"https:\/\/www.czechcyclingfederation.com\/en\/wp-json\/wp\/v2\/tags?post=2263"}],"curies":[{"name":"wp","href":"https:\/\/api.w.org\/{rel}","templated":true}]}}