{"id":2260,"date":"2020-09-14T11:06:07","date_gmt":"2020-09-14T09:06:07","guid":{"rendered":"http:\/\/www.czechcyclingfederation.com\/?p=2260"},"modified":"2020-09-21T10:52:19","modified_gmt":"2020-09-21T08:52:19","slug":"bittner-stvrdil-prvenstvi-v-techniserv-cupu","status":"publish","type":"post","link":"https:\/\/www.czechcyclingfederation.com\/en\/bittner-stvrdil-prvenstvi-v-techniserv-cupu\/","title":{"rendered":"Bittner stvrdil prvenstv\u00ed v Techniserv Cupu"},"content":{"rendered":"\n<p><\/p>\n\n\n\n<p>Juniorsk\u00fd vicemistr Evropy Pavel Bittner z Mapei Merida Ka\u0148kovsk\u00fd d\u00e1le potvrzuje svoji skv\u011blou formu. Prvenstv\u00edm v p\u0159edposledn\u00edm d\u011bjstv\u00ed seri\u00e1lu Technisterv Cupu na krit\u00e9riu v&nbsp;Lovosic\u00edch stvrdil sv\u00e9 celkov\u00e9 v\u00edt\u011bzstv\u00ed v&nbsp;cel\u00e9m seri\u00e1lu. Nasb\u00edral 25 bod\u016f, zat\u00edmco druh\u00fd v&nbsp;po\u0159ad\u00ed David Kopelent (TJ Favorit Brno) pouze osm a spolu byli jedin\u00ed, kte\u0159\u00ed dok\u00e1zali z\u00edskat okruh n\u00e1skoku.<\/p>\n\n\n\n<p>Mezi \u017eenami si celkov\u00e9 veden\u00ed udr\u017eela Nikola Bajgerov\u00e1 z&nbsp;Dukly Praha, kter\u00e1 skon\u010dila t\u0159et\u00ed, ale v\u00edt\u011bzn\u00e1 Jarmila Macha\u010dov\u00e1, jej\u00ed t\u00fdmov\u00e1 kolegyn\u011b, n\u00e1skok Bajgerov\u00e9 sn\u00ed\u017eila a o celkov\u00e9 v\u00edt\u011bzce e rozhodne a\u017e v&nbsp;z\u00e1v\u011bre\u010dn\u00e9m z\u00e1vod\u011b 27. z\u00e1\u0159\u00ed v&nbsp;Kyjov\u011b.<\/p>\n\n\n\n<p>Junio\u0159i:<\/p>\n\n\n\n<p>1. Bittner (Mapei Merida Ka\u0148kovsk\u00fd) 25, 2. Kopelent (TJ Favorit Brno) 8, 3. \u010cepek (Dukla Praha) -1 kolo\/ 13, 4. Kova\u0159\u010d\u00edk (TUFO Pardus Prost\u011bjov) -1 kolo\/6, 5. \u0160irok\u00fd -1 kolo\/4.<\/p>\n\n\n\n<p>Kadeti:<\/p>\n\n\n\n<p>1. Nov\u00e1k (TUFO Pardus Prost\u011bjov) 17, 2. Teleck\u00fd (TJ Favorit Brno) 14, 3. Kadlec (Dukla Praha) 13.<\/p>\n\n\n\n<p>Star\u0161\u00ed \u017e\u00e1ci:<\/p>\n\n\n\n<p>1. Poda\u0159il (Dukla Praha) 16, 2. Zah\u00e1lka (CK Slavoj Terez\u00edn) 10, 3. \u017den\u00ed\u0161ek (Lyko Klub Prachatice) 6.<\/p>\n\n\n\n<p>Mlad\u0161\u00ed \u017e\u00e1ci:<\/p>\n\n\n\n<p>1. Kub\u011bna (Akademie cyklistick\u00fdch klub\u016f), 2. Vorel (Skiandbike Kunratice), 3. Hub\u00e1\u010dek (TJ Favorit Brno).<\/p>\n\n\n\n<p>Mlad\u0161\u00ed \u017e\u00e1kyn\u011b:<\/p>\n\n\n\n<p>1. Cermanov\u00e1 (Author Team Stupno), 2. Str\u00e1nsk\u00e1 (Ivar CS &#8211; Author Team), 3. Hartychov\u00e1 (Auto\u0161koda Ml. Boleslav).<\/p>\n\n\n\n<p>Star\u0161\u00ed \u017e\u00e1kyn\u011b:<\/p>\n\n\n\n<p>1. Jadrn\u00e1 (Sportcomplex B\u0159eclav) 15, 2. Strakat\u00e1 (Dukla Praha) 7, 3. \u010cern\u00e1 (Auto\u0161koda Ml. Boleslav) 6.<\/p>\n\n\n\n<p>Kadetky:<\/p>\n\n\n\n<p>1. A. Jaborn\u00edkov\u00e1 20, 2. Mik\u0161an\u00edkov\u00e1 (ob\u011b Sportcomplex B\u0159eclav) 17, 3. Markov\u00e1 (Dukla Praha) 9.<\/p>\n\n\n\n<p>\u017deny a juniorky:<\/p>\n\n\n\n<p>1. Macha\u010dov\u00e1 24, 2. \u0160ev\u010d\u00edkov\u00e1 19, 3. Bajgerov\u00e1 16, 4. Burlov\u00e1 (v\u0161echny Dukla Praha) 12, 5. Noskov\u00e1 (\u00c9quipe PauleKa) 3, 6. Ungermanov\u00e1 (Auto\u0161koda Ml. Boleslav) 2.<\/p>\n\n\n\n<p>Mu\u017ei &#8211; vlo\u017een\u00fd z\u00e1vod:<\/p>\n\n\n\n<p>1. Wolf (SK Favorit B\u00edlina) 30, 2. Horulko (Auto\u0161koda Ml. Boleslav) 14, 3. Je\u017eek (IVAR CS Author Team) 11.<\/p>\n\n\n\n<p>FOTO Mapei Merida Ka\u0148kovsk\u00fd<\/p>\n","protected":false},"excerpt":{"rendered":"<p>Juniorsk\u00fd vicemistr Evropy Pavel Bittner z Mapei Merida Ka\u0148kovsk\u00fd d\u00e1le potvrzuje svoji skv\u011blou formu. Prvenstv\u00edm v p\u0159edposledn\u00edm d\u011bjstv\u00ed seri\u00e1lu Technisterv Cupu na krit\u00e9riu v&nbsp;Lovosic\u00edch stvrdil sv\u00e9 celkov\u00e9 v\u00edt\u011bzstv\u00ed v&nbsp;cel\u00e9m seri\u00e1lu. Nasb\u00edral 25 bod\u016f, zat\u00edmco druh\u00fd v&nbsp;po\u0159ad\u00ed David Kopelent (TJ Favorit Brno) pouze osm a spolu byli jedin\u00ed, kte\u0159\u00ed dok\u00e1zali z\u00edskat okruh n\u00e1skoku. Mezi \u017eenami si [&hellip;]<\/p>\n","protected":false},"author":8,"featured_media":2261,"comment_status":"closed","ping_status":"open","sticky":false,"template":"","format":"standard","meta":{"footnotes":""},"categories":[2,18],"tags":[11],"class_list":["post-2260","post","type-post","status-publish","format-standard","has-post-thumbnail","hentry","category-novinky","category-silnice","tag-silnice"],"_links":{"self":[{"href":"https:\/\/www.czechcyclingfederation.com\/en\/wp-json\/wp\/v2\/posts\/2260","targetHints":{"allow":["GET"]}}],"collection":[{"href":"https:\/\/www.czechcyclingfederation.com\/en\/wp-json\/wp\/v2\/posts"}],"about":[{"href":"https:\/\/www.czechcyclingfederation.com\/en\/wp-json\/wp\/v2\/types\/post"}],"author":[{"embeddable":true,"href":"https:\/\/www.czechcyclingfederation.com\/en\/wp-json\/wp\/v2\/users\/8"}],"replies":[{"embeddable":true,"href":"https:\/\/www.czechcyclingfederation.com\/en\/wp-json\/wp\/v2\/comments?post=2260"}],"version-history":[{"count":1,"href":"https:\/\/www.czechcyclingfederation.com\/en\/wp-json\/wp\/v2\/posts\/2260\/revisions"}],"predecessor-version":[{"id":2262,"href":"https:\/\/www.czechcyclingfederation.com\/en\/wp-json\/wp\/v2\/posts\/2260\/revisions\/2262"}],"wp:featuredmedia":[{"embeddable":true,"href":"https:\/\/www.czechcyclingfederation.com\/en\/wp-json\/wp\/v2\/media\/2261"}],"wp:attachment":[{"href":"https:\/\/www.czechcyclingfederation.com\/en\/wp-json\/wp\/v2\/media?parent=2260"}],"wp:term":[{"taxonomy":"category","embeddable":true,"href":"https:\/\/www.czechcyclingfederation.com\/en\/wp-json\/wp\/v2\/categories?post=2260"},{"taxonomy":"post_tag","embeddable":true,"href":"https:\/\/www.czechcyclingfederation.com\/en\/wp-json\/wp\/v2\/tags?post=2260"}],"curies":[{"name":"wp","href":"https:\/\/api.w.org\/{rel}","templated":true}]}}