{"id":2246,"date":"2020-09-13T19:22:25","date_gmt":"2020-09-13T17:22:25","guid":{"rendered":"http:\/\/www.czechcyclingfederation.com\/?p=2246"},"modified":"2020-09-21T11:14:02","modified_gmt":"2020-09-21T09:14:02","slug":"casovku-druzstev-na-mcr-ovladli-jezdci-elkov-kasper","status":"publish","type":"post","link":"https:\/\/www.czechcyclingfederation.com\/en\/casovku-druzstev-na-mcr-ovladli-jezdci-elkov-kasper\/","title":{"rendered":"\u010casovku dru\u017estev na M\u010cR ovl\u00e1dli jezdci Elkov-Kasper"},"content":{"rendered":"\n<p><\/p>\n\n\n\n<p>Silni\u010dn\u00ed cyklist\u00e9 si dnes rozd\u011blili posledn\u00ed leto\u0161n\u00ed medaile na dom\u00e1c\u00edm \u0161ampion\u00e1tu. Na programu v \u017didovici byly t\u00fdmov\u00e9 \u010dasovky. Tu mu\u017eskou, dlouhou 45 kilometr\u016f, ovl\u00e1dli cyklist\u00e9 nejlep\u0161\u00ed \u010desk\u00e9 st\u00e1je Elkov-Kasper. Zlato vybojoval kvartet Jan B\u00e1rta, Michael Kukrle, Michal Schlegel a Jakub Otruba \u010dasem 57:24. O 1:45 byli pomalej\u0161\u00ed jejich kolegov\u00e9 z t\u00fdmu Adam \u0164oupal\u00edk, Dominik Neuman, Alois Ka\u0148kovsk\u00fd a Mat\u011bj Zah\u00e1lka. Bronz z\u00edskali Vojt\u011bch \u0158epa, Jakub Bou\u010dek, Jakub \u0164oupal\u00edk a Petr Klabouch z Topforex &#8211; Lapierre Pro cycling Team, jejich odstup byl dv\u011b a p\u016fl minuty.<\/p>\n\n\n\n<p>Stejn\u011b dominantn\u00ed mezi \u017eenami na trati 15 km dlouh\u00e9 byly z\u00e1vodnice Dukly Praha. Zlato z\u00edskala dvojice Tereza Korvasov\u00e1 a Jarmila Macha\u010dov\u00e1 \u010dasem 22:33, druh\u00e9 Nikola Bajgerov\u00e1 a Petra \u0160ev\u010d\u00edkov\u00e1 byl pomalej\u0161\u00ed o 21 vte\u0159in.<\/p>\n\n\n\n<p>Stejn\u011b p\u0159esv\u011bd\u010div\u011b si vedly mezi juniorkami Krist\u00fdna Burlov\u00e1 a Dagmar Hejhalov\u00e1 z Dukly Praha. Junior\u016fm na p\u011bta\u010dty\u0159icetikilometrov\u00e9 trati kralovali Maty\u00e1\u0161 Fiala a V\u00e1clav Dost\u00e1l (oba \u010cEZ Cyklo Team T\u00e1bor) dopln\u011bni Pavlem Jind\u0159ichem (TJ Stadion Louny) a Martinem \u010cepkem z Dukly Praha.<\/p>\n\n\n\n<p>V\u00fdsledky:<\/p>\n\n\n\n<p>Mlad\u0161\u00ed \u017e\u00e1kyn\u011b (15 km):<\/p>\n\n\n\n<p>1. Kr\u00e1tk\u00e1, Str\u00e1nsk\u00e1 (Bike Freaks Holice\/IVAR CS &#8211; Author Team) 26:37, 2. Grohmanov\u00e1, Cermanov\u00e1 (Author Team Stupno) +0,820, 3. Kroupov\u00e1, Vot\u00edpkov\u00e1 (Akademie cyklistick\u00fdch sport\u016f) +4:40.<\/p>\n\n\n\n<p>Star\u0161\u00ed \u017e\u00e1kyn\u011b (15 km):<\/p>\n\n\n\n<p>1. Jadrn\u00e1, Dubcov\u00e1 (Sportcomplex B\u0159eclav\/Team Forman Cinelli) 25:10, 2. Vikov\u00e1, Strakat\u00e1 (Dukla Praha) +19, 3. N. Ka\u0148kovsk\u00e1, Mikul\u00e1\u0161kov\u00e1 (Mapei Merida Ka\u0148kovsk\u00fd\/Sportcomplex B\u0159eclav) +29.<\/p>\n\n\n\n<p>Kadetky (15 km):<\/p>\n\n\n\n<p>1. Markov\u00e1, R\u016f\u017ei\u010dkov\u00e1 (Dukla Praha) 23:26, 2. Grulichov\u00e1, M\u00fcllerov\u00e1 (TUFO Pardus Prost\u011bjov) +51, 3. Folt\u00fdnov\u00e1, Sp\u011b\u0161n\u00e1 (MS Bike Academy Racing) +51.<\/p>\n\n\n\n<p>Juniorky (15 km):<\/p>\n\n\n\n<p>1. Burlov\u00e1, Hejhalov\u00e1 (Dukla Praha) 22:54, 2. B\u00e1rtov\u00e1, Lochmanov\u00e1 (TUFO Pardus Prost\u011bjov) +1:17, 3. Navrkalov\u00e1, Drbohlavov\u00e1 (Ethic Sport cycling team\/KC Kooperativa Jablonec n. N.) +1:54.<\/p>\n\n\n\n<p>\u017deny (15 km):<\/p>\n\n\n\n<p>1. Korvasov\u00e1, Macha\u010dov\u00e1 22:33, 2. Bajgerov\u00e1, \u0160ev\u010d\u00edkov\u00e1 (v\u0161echny Dukla Praha) +21, 3. Kohoutkov\u00e1, Hartychov\u00e1 (Dukla Praha\/Cyklostar Trek Mercedes-Benz Praha) +1:13.<\/p>\n\n\n\n<p>Mlad\u0161\u00ed \u017e\u00e1ci (15 km):<\/p>\n\n\n\n<p>1. Svoboda, Vorel (ADASTRA Cycling Team\/Skiandbike Kunratice Team) 25:11, 2. Kub\u011bna, Z\u00e1horec (Akademie cyklistick\u00fdch sport\u016f) +1:03, 3. \u017duf\u00e1nek, Hub\u00e1\u010dek (CK Dacom Pharma Kyjov\/TJ Favorit Brno) +1:32.<\/p>\n\n\n\n<p>Star\u0161\u00ed \u017e\u00e1ci (15 km):<\/p>\n\n\n\n<p>1. Brad\u00e1\u010d, Poda\u0159il (Dukla Praha) 22:15, 2. Urb\u00e1nek, F\u00fcrbach (Cykloteam Ostrov\/Profi Sport Cheb) +13, 3. Falt\u00fdnek, \u0160ump\u00edk (\u010cEZ Cyklo Team T\u00e1bor\/Jaroslav Kulhavy Cycling Team) +29.<\/p>\n\n\n\n<p>Kadeti (30 km):<\/p>\n\n\n\n<p>1. Teleck\u00fd, Muro\u0148, Van\u00ed\u010dek, Vyso\u010dan (TJ Favorit Brno\/Sportcompex B\u0159eclav) 42:12, 2. Nov\u00e1k, \u0160tec, Pokorn\u00fd, V. Kobl\u00ed\u017eek (TUFO Pardus Prost\u011bjov) +27, 3. Luke\u0161, Mr\u00e1z, P\u0159idal, Dr\u00e1pela (Carla.kupkolo.cz\/Mapei Merida Ka\u0148kovsk\u00fd) +49.<\/p>\n\n\n\n<p>Junio\u0159i (45 km):<\/p>\n\n\n\n<p>1. Fiala, Dost\u00e1l, Jind\u0159ich, \u010cepek (\u010cEZ Cyklo Team T\u00e1bor\/TJ Stadion Louny\/Dukla Praha) 1:03:36, 2. Bittner, Obdr\u017e\u00e1lek, Vall, Havrlant (Mapei Merida Ka\u0148kovsk\u00fd) +32, 3. Jel\u00ednek, \u010cekal, Kopelent, \u0160irok\u00fd (TJ Favorit Brno) +1:34.<\/p>\n\n\n\n<p>Mu\u017ei (45 km):<\/p>\n\n\n\n<p>1. J. B\u00e1rta, Kukrle, Schlegel, Otruba 57:24, 2. A. \u0164oupal\u00edk, Neuman, Ka\u0148kovsk\u00fd, M. Zah\u00e1lka (v\u0161ichni Elkov &#8211; Kasper) +1:45, 3. \u0158epa, Bou\u010dek, J. \u0164oupal\u00edk, Klabouch (Topforex &#8211; Lapierre Pro cycling Team) +2:30, 4. Kraus, Pietrula, Ka\u0161par, Jano\u0161 (Dukla Praha) +3:04, 5. Modlitba, Pile\u010dek, Vochoska, Schuran (CK P\u0159\u00edbram &#8211; Fany GASTRO) +8:08.<\/p>\n\n\n\n<p>FOTO Elkov-Kasper\/Dukla Praha<\/p>\n\n\n\n<figure class=\"wp-block-image size-large\"><img loading=\"lazy\" decoding=\"async\" width=\"720\" height=\"960\" src=\"https:\/\/www.czechcyclingfederation.com\/wp-content\/uploads\/2020\/09\/119444376_3331984710211006_139238702515562609_n.jpg\" alt=\"\" class=\"wp-image-2248\" srcset=\"https:\/\/www.czechcyclingfederation.com\/wp-content\/uploads\/2020\/09\/119444376_3331984710211006_139238702515562609_n.jpg 720w, https:\/\/www.czechcyclingfederation.com\/wp-content\/uploads\/2020\/09\/119444376_3331984710211006_139238702515562609_n-150x200.jpg 150w\" sizes=\"auto, (max-width: 720px) 100vw, 720px\" \/><\/figure>\n\n\n\n<figure class=\"wp-block-image size-large\"><img loading=\"lazy\" decoding=\"async\" width=\"960\" height=\"720\" src=\"https:\/\/www.czechcyclingfederation.com\/wp-content\/uploads\/2020\/09\/119217450_3332278730181604_5844077948202986821_n.jpg\" alt=\"\" class=\"wp-image-2249\" srcset=\"https:\/\/www.czechcyclingfederation.com\/wp-content\/uploads\/2020\/09\/119217450_3332278730181604_5844077948202986821_n.jpg 960w, https:\/\/www.czechcyclingfederation.com\/wp-content\/uploads\/2020\/09\/119217450_3332278730181604_5844077948202986821_n-267x200.jpg 267w, https:\/\/www.czechcyclingfederation.com\/wp-content\/uploads\/2020\/09\/119217450_3332278730181604_5844077948202986821_n-768x576.jpg 768w\" sizes=\"auto, (max-width: 960px) 100vw, 960px\" \/><\/figure>\n\n\n<div class=\"wp-block-file\">\r\n                <a target=\"_blank\" rel=\"noopener\" href=\"https:\/\/www.czechcyclingfederation.com\/wp-content\/uploads\/2020\/09\/V200913-\u017didovice-M\u010cR-dru\u017estva_fin\u00e1l.pdf\" class=\"wp-block-file__button wp-element-button\">\r\n                    <span class=\"wp-block-file__icon\"><\/span>\r\n                    V200913-\u017didovice-M\u010cR-dru\u017estva_fin\u00e1l\r\n                <\/a>\r\n            <\/div>","protected":false},"excerpt":{"rendered":"<p>Silni\u010dn\u00ed cyklist\u00e9 si dnes rozd\u011blili posledn\u00ed leto\u0161n\u00ed medaile na dom\u00e1c\u00edm \u0161ampion\u00e1tu. Na programu v \u017didovici byly t\u00fdmov\u00e9 \u010dasovky. Tu mu\u017eskou, dlouhou 45 kilometr\u016f, ovl\u00e1dli cyklist\u00e9 nejlep\u0161\u00ed \u010desk\u00e9 st\u00e1je Elkov-Kasper. Zlato vybojoval kvartet Jan B\u00e1rta, Michael Kukrle, Michal Schlegel a Jakub Otruba \u010dasem 57:24. O 1:45 byli pomalej\u0161\u00ed jejich kolegov\u00e9 z t\u00fdmu Adam \u0164oupal\u00edk, Dominik Neuman, [&hellip;]<\/p>\n","protected":false},"author":8,"featured_media":2247,"comment_status":"closed","ping_status":"open","sticky":false,"template":"","format":"standard","meta":{"footnotes":""},"categories":[2,18],"tags":[11],"class_list":["post-2246","post","type-post","status-publish","format-standard","has-post-thumbnail","hentry","category-novinky","category-silnice","tag-silnice"],"_links":{"self":[{"href":"https:\/\/www.czechcyclingfederation.com\/en\/wp-json\/wp\/v2\/posts\/2246","targetHints":{"allow":["GET"]}}],"collection":[{"href":"https:\/\/www.czechcyclingfederation.com\/en\/wp-json\/wp\/v2\/posts"}],"about":[{"href":"https:\/\/www.czechcyclingfederation.com\/en\/wp-json\/wp\/v2\/types\/post"}],"author":[{"embeddable":true,"href":"https:\/\/www.czechcyclingfederation.com\/en\/wp-json\/wp\/v2\/users\/8"}],"replies":[{"embeddable":true,"href":"https:\/\/www.czechcyclingfederation.com\/en\/wp-json\/wp\/v2\/comments?post=2246"}],"version-history":[{"count":2,"href":"https:\/\/www.czechcyclingfederation.com\/en\/wp-json\/wp\/v2\/posts\/2246\/revisions"}],"predecessor-version":[{"id":2252,"href":"https:\/\/www.czechcyclingfederation.com\/en\/wp-json\/wp\/v2\/posts\/2246\/revisions\/2252"}],"wp:featuredmedia":[{"embeddable":true,"href":"https:\/\/www.czechcyclingfederation.com\/en\/wp-json\/wp\/v2\/media\/2247"}],"wp:attachment":[{"href":"https:\/\/www.czechcyclingfederation.com\/en\/wp-json\/wp\/v2\/media?parent=2246"}],"wp:term":[{"taxonomy":"category","embeddable":true,"href":"https:\/\/www.czechcyclingfederation.com\/en\/wp-json\/wp\/v2\/categories?post=2246"},{"taxonomy":"post_tag","embeddable":true,"href":"https:\/\/www.czechcyclingfederation.com\/en\/wp-json\/wp\/v2\/tags?post=2246"}],"curies":[{"name":"wp","href":"https:\/\/api.w.org\/{rel}","templated":true}]}}