{"id":2243,"date":"2020-09-13T18:54:57","date_gmt":"2020-09-13T16:54:57","guid":{"rendered":"http:\/\/www.czechcyclingfederation.com\/?p=2243"},"modified":"2020-09-21T10:53:00","modified_gmt":"2020-09-21T08:53:00","slug":"akademickymi-mistry-cr-v-cross-country-jsou-saskova-a-prudek","status":"publish","type":"post","link":"https:\/\/www.czechcyclingfederation.com\/en\/akademickymi-mistry-cr-v-cross-country-jsou-saskova-a-prudek\/","title":{"rendered":"Akademick\u00fdmi mistry \u010cR v cross country jsou S\u00e1skov\u00e1 a Pr\u016fdek"},"content":{"rendered":"\n<p><\/p>\n\n\n\n<p>Akademick\u00fdmi mistry \u010cesk\u00e9 republiky v olympijsk\u00e9m cross country se pro rok 2020 stali Tereza S\u00e1skov\u00e1 z V\u0160 finan\u010dn\u00ed a spr\u00e1vn\u00ed\/Rouvy Specialized a Mat\u011bj Pr\u016fdek (Masarykova univerzita\/Multicraft MTB team). \u0160ampion\u00e1t se uskute\u010dnil v r\u00e1mci fin\u00e1lov\u00e9ho z\u00e1vodu \u0160KODA TOMKET Pra\u017esk\u00e9ho MTB poh\u00e1ru v Praze Libu\u0161i.<\/p>\n\n\n\n<p>Na p\u0159\u00edrodn\u00ed hrav\u00e9 a fyzicky n\u00e1ro\u010dn\u00e9 trati se nejv\u00edce da\u0159ilo \u00fasp\u011b\u0161n\u00fdm reprezentant\u016fm. S\u00e1skov\u00e1 vybojovala mistrovsk\u00fd trikot d\u00edky bezchybn\u00e9 j\u00edzd\u011b a konstantn\u00edmu, velmi vysok\u00e9mu tempu, kter\u00e9 se j\u00ed da\u0159ilo udr\u017eet po cel\u00fd z\u00e1vod. Na stupn\u011b v\u00edt\u011bz\u016f ji doprovodily Veronika Kub\u00ednov\u00e1 (Z\u00e1pado\u010desk\u00e1 univerzita v Plzni\/MS Bike Academy) a Denisa Knapkov\u00e1 (Univerzita Palack\u00e9ho Olomouc\/OPLT Cycling).&nbsp;<\/p>\n\n\n\n<p>Souboj mu\u017e\u016f o akademick\u00fd titul nab\u00eddnul opravdovou bitvu. A\u017e do poloviny z\u00e1vodu se na \u010dele pohybovala velmi rychle jedouc\u00ed skupina \u0161esti jezdc\u016f se v\u0161emi favority. Mat\u011bj Pr\u016fdek rozhodl z\u00e1vod v\u00fdborn\u011b na\u010dasovan\u00fdm n\u00e1stupem v n\u00e1ro\u010dn\u00e9m v\u00fdjezdu, kde se mu poda\u0159ilo z\u00edskat n\u00e1skok na sv\u00e9 hlavn\u00ed soupe\u0159e z Vysok\u00e9 \u0161koly ekonomick\u00e9 v Praze Samuela Jirou\u0161e a Jarom\u00edra Sk\u00e1lu (oba ROUVY Specialized), kter\u00fd pot\u00e9 udr\u017eel a\u017e do c\u00edle.&nbsp;<\/p>\n\n\n\n<p>V\u00fdsledky:<\/p>\n\n\n\n<p>Mu\u017ei:<\/p>\n\n\n\n<p>1. Pr\u016fdek (Masarykova univerzita\/Multicraft MTB team), 2. Jirou\u0161, 3. Sk\u00e1la (oba V\u0160 ekononick\u00e1 Praha\/Rouvy Specialized).<\/p>\n\n\n\n<p>\u017deny:<\/p>\n\n\n\n<p>1. S\u00e1skov\u00e1 (V\u0160 finan\u010dn\u00ed a spr\u00e1vn\u00ed\/Rouvy Specialized), 2. Kub\u00ednov\u00e1 (Z\u00e1pado\u010desk\u00e1 univerzita v Plzni\/MS Bike Academy Racing), 3. Knapkov\u00e1 (Univerzita Palack\u00e9ho v Olomouc\/Oplt Cycling).<\/p>\n\n\n\n<p>FOTO Barbora Klap<\/p>\n","protected":false},"excerpt":{"rendered":"<p>Akademick\u00fdmi mistry \u010cesk\u00e9 republiky v olympijsk\u00e9m cross country se pro rok 2020 stali Tereza S\u00e1skov\u00e1 z V\u0160 finan\u010dn\u00ed a spr\u00e1vn\u00ed\/Rouvy Specialized a Mat\u011bj Pr\u016fdek (Masarykova univerzita\/Multicraft MTB team). \u0160ampion\u00e1t se uskute\u010dnil v r\u00e1mci fin\u00e1lov\u00e9ho z\u00e1vodu \u0160KODA TOMKET Pra\u017esk\u00e9ho MTB poh\u00e1ru v Praze Libu\u0161i. Na p\u0159\u00edrodn\u00ed hrav\u00e9 a fyzicky n\u00e1ro\u010dn\u00e9 trati se nejv\u00edce da\u0159ilo \u00fasp\u011b\u0161n\u00fdm reprezentant\u016fm. [&hellip;]<\/p>\n","protected":false},"author":8,"featured_media":2244,"comment_status":"closed","ping_status":"open","sticky":false,"template":"","format":"standard","meta":{"footnotes":""},"categories":[6,2],"tags":[10],"class_list":["post-2243","post","type-post","status-publish","format-standard","has-post-thumbnail","hentry","category-mtb","category-novinky","tag-mtb"],"_links":{"self":[{"href":"https:\/\/www.czechcyclingfederation.com\/en\/wp-json\/wp\/v2\/posts\/2243","targetHints":{"allow":["GET"]}}],"collection":[{"href":"https:\/\/www.czechcyclingfederation.com\/en\/wp-json\/wp\/v2\/posts"}],"about":[{"href":"https:\/\/www.czechcyclingfederation.com\/en\/wp-json\/wp\/v2\/types\/post"}],"author":[{"embeddable":true,"href":"https:\/\/www.czechcyclingfederation.com\/en\/wp-json\/wp\/v2\/users\/8"}],"replies":[{"embeddable":true,"href":"https:\/\/www.czechcyclingfederation.com\/en\/wp-json\/wp\/v2\/comments?post=2243"}],"version-history":[{"count":1,"href":"https:\/\/www.czechcyclingfederation.com\/en\/wp-json\/wp\/v2\/posts\/2243\/revisions"}],"predecessor-version":[{"id":2245,"href":"https:\/\/www.czechcyclingfederation.com\/en\/wp-json\/wp\/v2\/posts\/2243\/revisions\/2245"}],"wp:featuredmedia":[{"embeddable":true,"href":"https:\/\/www.czechcyclingfederation.com\/en\/wp-json\/wp\/v2\/media\/2244"}],"wp:attachment":[{"href":"https:\/\/www.czechcyclingfederation.com\/en\/wp-json\/wp\/v2\/media?parent=2243"}],"wp:term":[{"taxonomy":"category","embeddable":true,"href":"https:\/\/www.czechcyclingfederation.com\/en\/wp-json\/wp\/v2\/categories?post=2243"},{"taxonomy":"post_tag","embeddable":true,"href":"https:\/\/www.czechcyclingfederation.com\/en\/wp-json\/wp\/v2\/tags?post=2243"}],"curies":[{"name":"wp","href":"https:\/\/api.w.org\/{rel}","templated":true}]}}