{"id":2233,"date":"2020-09-09T16:01:35","date_gmt":"2020-09-09T14:01:35","guid":{"rendered":"http:\/\/www.czechcyclingfederation.com\/?p=2233"},"modified":"2020-09-14T17:03:37","modified_gmt":"2020-09-14T15:03:37","slug":"mistrovstvi-cr-v-casovkach-druzstev","status":"publish","type":"post","link":"https:\/\/www.czechcyclingfederation.com\/en\/mistrovstvi-cr-v-casovkach-druzstev\/","title":{"rendered":"Mistrovstv\u00ed \u010cR v \u010dasovk\u00e1ch dru\u017estev"},"content":{"rendered":"\n<p><\/p>\n\n\n\n<p>O posledn\u00ed silni\u010dn\u00ed medaile z mistrovstv\u00ed republiky budou star\u0161\u00ed a mlad\u0161\u00ed \u017e\u00e1ci, star\u0161\u00ed a mlad\u0161\u00ed \u017e\u00e1kyn\u011b, kadeti, kadetky, juniorky, \u017eeny, junio\u0159i a mu\u017ei U23 a Elite bojoval v ned\u011ble 13. z\u00e1\u0159\u00ed od 10:00 v \u017didovici u Roudnice nad Labem. Uskute\u010dn\u00ed se zde \u0161ampion\u00e1t v \u010dasovk\u00e1ch dru\u017estev, po\u0159adatelem je CK Slavoj Terez\u00edn.<\/p>\n\n\n\n<p>V kategori\u00edch star\u0161\u00ed \u017e\u00e1ci, star\u0161\u00ed \u017e\u00e1kyn\u011b, kadeti, kadetky, juniorky, \u017eeny startuj\u00ed dvou\u010dlenn\u00e1 dru\u017estva, pro kategorie kadeti, junio\u0159i a mu\u017ei jsou to \u010dty\u0159\u010dlenn\u00e9 t\u00fdmy. \u017deny a juniorky absolvuj\u00ed tra\u0165 dlouhou 16 km, stejn\u00e1 porce kilometr\u016f \u010dek\u00e1 i na star\u0161\u00ed a mlad\u0161\u00ed \u017e\u00e1ky, star\u0161\u00ed a mlad\u0161\u00ed \u017e\u00e1kyn\u011b a kadetky, kadeti pojedou 32 km, junio\u0159i a mu\u017ei pak 48 km.<\/p>\n\n\n\n<p>P\u0159esn\u00e9 \u010dasy start\u016f jednotliv\u00fdch kategori\u00ed, p\u0159\u00edpadn\u011b startovn\u00edch vln, budou up\u0159esn\u011bny na z\u00e1klad\u011b po\u010dtu p\u0159ihl\u00e1\u0161en\u00fdch dru\u017estev. Startovn\u00ed interval je dv\u011b minuty.<\/p>\n\n\n\n<p>Tra\u0165 z\u00e1vodu vede ze \u017didovice p\u0159ed obecn\u00edm \u00fa\u0159adem sm\u011br Roudnice nad Labem na k\u0159i\u017eovatce ost\u0159e vpravo sm\u011br na Rohatce, d\u00e1le na Doksany kde je obr\u00e1tka. D\u00e9lka jednoho okruhu je 16 km.<\/p>\n\n\n\n<p>V souvislost\u00ed s pandemi\u00ed Covid-19 upozor\u0148uje \u0159editel z\u00e1vodu Svatopluk Henke na nutnost m\u00edt rou\u0161ku p\u0159i vstupu do budov, tj. nap\u0159. na technickou poradu.<\/p>\n\n\n<div class=\"wp-block-file\">\r\n                <a target=\"_blank\" rel=\"noopener\" href=\"https:\/\/www.czechcyclingfederation.com\/wp-content\/uploads\/2020\/09\/proposition-49.pdf\" class=\"wp-block-file__button wp-element-button\">\r\n                    <span class=\"wp-block-file__icon\"><\/span>\r\n                    proposition-49\r\n                <\/a>\r\n            <\/div>","protected":false},"excerpt":{"rendered":"<p>O posledn\u00ed silni\u010dn\u00ed medaile z mistrovstv\u00ed republiky budou star\u0161\u00ed a mlad\u0161\u00ed \u017e\u00e1ci, star\u0161\u00ed a mlad\u0161\u00ed \u017e\u00e1kyn\u011b, kadeti, kadetky, juniorky, \u017eeny, junio\u0159i a mu\u017ei U23 a Elite bojoval v ned\u011ble 13. z\u00e1\u0159\u00ed od 10:00 v \u017didovici u Roudnice nad Labem. Uskute\u010dn\u00ed se zde \u0161ampion\u00e1t v \u010dasovk\u00e1ch dru\u017estev, po\u0159adatelem je CK Slavoj Terez\u00edn. V kategori\u00edch star\u0161\u00ed \u017e\u00e1ci, [&hellip;]<\/p>\n","protected":false},"author":8,"featured_media":2234,"comment_status":"closed","ping_status":"open","sticky":false,"template":"","format":"standard","meta":{"footnotes":""},"categories":[2,18],"tags":[11],"class_list":["post-2233","post","type-post","status-publish","format-standard","has-post-thumbnail","hentry","category-novinky","category-silnice","tag-silnice"],"_links":{"self":[{"href":"https:\/\/www.czechcyclingfederation.com\/en\/wp-json\/wp\/v2\/posts\/2233","targetHints":{"allow":["GET"]}}],"collection":[{"href":"https:\/\/www.czechcyclingfederation.com\/en\/wp-json\/wp\/v2\/posts"}],"about":[{"href":"https:\/\/www.czechcyclingfederation.com\/en\/wp-json\/wp\/v2\/types\/post"}],"author":[{"embeddable":true,"href":"https:\/\/www.czechcyclingfederation.com\/en\/wp-json\/wp\/v2\/users\/8"}],"replies":[{"embeddable":true,"href":"https:\/\/www.czechcyclingfederation.com\/en\/wp-json\/wp\/v2\/comments?post=2233"}],"version-history":[{"count":1,"href":"https:\/\/www.czechcyclingfederation.com\/en\/wp-json\/wp\/v2\/posts\/2233\/revisions"}],"predecessor-version":[{"id":2236,"href":"https:\/\/www.czechcyclingfederation.com\/en\/wp-json\/wp\/v2\/posts\/2233\/revisions\/2236"}],"wp:featuredmedia":[{"embeddable":true,"href":"https:\/\/www.czechcyclingfederation.com\/en\/wp-json\/wp\/v2\/media\/2234"}],"wp:attachment":[{"href":"https:\/\/www.czechcyclingfederation.com\/en\/wp-json\/wp\/v2\/media?parent=2233"}],"wp:term":[{"taxonomy":"category","embeddable":true,"href":"https:\/\/www.czechcyclingfederation.com\/en\/wp-json\/wp\/v2\/categories?post=2233"},{"taxonomy":"post_tag","embeddable":true,"href":"https:\/\/www.czechcyclingfederation.com\/en\/wp-json\/wp\/v2\/tags?post=2233"}],"curies":[{"name":"wp","href":"https:\/\/api.w.org\/{rel}","templated":true}]}}