{"id":2225,"date":"2020-09-09T10:41:45","date_gmt":"2020-09-09T08:41:45","guid":{"rendered":"http:\/\/www.czechcyclingfederation.com\/?p=2225"},"modified":"2020-09-09T10:41:45","modified_gmt":"2020-09-09T08:41:45","slug":"grand-prix-duratec-v-plzni-vyhral-boubal","status":"publish","type":"post","link":"https:\/\/www.czechcyclingfederation.com\/en\/grand-prix-duratec-v-plzni-vyhral-boubal\/","title":{"rendered":"Grand Prix Duratec v Plzni vyhr\u00e1l Boubal"},"content":{"rendered":"\n<p><\/p>\n\n\n\n<p>\u010ctvrt\u00fd d\u00edl Giant ligy v Plzni na Rapidu, kter\u00fd se jel jako Grand Prix Duratec, ovl\u00e1dl Martin Boubal z t\u00fdmu CT Weber se ziskem 26 bod\u016f p\u0159ed Denisem Rugovacem (AC Sparta Praha), kter\u00fd nasb\u00edral bod\u016f 17 a t\u0159et\u00ed skon\u010dil s dvan\u00e1cti body Henri Uhlig z N\u011bmecka.<\/p>\n\n\n\n<p>V bodovac\u00edch spurtech tak byl ze za\u010d\u00e1tku velmi aktivn\u00ed dr\u00e1ha\u0159 Rugovac, kter\u00e9mu skv\u011ble sekundovala dvojice Boubal a Uhlig. V z\u00e1vod\u011b byli op\u011bt velice aktivn\u00ed i junio\u0159i z dom\u00e1c\u00edho t\u00fdmu Roman Kreuziger Cycling Academy a p\u0159edev\u0161\u00edm z n\u011bmeck\u00e9ho t\u00fdmu RSV Team Hoeb.ike, mlad\u00edk Luca Kasnya, kter\u00fd dok\u00e1zal nasb\u00edrat neuv\u011b\u0159iteln\u00fdch 14 bod\u016f, co\u017e by mu v kategorii Elite sta\u010dilo na 3. m\u00edsto celkov\u00e9ho hodnocen\u00ed.<\/p>\n\n\n\n<p>Boubalovi ale hodn\u011b pomohli spolujezdci z CT Weber. P\u0159ipravovali mu pozici jak do spurt\u016f a \u00faniku a Boubal toho dok\u00e1zal vy\u017e\u00edt. \u201eBylo to vlastn\u011b jako za mlada, pokusili jsme se v Plzni vyhr\u00e1t a vy\u0161lo to, rozhodne tak posledn\u00ed z\u00e1vod p\u0159\u00ed\u0161t\u00ed t\u00fdden,\u201c \u0159ekl v\u00edt\u011bzn\u00fd Boubal.&nbsp;<\/p>\n\n\n\n<p>Dal\u0161\u00ed d\u00edl Giant ligy pokra\u010duje 8. z\u00e1\u0159\u00ed op\u011bt v Plzni na Rapidu.<\/p>\n\n\n\n<p>V\u00fdsledky:<\/p>\n\n\n\n<p>1. Boubal (CT Weber) 26, 2. Rugovac (AC Sparta Praha) 17, 3. Uhlig (N\u011bm.) 12, 3. Motlidba (CK P\u0159\u00edbram Fany Gastro) 10, 5. \u0160ubrt (Cklo Atom) 7, 6. Novotn\u00fd (CT Weber) 6.<\/p>\n\n\n\n<p>Junio\u0159i:<\/p>\n\n\n\n<p>1. Kasnya (N\u011bm.) 14, 2. Borkovec (KOVO Praha) 9, 3. Sporysch (Roman Kreuziger Cycling Academy) 9.<\/p>\n\n\n\n<p>\u017deny:<\/p>\n\n\n\n<p>1. Macha\u010dov\u00e1 2, 2. \u0160ev\u010d\u00edkov\u00e1, 3. Kohoutkov\u00e1 (v\u0161echny Dukla Praha)<\/p>\n\n\n\n<p>FOTO Tereza Kotalov\u00e1<\/p>\n","protected":false},"excerpt":{"rendered":"<p>\u010ctvrt\u00fd d\u00edl Giant ligy v Plzni na Rapidu, kter\u00fd se jel jako Grand Prix Duratec, ovl\u00e1dl Martin Boubal z t\u00fdmu CT Weber se ziskem 26 bod\u016f p\u0159ed Denisem Rugovacem (AC Sparta Praha), kter\u00fd nasb\u00edral bod\u016f 17 a t\u0159et\u00ed skon\u010dil s dvan\u00e1cti body Henri Uhlig z N\u011bmecka. V bodovac\u00edch spurtech tak byl ze za\u010d\u00e1tku velmi aktivn\u00ed [&hellip;]<\/p>\n","protected":false},"author":8,"featured_media":2226,"comment_status":"closed","ping_status":"open","sticky":false,"template":"","format":"standard","meta":{"footnotes":""},"categories":[2,18],"tags":[11],"class_list":["post-2225","post","type-post","status-publish","format-standard","has-post-thumbnail","hentry","category-novinky","category-silnice","tag-silnice"],"_links":{"self":[{"href":"https:\/\/www.czechcyclingfederation.com\/en\/wp-json\/wp\/v2\/posts\/2225","targetHints":{"allow":["GET"]}}],"collection":[{"href":"https:\/\/www.czechcyclingfederation.com\/en\/wp-json\/wp\/v2\/posts"}],"about":[{"href":"https:\/\/www.czechcyclingfederation.com\/en\/wp-json\/wp\/v2\/types\/post"}],"author":[{"embeddable":true,"href":"https:\/\/www.czechcyclingfederation.com\/en\/wp-json\/wp\/v2\/users\/8"}],"replies":[{"embeddable":true,"href":"https:\/\/www.czechcyclingfederation.com\/en\/wp-json\/wp\/v2\/comments?post=2225"}],"version-history":[{"count":1,"href":"https:\/\/www.czechcyclingfederation.com\/en\/wp-json\/wp\/v2\/posts\/2225\/revisions"}],"predecessor-version":[{"id":2227,"href":"https:\/\/www.czechcyclingfederation.com\/en\/wp-json\/wp\/v2\/posts\/2225\/revisions\/2227"}],"wp:featuredmedia":[{"embeddable":true,"href":"https:\/\/www.czechcyclingfederation.com\/en\/wp-json\/wp\/v2\/media\/2226"}],"wp:attachment":[{"href":"https:\/\/www.czechcyclingfederation.com\/en\/wp-json\/wp\/v2\/media?parent=2225"}],"wp:term":[{"taxonomy":"category","embeddable":true,"href":"https:\/\/www.czechcyclingfederation.com\/en\/wp-json\/wp\/v2\/categories?post=2225"},{"taxonomy":"post_tag","embeddable":true,"href":"https:\/\/www.czechcyclingfederation.com\/en\/wp-json\/wp\/v2\/tags?post=2225"}],"curies":[{"name":"wp","href":"https:\/\/api.w.org\/{rel}","templated":true}]}}