{"id":2218,"date":"2020-09-08T08:22:30","date_gmt":"2020-09-08T06:22:30","guid":{"rendered":"http:\/\/www.czechcyclingfederation.com\/?p=2218"},"modified":"2020-09-14T17:10:09","modified_gmt":"2020-09-14T15:10:09","slug":"uci-zrusila-dalsi-ms","status":"publish","type":"post","link":"https:\/\/www.czechcyclingfederation.com\/en\/uci-zrusila-dalsi-ms\/","title":{"rendered":"UCI zru\u0161ila dal\u0161\u00ed MS"},"content":{"rendered":"\n<p><\/p>\n\n\n\n<p>Mezin\u00e1rodn\u00ed cyklistick\u00e1 unie (UCI) ozn\u00e1mila zru\u0161en\u00ed dal\u0161\u00edch sv\u011btov\u00fdch \u0161ampion\u00e1t\u016f. Vzhledem k sou\u010dasn\u00e9 pandemii Covid-19 UCI zru\u0161ila na \u017e\u00e1dost organiz\u00e1tor\u016f MS v&nbsp;dr\u00e1hov\u00fdch discipl\u00edn\u00e1ch Masters, kter\u00e9 se m\u011blo uskute\u010dnit v Manchesteru od 10. do 17. \u0159\u00edjna. Dal\u0161\u00ed MS se uskute\u010dn\u00ed v&nbsp;p\u0159\u00ed\u0161t\u00edm roce v Los Angeles v term\u00ednu, kter\u00fd bude potvrzen v pozd\u011bj\u0161\u00ed f\u00e1zi.<\/p>\n\n\n\n<p>UCI tak\u00e9 ozn\u00e1mila zru\u0161en\u00ed fin\u00e1le Sv\u011btov\u00e9ho poh\u00e1ru v&nbsp;s\u00e1lov\u00e9 cyklistice napl\u00e1novan\u00e9ho na konec listopadu&nbsp;do n\u011bmeck\u00e9ho Albstadtu. Nejelo se ani MS junior\u016f na dr\u00e1ze, kter\u00e9 m\u011bla hostit K\u00e1hira v&nbsp;srpnu a UCI rozhodla, \u017ee \u0161ampion\u00e1t se na stejn\u00e9m m\u00edst\u011b pojede v&nbsp;p\u0159\u00ed\u0161t\u00edm roce. To se p\u016fvodn\u011b m\u011blo jet&nbsp; v&nbsp;Tel Avivu a izrael\u0161t\u00ed organiz\u00e1to\u0159i souhlasili s odlo\u017een\u00edm jejich akce na srpen 2022.<\/p>\n\n\n\n<p>Kompletn\u00ed zpr\u00e1va UCI se seznamem zru\u0161en\u00fdch akc\u00ed naleznete v&nbsp;p\u0159\u00edloze.<\/p>\n\n\n<div class=\"wp-block-file\">\r\n                <a target=\"_blank\" rel=\"noopener\" href=\"https:\/\/www.czechcyclingfederation.com\/wp-content\/uploads\/2020\/09\/PRESS-RELEASE-Cancellation-of-2020-UCI-Masters-Track-Worlds-and-final-of-2020-UCI-Artistic-Cycling-World-Cup-dates-of-2021-UCI.pdf\" class=\"wp-block-file__button wp-element-button\">\r\n                    <span class=\"wp-block-file__icon\"><\/span>\r\n                    PRESS-RELEASE-Cancellation-of-2020-UCI-Masters-Track-Worlds-and-final-of-2020-UCI-Artistic-Cycling-World-Cup-dates-of-2021-UCI\r\n                <\/a>\r\n            <\/div>","protected":false},"excerpt":{"rendered":"<p>Mezin\u00e1rodn\u00ed cyklistick\u00e1 unie (UCI) ozn\u00e1mila zru\u0161en\u00ed dal\u0161\u00edch sv\u011btov\u00fdch \u0161ampion\u00e1t\u016f. Vzhledem k sou\u010dasn\u00e9 pandemii Covid-19 UCI zru\u0161ila na \u017e\u00e1dost organiz\u00e1tor\u016f MS v&nbsp;dr\u00e1hov\u00fdch discipl\u00edn\u00e1ch Masters, kter\u00e9 se m\u011blo uskute\u010dnit v Manchesteru od 10. do 17. \u0159\u00edjna. Dal\u0161\u00ed MS se uskute\u010dn\u00ed v&nbsp;p\u0159\u00ed\u0161t\u00edm roce v Los Angeles v term\u00ednu, kter\u00fd bude potvrzen v pozd\u011bj\u0161\u00ed f\u00e1zi. UCI tak\u00e9 ozn\u00e1mila zru\u0161en\u00ed [&hellip;]<\/p>\n","protected":false},"author":8,"featured_media":2175,"comment_status":"closed","ping_status":"open","sticky":false,"template":"","format":"standard","meta":{"footnotes":""},"categories":[28,2],"tags":[],"class_list":["post-2218","post","type-post","status-publish","format-standard","has-post-thumbnail","hentry","category-cesky-svaz-cyklistiky","category-novinky"],"_links":{"self":[{"href":"https:\/\/www.czechcyclingfederation.com\/en\/wp-json\/wp\/v2\/posts\/2218","targetHints":{"allow":["GET"]}}],"collection":[{"href":"https:\/\/www.czechcyclingfederation.com\/en\/wp-json\/wp\/v2\/posts"}],"about":[{"href":"https:\/\/www.czechcyclingfederation.com\/en\/wp-json\/wp\/v2\/types\/post"}],"author":[{"embeddable":true,"href":"https:\/\/www.czechcyclingfederation.com\/en\/wp-json\/wp\/v2\/users\/8"}],"replies":[{"embeddable":true,"href":"https:\/\/www.czechcyclingfederation.com\/en\/wp-json\/wp\/v2\/comments?post=2218"}],"version-history":[{"count":2,"href":"https:\/\/www.czechcyclingfederation.com\/en\/wp-json\/wp\/v2\/posts\/2218\/revisions"}],"predecessor-version":[{"id":2253,"href":"https:\/\/www.czechcyclingfederation.com\/en\/wp-json\/wp\/v2\/posts\/2218\/revisions\/2253"}],"wp:featuredmedia":[{"embeddable":true,"href":"https:\/\/www.czechcyclingfederation.com\/en\/wp-json\/wp\/v2\/media\/2175"}],"wp:attachment":[{"href":"https:\/\/www.czechcyclingfederation.com\/en\/wp-json\/wp\/v2\/media?parent=2218"}],"wp:term":[{"taxonomy":"category","embeddable":true,"href":"https:\/\/www.czechcyclingfederation.com\/en\/wp-json\/wp\/v2\/categories?post=2218"},{"taxonomy":"post_tag","embeddable":true,"href":"https:\/\/www.czechcyclingfederation.com\/en\/wp-json\/wp\/v2\/tags?post=2218"}],"curies":[{"name":"wp","href":"https:\/\/api.w.org\/{rel}","templated":true}]}}