{"id":2209,"date":"2020-09-07T12:49:40","date_gmt":"2020-09-07T10:49:40","guid":{"rendered":"http:\/\/www.czechcyclingfederation.com\/?p=2209"},"modified":"2020-09-14T17:08:51","modified_gmt":"2020-09-14T15:08:51","slug":"cesi-ovladli-zavodu-miru-nejmladsich","status":"publish","type":"post","link":"https:\/\/www.czechcyclingfederation.com\/en\/cesi-ovladli-zavodu-miru-nejmladsich\/","title":{"rendered":"\u010ce\u0161i ovl\u00e1dli Z\u00e1vodu m\u00edru nejmlad\u0161\u00edch"},"content":{"rendered":"\n<p><\/p>\n\n\n\n<p>Mlad\u00ed \u010de\u0161t\u00ed jezdci ovl\u00e1dli leto\u0161n\u00ed 44. ro\u010dn\u00edk Z\u00e1vodu m\u00edru nejmlad\u0161\u00edch v&nbsp;Jev\u00ed\u010dku, kter\u00fd je ur\u010den pro kategorii kadet\u016f a je\u017e se jako Memori\u00e1l Zde\u0148ka Sendlera. Celkov\u00fdm v\u00edt\u011bzem se stal jezdec celku TJ Stadion Louny Adam Seeman startuj\u00edc\u00ed v t\u00fdmu Louny mix. Po p\u011bti etap\u00e1ch vyhr\u00e1l o 27 vte\u0159in p\u0159ed \u0160t\u011bp\u00e1nem Teleck\u00fdm, t\u0159et\u00ed skon\u010dil se ztr\u00e1tou 1:14 nizozemsk\u00fd cyklista Menno Huising.<\/p>\n\n\n\n<p>Seeman tak nav\u00e1zal na prvenstv\u00ed brat\u0159\u00ed Vack\u016f, kdy\u017e Karel vyhr\u00e1l 40. ro\u010dn\u00edk a Mathias se radoval p\u0159edloni, jinak v minul\u00fdch letech v\u00edt\u011bzili p\u0159edev\u0161\u00edm d\u00e1n\u0161t\u00ed cyklist\u00e9. P\u016fvodn\u011b se z\u00e1vod m\u011bl jet v kv\u011btnu, kv\u016fli koronavirov\u00e9 pandemii byl ale p\u0159elo\u017een na pozd\u011bj\u0161\u00ed term\u00edn.<\/p>\n\n\n\n<p>Seeman si vedl na trase opravdu v\u00fdborn\u011b, z p\u011bti etap t\u0159i vyhr\u00e1l a jednou byl t\u0159et\u00ed, Teleck\u00fd skon\u010dil jednou druh\u00fd a dvakr\u00e1t t\u0159et\u00ed. Zbyl\u00e9 etapy se staly ko\u0159ist\u00ed Litevce Frank Ragila a \u017daka Er\u017eena ze Slovinska. Do prvn\u00ed des\u00edtky v celkov\u00e9m po\u0159ad\u00ed se dostali i dal\u0161\u00ed na\u0161i jezdci &#8211; \u0161est\u00fd byl Milan Kadlec z Dukly Praha, sedm\u00fd Pavel Nov\u00e1k (SCM Prost\u011bjov) a dev\u00e1t\u00fd Daniel Mr\u00e1z (Mapei Merida Ka\u0148kovsk\u00fd).<\/p>\n\n\n\n<p>Kone\u010dn\u00e9 po\u0159ad\u00ed:<\/p>\n\n\n\n<p>1. Seeman (Louny mix) 4:55:15, 2. Teleck\u00fd (TJ Favorit Brno) +27, 3. Huising (Niz.) +1:14, 4. Storm (D\u00e1n.) +1:27, 5. Ragilo (Lit) +1:56, 6. Kadec (Dukla Praha) +2:03, 7. Nov\u00e1k (SCM Prost\u011bjov) +2:36, &#8230;9. Mr\u00e1z (Mapei Merida Ka\u0148kovsk\u00fd) +2:58.<\/p>\n\n\n\n<p>FOTO Cykloklub Jev\u00ed\u010dko<\/p>\n\n\n\n<figure class=\"wp-block-image size-large\"><img loading=\"lazy\" decoding=\"async\" width=\"1000\" height=\"667\" src=\"https:\/\/www.czechcyclingfederation.com\/wp-content\/uploads\/2020\/09\/DSC_0214.jpg\" alt=\"\" class=\"wp-image-2211\" srcset=\"https:\/\/www.czechcyclingfederation.com\/wp-content\/uploads\/2020\/09\/DSC_0214.jpg 1000w, https:\/\/www.czechcyclingfederation.com\/wp-content\/uploads\/2020\/09\/DSC_0214-300x200.jpg 300w, https:\/\/www.czechcyclingfederation.com\/wp-content\/uploads\/2020\/09\/DSC_0214-768x512.jpg 768w\" sizes=\"auto, (max-width: 1000px) 100vw, 1000px\" \/><\/figure>\n\n\n\n<figure class=\"wp-block-image size-large\"><img loading=\"lazy\" decoding=\"async\" width=\"1000\" height=\"667\" src=\"https:\/\/www.czechcyclingfederation.com\/wp-content\/uploads\/2020\/09\/DSC_0203.jpg\" alt=\"\" class=\"wp-image-2212\" srcset=\"https:\/\/www.czechcyclingfederation.com\/wp-content\/uploads\/2020\/09\/DSC_0203.jpg 1000w, https:\/\/www.czechcyclingfederation.com\/wp-content\/uploads\/2020\/09\/DSC_0203-300x200.jpg 300w, https:\/\/www.czechcyclingfederation.com\/wp-content\/uploads\/2020\/09\/DSC_0203-768x512.jpg 768w\" sizes=\"auto, (max-width: 1000px) 100vw, 1000px\" \/><\/figure>\n\n\n\n<figure class=\"wp-block-image size-large\"><img loading=\"lazy\" decoding=\"async\" width=\"1000\" height=\"667\" src=\"http:\/\/www.czechcyclingfederation.com\/wp-content\/uploads\/2020\/09\/DSC_0236.jpg\" alt=\"\" class=\"wp-image-2210\" srcset=\"https:\/\/www.czechcyclingfederation.com\/wp-content\/uploads\/2020\/09\/DSC_0236.jpg 1000w, https:\/\/www.czechcyclingfederation.com\/wp-content\/uploads\/2020\/09\/DSC_0236-300x200.jpg 300w, https:\/\/www.czechcyclingfederation.com\/wp-content\/uploads\/2020\/09\/DSC_0236-768x512.jpg 768w\" sizes=\"auto, (max-width: 1000px) 100vw, 1000px\" \/><\/figure>\n","protected":false},"excerpt":{"rendered":"<p>Mlad\u00ed \u010de\u0161t\u00ed jezdci ovl\u00e1dli leto\u0161n\u00ed 44. ro\u010dn\u00edk Z\u00e1vodu m\u00edru nejmlad\u0161\u00edch v&nbsp;Jev\u00ed\u010dku, kter\u00fd je ur\u010den pro kategorii kadet\u016f a je\u017e se jako Memori\u00e1l Zde\u0148ka Sendlera. Celkov\u00fdm v\u00edt\u011bzem se stal jezdec celku TJ Stadion Louny Adam Seeman startuj\u00edc\u00ed v t\u00fdmu Louny mix. Po p\u011bti etap\u00e1ch vyhr\u00e1l o 27 vte\u0159in p\u0159ed \u0160t\u011bp\u00e1nem Teleck\u00fdm, t\u0159et\u00ed skon\u010dil se ztr\u00e1tou 1:14 [&hellip;]<\/p>\n","protected":false},"author":8,"featured_media":2210,"comment_status":"closed","ping_status":"open","sticky":false,"template":"","format":"standard","meta":{"footnotes":""},"categories":[2,18],"tags":[11],"class_list":["post-2209","post","type-post","status-publish","format-standard","has-post-thumbnail","hentry","category-novinky","category-silnice","tag-silnice"],"_links":{"self":[{"href":"https:\/\/www.czechcyclingfederation.com\/en\/wp-json\/wp\/v2\/posts\/2209","targetHints":{"allow":["GET"]}}],"collection":[{"href":"https:\/\/www.czechcyclingfederation.com\/en\/wp-json\/wp\/v2\/posts"}],"about":[{"href":"https:\/\/www.czechcyclingfederation.com\/en\/wp-json\/wp\/v2\/types\/post"}],"author":[{"embeddable":true,"href":"https:\/\/www.czechcyclingfederation.com\/en\/wp-json\/wp\/v2\/users\/8"}],"replies":[{"embeddable":true,"href":"https:\/\/www.czechcyclingfederation.com\/en\/wp-json\/wp\/v2\/comments?post=2209"}],"version-history":[{"count":1,"href":"https:\/\/www.czechcyclingfederation.com\/en\/wp-json\/wp\/v2\/posts\/2209\/revisions"}],"predecessor-version":[{"id":2213,"href":"https:\/\/www.czechcyclingfederation.com\/en\/wp-json\/wp\/v2\/posts\/2209\/revisions\/2213"}],"wp:featuredmedia":[{"embeddable":true,"href":"https:\/\/www.czechcyclingfederation.com\/en\/wp-json\/wp\/v2\/media\/2210"}],"wp:attachment":[{"href":"https:\/\/www.czechcyclingfederation.com\/en\/wp-json\/wp\/v2\/media?parent=2209"}],"wp:term":[{"taxonomy":"category","embeddable":true,"href":"https:\/\/www.czechcyclingfederation.com\/en\/wp-json\/wp\/v2\/categories?post=2209"},{"taxonomy":"post_tag","embeddable":true,"href":"https:\/\/www.czechcyclingfederation.com\/en\/wp-json\/wp\/v2\/tags?post=2209"}],"curies":[{"name":"wp","href":"https:\/\/api.w.org\/{rel}","templated":true}]}}